{"id":1004,"date":"2021-10-19T08:46:50","date_gmt":"2021-10-19T06:46:50","guid":{"rendered":"https:\/\/www.pedagogie.ac-nice.fr\/allemand\/?p=1004"},"modified":"2021-10-19T13:17:10","modified_gmt":"2021-10-19T11:17:10","slug":"formations-franco-allemandes-2021-2022","status":"publish","type":"post","link":"https:\/\/www.pedagogie.ac-nice.fr\/allemand\/formations-franco-allemandes-2021-2022\/","title":{"rendered":"Formations franco-allemandes 2021-2022"},"content":{"rendered":"<p><img loading=\"lazy\" decoding=\"async\" class=\"size-medium wp-image-309 aligncenter\" src=\"https:\/\/www.pedagogie.ac-nice.fr\/allemand\/wp-content\/uploads\/sites\/42\/2014\/09\/OFAJ_DFJW_Logo_1000px_Web-300x194.jpg\" alt=\"\" width=\"300\" height=\"194\"><\/p>\n<p><!--more--><\/p>\n<p style=\"font-weight: 400;\"><strong>Formations<\/strong><\/p>\n<table style=\"font-weight: 400;\" width=\"96%\">\n<tbody>\n<tr>\n<td width=\"33%\">24 au 28 octobre 2021, Berlin<\/td>\n<td width=\"66%\"><a href=\"https:\/\/www.ofaj.org\/media\/formation-tuteurs2021.pdf\">Formation pour tuteurs\/trices des programmes Voltaire et Brigitte-Sauzay<\/a><\/td>\n<\/tr>\n<tr>\n<td width=\"33%\">12 janvier au 06 avril 2022, format hybride<\/td>\n<td width=\"66%\"><a href=\"https:\/\/www.tele-tandem.net\/formations\/\">Module de base Tele-Tandem<\/a><\/td>\n<\/tr>\n<\/tbody>\n<\/table>\n<p style=\"font-weight: 400;\">Ces formations sont propos\u00e9es sous r\u00e9serve des conditions sanitaires n\u00e9cessaires.<\/p>\n<p style=\"font-weight: 400;\">Plus d\u2019informations et inscriptions : <a href=\"https:\/\/www.ofaj.org\/programmes-formations\/formations-pour-enseignants.html\">https:\/\/www.ofaj.org\/programmes-formations\/formations-pour-enseignants.html<\/a><\/p>\n<p style=\"font-weight: 400;\"><strong>Formations en ligne<\/strong><\/p>\n<p style=\"font-weight: 400;\"><u>L&rsquo;histoire et la m\u00e9moire dans les \u00e9changes \u2013 formation en ligne<\/u><\/p>\n<p style=\"font-weight: 400;\">L\u2019OFAJ propose \u00e0 nouveau une formation binationale \u00e0 distance les 8,9 et 15,16 novembre 2021 de 18 \u00e0 20h. Cette formation est destin\u00e9e aux enseignantes et enseignants qui d\u00e9sirent traiter ou mettre les questions historiques au c\u0153ur de l&rsquo;\u00e9change franco-allemand.<\/p>\n<p style=\"font-weight: 400;\">Plus d\u2019information et inscription&nbsp;:&nbsp;<a href=\"https:\/\/www.ofaj.org\/programmes-formations\/formation-histoire-et-memoire-dans-les-rencontres-internationales-de-jeunes.html\">https:\/\/www.ofaj.org\/programmes-formations\/formation-histoire-et-memoire-dans-les-rencontres-internationales-de-jeunes.html<\/a><\/p>\n<p style=\"font-weight: 400;\">&nbsp;<\/p>\n<p style=\"font-weight: 400;\"><u>Le projet franco-allemand sur le th\u00e8me des \u00ab&nbsp;Fake news&nbsp;\u00bb &#8211; appel \u00e0 candidature OFAJ \/ Educ\u2019ARTE<\/u><\/p>\n<p style=\"font-weight: 400;\">l\u2019OFAJ et Educ\u2019ARTE proposent d\u2019accompagner<strong>&nbsp;<\/strong>dix tandems franco-allemands (10 classes fran\u00e7aises et 10 allemandes) dans la mise en place et dans la r\u00e9alisation concr\u00e8te d&rsquo;un projet sur le th\u00e8me des \u00ab&nbsp;fake news&nbsp;\u00bb au cours de l\u2019ann\u00e9e scolaire 2021\/2022. L\u2019appel \u00e0 candidature a \u00e9t\u00e9 prolong\u00e9 jusqu\u2019au&nbsp;<u>8 novembre 2021<\/u>&nbsp;! Plus d\u2019informations et candidature&nbsp;<a href=\"https:\/\/60ia6.r.a.d.sendibm1.com\/mk\/mr\/8AaUI85iOV_-lmX48hGJLmp1GcvsMxmRk0EAMuXei2u41OhJk0SOBtRl_Yogn3wfo6hVPI9D3g6D5KPlTbIN9pTxrj8-0gc0-SV-m2mrMM6OJ9HA\">ici<\/a>.<\/p>\n<p style=\"font-weight: 400;\">&nbsp;<\/p>\n<p style=\"font-weight: 400;\"><u>Le programme \u00c9lys\u00e9e Prim \u2013 webinaire d\u2019information et candidatures<\/u><\/p>\n<p style=\"font-weight: 400;\">Ce programme (ancien \u00e9change franco-allemand des enseignants du 1<sup>er<\/sup>&nbsp;degr\u00e9) permet aux professeurs des \u00e9coles titulaires de partir en Allemagne pendant un an. Les personnes int\u00e9ress\u00e9es peuvent participer au webinaire d\u2019information le 16 novembre 2021 \u00e0 17h et postuler avant le 10 janvier 2022 pour participer au programme. Plus d\u2019informations et inscription au webinaire&nbsp;:&nbsp;<a href=\"https:\/\/www.ofaj.org\/programmes-formations\/programme-elysee-prim.html\">https:\/\/www.ofaj.org\/programmes-formations\/programme-elysee-prim.html<\/a>&nbsp;Lien vers le B.O.:&nbsp;<a href=\"https:\/\/www.education.gouv.fr\/bo\/21\/Hebdo29\/MENC2116813N.htm\">https:\/\/www.education.gouv.fr\/bo\/21\/Hebdo29\/MENC2116813N.htm<\/a><\/p>\n<p style=\"font-weight: 400;\">&nbsp;<\/p>\n<p style=\"font-weight: 400;\"><u>Module de base Tele-Tandem \u2013 formation hybride<\/u><\/p>\n<p style=\"font-weight: 400;\">Pour celles et ceux qui veulent faire leurs premiers pas sur Tele-Tandem, cette formation est l\u2019\u00e9tape pr\u00e9liminaire pour bien d\u00e9marrer ! Cette formation suit une approche inductive et progressive. Du 12 janvier au 6 avril 2022 avec une r\u00e9union en pr\u00e9sentiel de trois jours. Plus d\u2019informations&nbsp;et inscription :&nbsp;<a href=\"https:\/\/www.tele-tandem.net\/formations\/\">https:\/\/www.tele-tandem.net\/formations\/<\/a><\/p>\n<p style=\"font-weight: 400;\">&nbsp;<\/p>\n","protected":false},"excerpt":{"rendered":"","protected":false},"author":252,"featured_media":0,"comment_status":"closed","ping_status":"closed","sticky":false,"template":"","format":"standard","meta":{"ngg_post_thumbnail":0,"footnotes":""},"categories":[41,60,15],"tags":[],"class_list":["post-1004","post","type-post","status-publish","format-standard","hentry","category-actualites","category-diaporama","category-programmes-ofaj","item-wrap"],"rttpg_featured_image_url":null,"rttpg_author":{"display_name":"joelleduponthennig","author_link":"https:\/\/www.pedagogie.ac-nice.fr\/allemand\/author\/joelleduponthennig\/"},"rttpg_comment":0,"rttpg_category":"<a href=\"https:\/\/www.pedagogie.ac-nice.fr\/allemand\/category\/actualites\/\" rel=\"category tag\">Actualit\u00e9s<\/a> <a href=\"https:\/\/www.pedagogie.ac-nice.fr\/allemand\/category\/diaporama\/\" rel=\"category tag\">diaporama<\/a> <a href=\"https:\/\/www.pedagogie.ac-nice.fr\/allemand\/category\/programmedechanges\/programmes-ofaj\/\" rel=\"category tag\">Programmes OFAJ<\/a>","rttpg_excerpt":null,"post_mailing_queue_ids":[],"_links":{"self":[{"href":"https:\/\/www.pedagogie.ac-nice.fr\/allemand\/wp-json\/wp\/v2\/posts\/1004","targetHints":{"allow":["GET"]}}],"collection":[{"href":"https:\/\/www.pedagogie.ac-nice.fr\/allemand\/wp-json\/wp\/v2\/posts"}],"about":[{"href":"https:\/\/www.pedagogie.ac-nice.fr\/allemand\/wp-json\/wp\/v2\/types\/post"}],"author":[{"embeddable":true,"href":"https:\/\/www.pedagogie.ac-nice.fr\/allemand\/wp-json\/wp\/v2\/users\/252"}],"replies":[{"embeddable":true,"href":"https:\/\/www.pedagogie.ac-nice.fr\/allemand\/wp-json\/wp\/v2\/comments?post=1004"}],"version-history":[{"count":3,"href":"https:\/\/www.pedagogie.ac-nice.fr\/allemand\/wp-json\/wp\/v2\/posts\/1004\/revisions"}],"predecessor-version":[{"id":1107,"href":"https:\/\/www.pedagogie.ac-nice.fr\/allemand\/wp-json\/wp\/v2\/posts\/1004\/revisions\/1107"}],"wp:attachment":[{"href":"https:\/\/www.pedagogie.ac-nice.fr\/allemand\/wp-json\/wp\/v2\/media?parent=1004"}],"wp:term":[{"taxonomy":"category","embeddable":true,"href":"https:\/\/www.pedagogie.ac-nice.fr\/allemand\/wp-json\/wp\/v2\/categories?post=1004"},{"taxonomy":"post_tag","embeddable":true,"href":"https:\/\/www.pedagogie.ac-nice.fr\/allemand\/wp-json\/wp\/v2\/tags?post=1004"}],"curies":[{"name":"wp","href":"https:\/\/api.w.org\/{rel}","templated":true}]}}