{"id":1020,"date":"2024-09-20T23:58:55","date_gmt":"2024-09-20T21:58:55","guid":{"rendered":"https:\/\/www.pedagogie.ac-nice.fr\/allemand\/?p=1020"},"modified":"2024-09-25T17:37:34","modified_gmt":"2024-09-25T15:37:34","slug":"le-kit-de-la-journee-europeenne-des-langues-du-26-septembre","status":"publish","type":"post","link":"https:\/\/www.pedagogie.ac-nice.fr\/allemand\/le-kit-de-la-journee-europeenne-des-langues-du-26-septembre\/","title":{"rendered":"Le kit de la journ\u00e9e europ\u00e9enne des langues du 26 septembre"},"content":{"rendered":"<p>&nbsp;<\/p>\n<div id=\"attachment_1748\" style=\"width: 300px\" class=\"wp-caption alignleft\"><img loading=\"lazy\" decoding=\"async\" aria-describedby=\"caption-attachment-1748\" class=\"size-medium wp-image-1748\" src=\"https:\/\/www.pedagogie.ac-nice.fr\/allemand\/wp-content\/uploads\/sites\/42\/2024\/09\/journee_europenne_des_langues_grande_taille_436x309_1000px-300x213.jpg\" alt=\"\" width=\"300\" height=\"213\" srcset=\"https:\/\/www.pedagogie.ac-nice.fr\/allemand\/wp-content\/uploads\/sites\/42\/2024\/09\/journee_europenne_des_langues_grande_taille_436x309_1000px-300x213.jpg 300w, https:\/\/www.pedagogie.ac-nice.fr\/allemand\/wp-content\/uploads\/sites\/42\/2024\/09\/journee_europenne_des_langues_grande_taille_436x309_1000px.jpg 436w\" sizes=\"auto, (max-width: 300px) 100vw, 300px\" \/><p id=\"caption-attachment-1748\" class=\"wp-caption-text\">xr:d:DAEqSTnnHAE:599,j:36013540055,t:22092210<\/p><\/div>\n<p><a href=\"https:\/\/view.genial.ly\/60b397fa85ebfa0d3a8f44c1\" target=\"_blank\" rel=\"noopener\"><img loading=\"lazy\" decoding=\"async\" class=\" wp-image-1021 aligncenter\" src=\"https:\/\/www.pedagogie.ac-nice.fr\/allemand\/wp-content\/uploads\/sites\/42\/2021\/09\/GNDKit-300x172.jpg\" alt=\"\" width=\"389\" height=\"227\"><\/a><\/p>\n<p><!--more--><\/p>\n<p>Le 26 septembre marquera un premier temps fort pour c\u00e9l\u00e9brer l&rsquo;Europe avec vos \u00e9l\u00e8ves lors de la Journ\u00e9e Europ\u00e9enne des Langues. Un kit a \u00e9t\u00e9 con\u00e7u par le GND -interlangues afin de faciliter la mise en place d&rsquo;actions festives en donnant quelques pistes possibles:<\/p>\n<p><img loading=\"lazy\" decoding=\"async\" class=\"alignnone wp-image-1021\" src=\"https:\/\/www.pedagogie.ac-nice.fr\/allemand\/wp-content\/uploads\/sites\/42\/2021\/09\/GNDKit-300x172.jpg\" alt=\"\" width=\"622\" height=\"367\"><\/p>\n<p>Trouvez d&rsquo;autres informations sur <a href=\"https:\/\/eduscol.education.fr\/3325\/la-journee-europeenne-des-langues-26-septembre#:~:text=Le%2026%20septembre%202023,%20%C3%A0%20l%E2%80%99occasion%20de%20la%2022%20e\">eduscol<\/a><\/p>\n","protected":false},"excerpt":{"rendered":"<p>&nbsp;<\/p><p><a class=\"more-link btn\" href=\"https:\/\/www.pedagogie.ac-nice.fr\/allemand\/le-kit-de-la-journee-europeenne-des-langues-du-26-septembre\/\">Lire la suite<\/a><\/p>\n","protected":false},"author":252,"featured_media":0,"comment_status":"closed","ping_status":"closed","sticky":false,"template":"","format":"standard","meta":{"ngg_post_thumbnail":0,"footnotes":""},"categories":[41,60],"tags":[],"class_list":["post-1020","post","type-post","status-publish","format-standard","hentry","category-actualites","category-diaporama","item-wrap"],"rttpg_featured_image_url":null,"rttpg_author":{"display_name":"joelleduponthennig","author_link":"https:\/\/www.pedagogie.ac-nice.fr\/allemand\/author\/joelleduponthennig\/"},"rttpg_comment":0,"rttpg_category":"<a href=\"https:\/\/www.pedagogie.ac-nice.fr\/allemand\/category\/actualites\/\" rel=\"category tag\">Actualit\u00e9s<\/a> <a href=\"https:\/\/www.pedagogie.ac-nice.fr\/allemand\/category\/diaporama\/\" rel=\"category tag\">diaporama<\/a>","rttpg_excerpt":"&nbsp;","post_mailing_queue_ids":[],"_links":{"self":[{"href":"https:\/\/www.pedagogie.ac-nice.fr\/allemand\/wp-json\/wp\/v2\/posts\/1020","targetHints":{"allow":["GET"]}}],"collection":[{"href":"https:\/\/www.pedagogie.ac-nice.fr\/allemand\/wp-json\/wp\/v2\/posts"}],"about":[{"href":"https:\/\/www.pedagogie.ac-nice.fr\/allemand\/wp-json\/wp\/v2\/types\/post"}],"author":[{"embeddable":true,"href":"https:\/\/www.pedagogie.ac-nice.fr\/allemand\/wp-json\/wp\/v2\/users\/252"}],"replies":[{"embeddable":true,"href":"https:\/\/www.pedagogie.ac-nice.fr\/allemand\/wp-json\/wp\/v2\/comments?post=1020"}],"version-history":[{"count":4,"href":"https:\/\/www.pedagogie.ac-nice.fr\/allemand\/wp-json\/wp\/v2\/posts\/1020\/revisions"}],"predecessor-version":[{"id":1749,"href":"https:\/\/www.pedagogie.ac-nice.fr\/allemand\/wp-json\/wp\/v2\/posts\/1020\/revisions\/1749"}],"wp:attachment":[{"href":"https:\/\/www.pedagogie.ac-nice.fr\/allemand\/wp-json\/wp\/v2\/media?parent=1020"}],"wp:term":[{"taxonomy":"category","embeddable":true,"href":"https:\/\/www.pedagogie.ac-nice.fr\/allemand\/wp-json\/wp\/v2\/categories?post=1020"},{"taxonomy":"post_tag","embeddable":true,"href":"https:\/\/www.pedagogie.ac-nice.fr\/allemand\/wp-json\/wp\/v2\/tags?post=1020"}],"curies":[{"name":"wp","href":"https:\/\/api.w.org\/{rel}","templated":true}]}}