{"id":1023,"date":"2021-09-07T15:04:48","date_gmt":"2021-09-07T13:04:48","guid":{"rendered":"https:\/\/www.pedagogie.ac-nice.fr\/allemand\/?p=1023"},"modified":"2021-09-21T17:11:02","modified_gmt":"2021-09-21T15:11:02","slug":"baccalaureat-evaluations-ponctuelles-de-langues-vivantes-a-et-b-a-compter-de-la-session-2022","status":"publish","type":"post","link":"https:\/\/www.pedagogie.ac-nice.fr\/allemand\/baccalaureat-evaluations-ponctuelles-de-langues-vivantes-a-et-b-a-compter-de-la-session-2022\/","title":{"rendered":"Baccalaur\u00e9at: \u00c9valuations ponctuelles de langues vivantes A et B \u00e0 compter de la session 2022"},"content":{"rendered":"<p><img loading=\"lazy\" decoding=\"async\" class=\"size-medium wp-image-1024 aligncenter\" src=\"https:\/\/www.pedagogie.ac-nice.fr\/allemand\/wp-content\/uploads\/sites\/42\/2021\/09\/E-mP9NiXEAE0sl2-300x169.jpg\" alt=\"\" width=\"300\" height=\"169\" srcset=\"https:\/\/www.pedagogie.ac-nice.fr\/allemand\/wp-content\/uploads\/sites\/42\/2021\/09\/E-mP9NiXEAE0sl2-300x169.jpg 300w, https:\/\/www.pedagogie.ac-nice.fr\/allemand\/wp-content\/uploads\/sites\/42\/2021\/09\/E-mP9NiXEAE0sl2-768x432.jpg 768w, https:\/\/www.pedagogie.ac-nice.fr\/allemand\/wp-content\/uploads\/sites\/42\/2021\/09\/E-mP9NiXEAE0sl2-500x281.jpg 500w, https:\/\/www.pedagogie.ac-nice.fr\/allemand\/wp-content\/uploads\/sites\/42\/2021\/09\/E-mP9NiXEAE0sl2.jpg 900w\" sizes=\"auto, (max-width: 300px) 100vw, 300px\" \/><\/p>\n<p><!--more--><\/p>\n<div class=\"embed-container\">\n<blockquote class=\"twitter-tweet\" data-width=\"550\" data-dnt=\"true\">\n<p lang=\"fr\" dir=\"ltr\">\ud83d\udccc Les modalit\u00e9s des \u00e9valuations ponctuelles pr\u00e9vues en langues vivantes A et B au titre du contr\u00f4le continu, \u00e0 compter de la session 2022 du baccalaur\u00e9at, sont parues au <a href=\"https:\/\/twitter.com\/hashtag\/BO?src=hash&amp;ref_src=twsrc%5Etfw\">#BO<\/a> <br \/>\u27a1\ufe0f <a href=\"https:\/\/t.co\/YsE0zaJC0B\">https:\/\/t.co\/YsE0zaJC0B<\/a> <a href=\"https:\/\/t.co\/0BW8pIXsZr\">pic.twitter.com\/0BW8pIXsZr<\/a><\/p>\n<p>&mdash; \u00e9duscol LV (@eduscol_LV) <a href=\"https:\/\/twitter.com\/eduscol_LV\/status\/1435226347102556162?ref_src=twsrc%5Etfw\">September 7, 2021<\/a><\/p><\/blockquote>\n<p><script async src=\"https:\/\/platform.twitter.com\/widgets.js\" charset=\"utf-8\"><\/script><\/div>\n","protected":false},"excerpt":{"rendered":"","protected":false},"author":252,"featured_media":0,"comment_status":"closed","ping_status":"closed","sticky":false,"template":"","format":"standard","meta":{"ngg_post_thumbnail":0,"footnotes":""},"categories":[41,60,61],"tags":[],"class_list":["post-1023","post","type-post","status-publish","format-standard","hentry","category-actualites","category-diaporama","category-slideshow","nodate","item-wrap"],"rttpg_featured_image_url":null,"rttpg_author":{"display_name":"joelleduponthennig","author_link":"https:\/\/www.pedagogie.ac-nice.fr\/allemand\/author\/joelleduponthennig\/"},"rttpg_comment":0,"rttpg_category":"<a href=\"https:\/\/www.pedagogie.ac-nice.fr\/allemand\/category\/actualites\/\" rel=\"category tag\">Actualit\u00e9s<\/a> <a href=\"https:\/\/www.pedagogie.ac-nice.fr\/allemand\/category\/diaporama\/\" rel=\"category tag\">diaporama<\/a> <a href=\"https:\/\/www.pedagogie.ac-nice.fr\/allemand\/category\/slideshow\/\" rel=\"category tag\">slideshow<\/a>","rttpg_excerpt":null,"post_mailing_queue_ids":[],"_links":{"self":[{"href":"https:\/\/www.pedagogie.ac-nice.fr\/allemand\/wp-json\/wp\/v2\/posts\/1023","targetHints":{"allow":["GET"]}}],"collection":[{"href":"https:\/\/www.pedagogie.ac-nice.fr\/allemand\/wp-json\/wp\/v2\/posts"}],"about":[{"href":"https:\/\/www.pedagogie.ac-nice.fr\/allemand\/wp-json\/wp\/v2\/types\/post"}],"author":[{"embeddable":true,"href":"https:\/\/www.pedagogie.ac-nice.fr\/allemand\/wp-json\/wp\/v2\/users\/252"}],"replies":[{"embeddable":true,"href":"https:\/\/www.pedagogie.ac-nice.fr\/allemand\/wp-json\/wp\/v2\/comments?post=1023"}],"version-history":[{"count":1,"href":"https:\/\/www.pedagogie.ac-nice.fr\/allemand\/wp-json\/wp\/v2\/posts\/1023\/revisions"}],"predecessor-version":[{"id":1025,"href":"https:\/\/www.pedagogie.ac-nice.fr\/allemand\/wp-json\/wp\/v2\/posts\/1023\/revisions\/1025"}],"wp:attachment":[{"href":"https:\/\/www.pedagogie.ac-nice.fr\/allemand\/wp-json\/wp\/v2\/media?parent=1023"}],"wp:term":[{"taxonomy":"category","embeddable":true,"href":"https:\/\/www.pedagogie.ac-nice.fr\/allemand\/wp-json\/wp\/v2\/categories?post=1023"},{"taxonomy":"post_tag","embeddable":true,"href":"https:\/\/www.pedagogie.ac-nice.fr\/allemand\/wp-json\/wp\/v2\/tags?post=1023"}],"curies":[{"name":"wp","href":"https:\/\/api.w.org\/{rel}","templated":true}]}}