{"id":1102,"date":"2021-10-10T12:31:24","date_gmt":"2021-10-10T10:31:24","guid":{"rendered":"https:\/\/www.pedagogie.ac-nice.fr\/allemand\/?p=1102"},"modified":"2021-10-10T12:31:24","modified_gmt":"2021-10-10T10:31:24","slug":"appel-a-projet-ofaj-der-planet-in-deinen-handen","status":"publish","type":"post","link":"https:\/\/www.pedagogie.ac-nice.fr\/allemand\/appel-a-projet-ofaj-der-planet-in-deinen-handen\/","title":{"rendered":"Appel \u00e0 projet OFAJ: \u00ab\u00a0der Planet in deinen H\u00e4nden!\u00a0\u00bb"},"content":{"rendered":"<p><img loading=\"lazy\" decoding=\"async\" class=\"size-medium wp-image-1103 aligncenter\" src=\"https:\/\/www.pedagogie.ac-nice.fr\/allemand\/wp-content\/uploads\/sites\/42\/2021\/10\/c0821237493-cr1237568-q75-165bd1-300x138.png\" alt=\"\" width=\"300\" height=\"138\" srcset=\"https:\/\/www.pedagogie.ac-nice.fr\/allemand\/wp-content\/uploads\/sites\/42\/2021\/10\/c0821237493-cr1237568-q75-165bd1-300x138.png 300w, https:\/\/www.pedagogie.ac-nice.fr\/allemand\/wp-content\/uploads\/sites\/42\/2021\/10\/c0821237493-cr1237568-q75-165bd1-1024x470.png 1024w, https:\/\/www.pedagogie.ac-nice.fr\/allemand\/wp-content\/uploads\/sites\/42\/2021\/10\/c0821237493-cr1237568-q75-165bd1-768x353.png 768w, https:\/\/www.pedagogie.ac-nice.fr\/allemand\/wp-content\/uploads\/sites\/42\/2021\/10\/c0821237493-cr1237568-q75-165bd1-555x255.png 555w, https:\/\/www.pedagogie.ac-nice.fr\/allemand\/wp-content\/uploads\/sites\/42\/2021\/10\/c0821237493-cr1237568-q75-165bd1.png 1237w\" sizes=\"auto, (max-width: 300px) 100vw, 300px\" \/><\/p>\n<p><!--more--><\/p>\n<div>\n<p>S&rsquo;il est un sujet qui anime les jeunes d&rsquo;aujourd&rsquo;hui, c&rsquo;est le r\u00e9chauffement climatique. Ils sont de plus en plus nombreux \u00e0 s&rsquo;engager pour la protection de l&rsquo;environnement et \u00e0 se mobiliser pour le d\u00e9veloppement durable. Les derni\u00e8res catastrophes d\u00fb aux intemp\u00e9ries que nous avons d\u00fb observer en Allemagne, en France et en Europe, soulignent l\u2019importance de l\u2019engagement et de la volont\u00e9 des jeunes d\u2019agir, chacune et chacun \u00e0 son niveau, pour sauver l\u2019humanit\u00e9 et la plan\u00e8te.<\/p>\n<p>D\u00e9termin\u00e9 \u00e0 soutenir les jeunes dans leur engagement, l&rsquo;Office franco-allemand pour la Jeunesse (OFAJ) r\u00e9\u00e9dite pour 2022 l\u2019appel \u00e0 projets \u00ab&nbsp;Prends ta plan\u00e8te en main&nbsp;!&nbsp;\u00bb, lanc\u00e9 en 2020. L\u2019OFAJ est convaincu que les actions \u00e9manant de la soci\u00e9t\u00e9 civile jouent un r\u00f4le crucial dans la lutte contre le r\u00e9chauffement climatique. En outre, l&rsquo;investissement politique et soci\u00e9tal des jeunes g\u00e9n\u00e9rations permet de renforcer la coh\u00e9sion sociale et interg\u00e9n\u00e9rationnelle.<\/p>\n<p>Convaincu de l&rsquo;impact positif de la mobilit\u00e9 internationale sur l&rsquo;int\u00e9gration sociale et professionnelle des jeunes, l\u2019OFAJ souhaite s\u2019adresser davantage \u00e0 celles et ceux \u00e9loign\u00e9s de la mobilit\u00e9 et les aider \u00e0 faire face aux d\u00e9fis du d\u00e9veloppement durable, du changement climatique et de l&rsquo;avenir de la plan\u00e8te. L\u2019OFAJ accordera en cons\u00e9quence dans le cadre de cet appel \u00e0 projets une attention particuli\u00e8re \u00e0 la diversit\u00e9 du public cible.&nbsp;<\/p>\n<p>Dans le cadre de cet appel \u00e0 projets, 20 contributions pourront \u00eatre s\u00e9lectionn\u00e9es en 2022 par un jury franco-allemand. L&rsquo;OFAJ leur accordera une subvention forfaitaire. Dans un souci de coh\u00e9rence avec la durabilit\u00e9 et la lutte contre le r\u00e9chauffement climatique, l&rsquo;OFAJ a mis tout en \u0153uvre pour traiter les demandes de mani\u00e8re num\u00e9rique.<\/p>\n<h2><strong>Porteurs de projets<\/strong><\/h2>\n<p>Les projets pourront \u00eatre d\u00e9pos\u00e9s:<\/p>\n<ul>\n<li>Collectivement par des institutions, des associations de jeunes, des organisations et associations de l&rsquo;\u00e9ducation de la jeunesse ainsi que des adultes du monde de la culture, du sport, de l&rsquo;\u00e9conomie, des m\u00e9dias, des \u00e9tablissements scolaires et de l&rsquo;enseignement sup\u00e9rieur et de la formation, des comit\u00e9s de jumelage ou des collectivit\u00e9s territoriales&nbsp;;<\/li>\n<li>Individuellement par des jeunes \u00e0 partir de 18 ans.<\/li>\n<\/ul>\n<h2><strong>Objet de l&rsquo;appel \u00e0 projets et conditions de financement<\/strong><\/h2>\n<ul>\n<li>Peuvent participer des enfants, des adolescents, des jeunes adultes ou des multiplicatrices et multiplicateurs souhaitant se consacrer activement et de mani\u00e8re constructive aux th\u00e8mes du r\u00e9chauffement climatique et\/ou du d\u00e9veloppement durable.<\/li>\n<li>Les formats et les contenus des projets sont libres. Il peut par exemple s&rsquo;agir de conf\u00e9rences, de s\u00e9minaires, d&rsquo;activit\u00e9s culturelles, de formats hybrides ou virtuels ou d&rsquo;un \u00e9change de jeunes. Les projets doivent pr\u00e9senter des actions innovantes pour prot\u00e9ger l&rsquo;environnement au niveau local, r\u00e9gional ou europ\u00e9en.<\/li>\n<li>Avec cet appel, l&rsquo;OFAJ souhaite promouvoir des projets franco-allemands, trinationaux et multilat\u00e9raux (si li\u00e9s sur le plan g\u00e9ographique). Ces projets doivent \u00eatre mis en \u0153uvre de mani\u00e8re cr\u00e9ative et tendre \u00e0 toucher un public aussi large que possible. Cela vaut particuli\u00e8rement pour les enfants, adolescentes et adolescents et jeunes adultes encore non familiaris\u00e9s \u00e0 la question de la lutte contre le r\u00e9chauffement climatique.<\/li>\n<\/ul>\n<div>\n<p><strong>Remarque&nbsp;:<\/strong>&nbsp;Aucun financement ne sera envisag\u00e9 pour un projet en cours. Les activit\u00e9s li\u00e9es \u00e0 d\u2019autres programmes doivent \u00eatre clairement d\u00e9finies.<\/p>\n<\/div>\n<h2><strong>Crit\u00e8res de s\u00e9lection<\/strong><\/h2>\n<p>Les projets seront s\u00e9lectionn\u00e9s sur la base des crit\u00e8res suivants&nbsp;: &nbsp;<\/p>\n<ul>\n<li><strong>TH\u00c8ME&nbsp;:<\/strong>&nbsp;Le contenu des projets devra porter sur le r\u00e9chauffement climatique, le d\u00e9veloppement durable et les jeunes.<\/li>\n<li><strong>GROUPE CIBLE&nbsp;:<\/strong>&nbsp;Le projet devra s\u2019adresser davantage \u00e0 des participantes et participants n\u2019ayant pas encore eu d\u2019exp\u00e9rience de mobilit\u00e9 et qui sont peu familiaris\u00e9s avec le th\u00e8me de l\u2019environnement.<\/li>\n<li><strong>RESPECT DE L&rsquo;ENVIRONNEMENT&nbsp;:<\/strong>&nbsp;La pr\u00e9paration et la r\u00e9alisation du projet devront \u00eatre aussi respectueuses du climat que possible et s&rsquo;int\u00e9grer dans le projet. L&rsquo;aspect \u00ab&nbsp;lutte contre le r\u00e9chauffement climatique&nbsp;\u00bb devra par exemple \u00eatre pris en compte lors du choix des options de transport, d&rsquo;h\u00e9bergement ou de repas. Dans la mesure du possible, il faudra \u00e9viter l&rsquo;utilisation de mat\u00e9riaux jetables et sources d&rsquo;\u00e9nergie fossile.<br \/>\nLes surco\u00fbts (par ex. voyage en train plus cher qu&rsquo;en avion) devront \u00eatre pr\u00e9cis\u00e9s dans le plan de financement afin que la subvention puisse \u00eatre ajust\u00e9e en cons\u00e9quence.<\/li>\n<li><strong>CR\u00c9ATIVIT\u00c9 ET INNOVATION&nbsp;:<\/strong>&nbsp;Les projets devront proposer de nouvelles approches et m\u00e9thodes et encourager la cr\u00e9ativit\u00e9 des participantes et participants.<\/li>\n<li><strong>PARTICIPATION&nbsp;:<\/strong>&nbsp;Les jeunes devront \u00eatre activement impliqu\u00e9s dans la pr\u00e9paration et la r\u00e9alisation des projets.<\/li>\n<li><strong>IMPACT GRAND PUBLIC&nbsp;:<\/strong>&nbsp;Le projet devra produire un impact au-del\u00e0 du cercle des participantes et participants par la r\u00e9alisation d\u2019une vid\u00e9o, d\u2019une exposition ou d\u2019une repr\u00e9sentation publique par exemple.&nbsp;<\/li>\n<\/ul>\n<div>\n<p>Remarque&nbsp;: Lors des d\u00e9lib\u00e9rations, le jury respectera un \u00e9quilibre entre les divers formats et contenus des projets et entre les diff\u00e9rentes zones g\u00e9ographiques.<\/p>\n<\/div>\n<h2><strong>Relations publiques<\/strong><\/h2>\n<p>La demande de subvention devra apporter des \u00e9l\u00e9ments pr\u00e9cisant comment on souhaite communiquer sur le contenu du projet et valoriser le soutien apport\u00e9 par l\u2019OFAJ.<br \/>\nEn cas de r\u00e9ponse positive, les porteurs de projet devront rendre public leur projet (r\u00e9seaux sociaux, presse etc.). L\u2019OFAJ pourra apporter, le cas \u00e9ch\u00e9ant, son soutien dans la strat\u00e9gie de communication.<\/p>\n<h2><strong>Financement et r\u00e9alisation<\/strong><\/h2>\n<p>Le taux de subvention maximal de l\u2019OFAJ ne pourra pas d\u00e9passer 14&nbsp;000\u20ac par projet.<\/p>\n<p>Les projets sont financ\u00e9s sur une base forfaitaire. Le montant de la subvention est d\u00e9termin\u00e9 en fonction du plan de financement soumis et des fonds disponibles. Une subvention \u00e0 100&nbsp;% ne peut pas \u00eatre garantie.<\/p>\n<p>L\u2019OFAJ encourage vivement les porteurs de projets \u00e0 rechercher d\u2019autres financements (organisations, fondations, entreprises etc.) tant que la visibilit\u00e9 de l\u2019OFAJ est assur\u00e9e.<\/p>\n<p>La pr\u00e9paration tant conceptuelle que pratique, l\u2019ex\u00e9cution et l\u2019\u00e9valuation des projets rel\u00e8vent de la responsabilit\u00e9 des porteurs de projet. L\u2019OFAJ peut apporter son expertise le cas \u00e9ch\u00e9ant.<\/p>\n<h2><strong>Proc\u00e9dure de demande, dur\u00e9e du projet et d\u00e9lais<\/strong><\/h2>\n<p>Les candidatures sont \u00e0 soumettre avant le 1<sup>er<\/sup>&nbsp;d\u00e9cembre 2021. Les porteurs de projets seront inform\u00e9s de la s\u00e9lection du jury au plus tard le 15 janvier 2022. Le projet devra se d\u00e9rouler entre le 1<sup>er<\/sup>&nbsp;f\u00e9vrier et le 15 d\u00e9cembre 2022.<\/p>\n<p>Les candidatures doivent obligatoirement \u00eatre soumises en format num\u00e9rique via ce&nbsp;<a href=\"https:\/\/www.ofaj.org\/media\/formulaire-prends-ta-planete-en-main-2022-remplissable.pdf\" target=\"_blank\" rel=\"noopener\">formulaire en ligne<\/a>. Les candidatures par voie postale ne seront pas accept\u00e9es.<\/p>\n<p>Les projets seront s\u00e9lectionn\u00e9s par un jury franco-allemand.<\/p>\n<p>Tous les porteurs de projets, qui adressent habituellement leurs demandes \u00e0 une organisation centrale de l\u2019OFAJ, s\u2019engagent \u00e0 informer cette organisation centrale de l\u2019envoi de leur candidature.<\/p>\n<p>Dans le cas d&rsquo;un projet commun impliquant plusieurs partenaires, une seule demande regroupant les noms de tous les partenaires doit \u00eatre d\u00e9pos\u00e9e.<\/p>\n<p>Toute modification apport\u00e9e au projet devra \u00eatre communiqu\u00e9e \u00e0 l&rsquo;OFAJ.<\/p>\n<p>Si la proposition de projet n\u2019est pas s\u00e9lectionn\u00e9e, les participants peuvent demander une subvention en suivant la proc\u00e9dure standard de l&rsquo;OFAJ conform\u00e9ment aux Directives (<a href=\"https:\/\/www.ofaj.org\/resources\/flipbooks\/directives-richtlinien-2019\/index.html\">Directives 2019<\/a>).<\/p>\n<h2><strong>Evaluation et d\u00e9compte<\/strong><\/h2>\n<p>Les documents suivants devront \u00eatre transmis \u00e0 l\u2019OFAJ au plus tard deux mois apr\u00e8s la fin du projet&nbsp;:<\/p>\n<ul>\n<li>Formulaire de d\u00e9compte en original et sign\u00e9<\/li>\n<li>Listes des participantes et participants et de l&rsquo;\u00e9quipe d&rsquo;encadrement subventionn\u00e9s, d\u00fbment remplies et sign\u00e9es<\/li>\n<li>Liste des justificatifs d\u00fbment remplie et sign\u00e9e<\/li>\n<li>Rapport d\u00e9taill\u00e9 sur la r\u00e9alisation du projet qui portera particuli\u00e8rement sur les r\u00e9sultats obtenus, l&rsquo;\u00e9valuation et la qualit\u00e9 du projet<\/li>\n<li>Programme d\u00e9taill\u00e9 du projet<\/li>\n<li>Justificatifs relatifs \u00e0 la mention du soutien accord\u00e9 par l&rsquo;OFAJ et aux mesures de communication (presse, publications, lettre d&rsquo;information, etc.)<\/li>\n<\/ul>\n<p>Pour toute question concernant cet appel \u00e0 projets, merci de contacter&nbsp;:<\/p>\n<p>Anne Gainville<\/p>\n<p>T\u00e9l\u00e9phone&nbsp;: +33 1 40 78 18 30<\/p>\n<p>E-mail&nbsp;:&nbsp;<a href=\"mailto:gainville@ofaj.org\">gainville@ofaj.org<\/a><\/p>\n<\/div>\n<div class=\" table program-details\">\n<div class=\"entry row\">\n<div class=\"title columns medium-4\">Date limite d&rsquo;inscription<\/div>\n<div class=\"value columns medium-8\">1.12.2021<\/div>\n<\/div>\n<\/div>\n","protected":false},"excerpt":{"rendered":"","protected":false},"author":252,"featured_media":0,"comment_status":"open","ping_status":"open","sticky":false,"template":"","format":"standard","meta":{"ngg_post_thumbnail":0,"footnotes":""},"categories":[41],"tags":[],"class_list":["post-1102","post","type-post","status-publish","format-standard","hentry","category-actualites","item-wrap"],"rttpg_featured_image_url":null,"rttpg_author":{"display_name":"joelleduponthennig","author_link":"https:\/\/www.pedagogie.ac-nice.fr\/allemand\/author\/joelleduponthennig\/"},"rttpg_comment":0,"rttpg_category":"<a href=\"https:\/\/www.pedagogie.ac-nice.fr\/allemand\/category\/actualites\/\" rel=\"category tag\">Actualit\u00e9s<\/a>","rttpg_excerpt":null,"post_mailing_queue_ids":[],"_links":{"self":[{"href":"https:\/\/www.pedagogie.ac-nice.fr\/allemand\/wp-json\/wp\/v2\/posts\/1102","targetHints":{"allow":["GET"]}}],"collection":[{"href":"https:\/\/www.pedagogie.ac-nice.fr\/allemand\/wp-json\/wp\/v2\/posts"}],"about":[{"href":"https:\/\/www.pedagogie.ac-nice.fr\/allemand\/wp-json\/wp\/v2\/types\/post"}],"author":[{"embeddable":true,"href":"https:\/\/www.pedagogie.ac-nice.fr\/allemand\/wp-json\/wp\/v2\/users\/252"}],"replies":[{"embeddable":true,"href":"https:\/\/www.pedagogie.ac-nice.fr\/allemand\/wp-json\/wp\/v2\/comments?post=1102"}],"version-history":[{"count":1,"href":"https:\/\/www.pedagogie.ac-nice.fr\/allemand\/wp-json\/wp\/v2\/posts\/1102\/revisions"}],"predecessor-version":[{"id":1104,"href":"https:\/\/www.pedagogie.ac-nice.fr\/allemand\/wp-json\/wp\/v2\/posts\/1102\/revisions\/1104"}],"wp:attachment":[{"href":"https:\/\/www.pedagogie.ac-nice.fr\/allemand\/wp-json\/wp\/v2\/media?parent=1102"}],"wp:term":[{"taxonomy":"category","embeddable":true,"href":"https:\/\/www.pedagogie.ac-nice.fr\/allemand\/wp-json\/wp\/v2\/categories?post=1102"},{"taxonomy":"post_tag","embeddable":true,"href":"https:\/\/www.pedagogie.ac-nice.fr\/allemand\/wp-json\/wp\/v2\/tags?post=1102"}],"curies":[{"name":"wp","href":"https:\/\/api.w.org\/{rel}","templated":true}]}}