{"id":1154,"date":"2021-11-15T12:42:00","date_gmt":"2021-11-15T11:42:00","guid":{"rendered":"https:\/\/www.pedagogie.ac-nice.fr\/allemand\/?p=1154"},"modified":"2021-12-06T19:21:41","modified_gmt":"2021-12-06T18:21:41","slug":"cursus-franco-allemand-sciences-po-aix-fribourg","status":"publish","type":"post","link":"https:\/\/www.pedagogie.ac-nice.fr\/allemand\/cursus-franco-allemand-sciences-po-aix-fribourg\/","title":{"rendered":"Cursus franco-allemand Sciences Po Aix-Fribourg"},"content":{"rendered":"<p><iframe loading=\"lazy\" title=\"YouTube video player\" src=\"https:\/\/www.youtube.com\/embed\/Meu_F7Ns53s\" width=\"560\" height=\"315\" frameborder=\"0\" allowfullscreen=\"allowfullscreen\"><\/iframe><\/p>\n<p><!--more--><\/p>\n<p style=\"font-weight: 400;\"><em>Madame, Monsieur,&nbsp;<\/em><\/p>\n<p style=\"font-weight: 400;\"><em>Veuillez trouver ci-joint une information sur le cursus franco-allemand de Sciences Po Aix en Provence en partenariat avec l&rsquo;Universit\u00e9 de Freiburg,&nbsp;cursus qui pourrait int\u00e9resser&nbsp;les&nbsp;\u00e9l\u00e8ves germanistes de votre \u00e9tablissement. Je vous serais tr\u00e8s reconnaissant de transmettre ce mail \u00e0 vos&nbsp;enseignants d&rsquo;allemand et \u00e0 votre documentaliste.<\/em><\/p>\n<p style=\"font-weight: 400;\"><em>Tr\u00e8s cordialement<\/em><\/p>\n<p style=\"font-weight: 400;\"><em>Rainer Gregarek<\/em><\/p>\n<p style=\"font-weight: 400;\"><em>Responsable du cursus franco-allemand \u00e0 Sciences Po Aix en Provence<\/em><\/p>\n<ul>\n<li style=\"font-weight: 400;\"><em> Nous nous permettons d\u2019attirer votre attention sur une&nbsp;<strong>pr\u00e9sentation <\/strong>de notre cursus via zoom, samedi,<strong>11 d\u00e9cembre 2021 \u00e0 16h<\/strong>&nbsp;:&nbsp;&nbsp;<a href=\"https:\/\/zoom.us\/j\/96952666734\" data-saferedirecturl=\"https:\/\/www.google.com\/url?q=https:\/\/zoom.us\/j\/96952666734&amp;source=gmail&amp;ust=1638900650382000&amp;usg=AOvVaw27oRkIghddGb_WqOr3DJ96\">https:\/\/zoom.us\/j\/96952666734<\/a><\/em><\/li>\n<li style=\"font-weight: 400;\"><em>Nous vous invitons aussi \u00e0 prendre connaissance de notre&nbsp;<strong>vid\u00e9o&nbsp;<\/strong>consacr\u00e9e au cursus &nbsp;<a href=\"https:\/\/www.youtube.com\/watch?v=Meu_F7Ns53s\" data-saferedirecturl=\"https:\/\/www.google.com\/url?q=https:\/\/www.youtube.com\/watch?v%3DMeu_F7Ns53s&amp;source=gmail&amp;ust=1638900650382000&amp;usg=AOvVaw2dopinaQiIzs5lHkFABbbn\">https:\/\/www.youtube.com\/watch?v=Meu_F7Ns53s<\/a>&nbsp; &nbsp;<\/em><\/li>\n<\/ul>\n<p><em style=\"font-weight: 400;\">\u2022&nbsp;<strong>Journ\u00e9e portes ouvertes<\/strong>&nbsp;\u00e0 Sciences Po Aix le&nbsp;<strong>26\/2\/2022<\/strong>&nbsp;(surveiller les informations sur le site internet de Sciences Po Aix)<\/em><\/p>\n<a href=\"https:\/\/www.pedagogie.ac-nice.fr\/allemand\/wp-content\/uploads\/sites\/42\/2021\/12\/Lettre-Info-Cursus-Franco-Allemand-2021.pdf\" class=\"pdfemb-viewer\" style=\"\" data-width=\"max\" data-height=\"max\" data-toolbar=\"bottom\" data-toolbar-fixed=\"off\">Lettre-Info-Cursus-Franco-Allemand-2021<\/a>\n<a href=\"https:\/\/www.pedagogie.ac-nice.fr\/allemand\/wp-content\/uploads\/sites\/42\/2021\/12\/2021-2022-Cursus-Franco-Allemand-de-Sciences-Po-Aix.pdf\" class=\"pdfemb-viewer\" style=\"\" data-width=\"max\" data-height=\"max\" data-toolbar=\"bottom\" data-toolbar-fixed=\"off\">2021-2022 Cursus Franco-Allemand de Sciences Po Aix<\/a>\n<p>&nbsp;<\/p>\n<p><a href=\"https:\/\/www.pedagogie.ac-nice.fr\/allemand\/wp-content\/uploads\/sites\/42\/2021\/12\/Lettre-Info-Cursus-Franco-Allemand-2021.pdf\" target=\"_blank\" rel=\"noopener\">T\u00e9l\u00e9chargez ici la lettre d&rsquo;information<\/a><\/p>\n<p>&nbsp;<\/p>\n<p><a href=\"https:\/\/www.pedagogie.ac-nice.fr\/allemand\/wp-content\/uploads\/sites\/42\/2021\/12\/2021-2022-Cursus-Franco-Allemand-de-Sciences-Po-Aix.pdf\" target=\"_blank\" rel=\"noopener\">T\u00e9l\u00e9chargez ici la pr\u00e9sentation du cursus franco-allemand<\/a><\/p>\n<p>&nbsp;<\/p>\n","protected":false},"excerpt":{"rendered":"","protected":false},"author":252,"featured_media":0,"comment_status":"open","ping_status":"open","sticky":false,"template":"","format":"standard","meta":{"ngg_post_thumbnail":0,"footnotes":""},"categories":[41,18],"tags":[],"class_list":["post-1154","post","type-post","status-publish","format-standard","hentry","category-actualites","category-post-bac","item-wrap"],"rttpg_featured_image_url":null,"rttpg_author":{"display_name":"joelleduponthennig","author_link":"https:\/\/www.pedagogie.ac-nice.fr\/allemand\/author\/joelleduponthennig\/"},"rttpg_comment":0,"rttpg_category":"<a href=\"https:\/\/www.pedagogie.ac-nice.fr\/allemand\/category\/actualites\/\" rel=\"category tag\">Actualit\u00e9s<\/a> <a href=\"https:\/\/www.pedagogie.ac-nice.fr\/allemand\/category\/ressources\/post-bac\/\" rel=\"category tag\">Post-Bac<\/a>","rttpg_excerpt":null,"post_mailing_queue_ids":[],"_links":{"self":[{"href":"https:\/\/www.pedagogie.ac-nice.fr\/allemand\/wp-json\/wp\/v2\/posts\/1154","targetHints":{"allow":["GET"]}}],"collection":[{"href":"https:\/\/www.pedagogie.ac-nice.fr\/allemand\/wp-json\/wp\/v2\/posts"}],"about":[{"href":"https:\/\/www.pedagogie.ac-nice.fr\/allemand\/wp-json\/wp\/v2\/types\/post"}],"author":[{"embeddable":true,"href":"https:\/\/www.pedagogie.ac-nice.fr\/allemand\/wp-json\/wp\/v2\/users\/252"}],"replies":[{"embeddable":true,"href":"https:\/\/www.pedagogie.ac-nice.fr\/allemand\/wp-json\/wp\/v2\/comments?post=1154"}],"version-history":[{"count":4,"href":"https:\/\/www.pedagogie.ac-nice.fr\/allemand\/wp-json\/wp\/v2\/posts\/1154\/revisions"}],"predecessor-version":[{"id":1160,"href":"https:\/\/www.pedagogie.ac-nice.fr\/allemand\/wp-json\/wp\/v2\/posts\/1154\/revisions\/1160"}],"wp:attachment":[{"href":"https:\/\/www.pedagogie.ac-nice.fr\/allemand\/wp-json\/wp\/v2\/media?parent=1154"}],"wp:term":[{"taxonomy":"category","embeddable":true,"href":"https:\/\/www.pedagogie.ac-nice.fr\/allemand\/wp-json\/wp\/v2\/categories?post=1154"},{"taxonomy":"post_tag","embeddable":true,"href":"https:\/\/www.pedagogie.ac-nice.fr\/allemand\/wp-json\/wp\/v2\/tags?post=1154"}],"curies":[{"name":"wp","href":"https:\/\/api.w.org\/{rel}","templated":true}]}}