{"id":1187,"date":"2023-01-11T16:19:56","date_gmt":"2023-01-11T15:19:56","guid":{"rendered":"https:\/\/www.pedagogie.ac-nice.fr\/allemand\/?p=1187"},"modified":"2023-01-12T14:01:20","modified_gmt":"2023-01-12T13:01:20","slug":"circulaire-2022-subvention-ofaj-pour-echanges-scolaires-avec-lallemagne-et-programme-1234","status":"publish","type":"post","link":"https:\/\/www.pedagogie.ac-nice.fr\/allemand\/circulaire-2022-subvention-ofaj-pour-echanges-scolaires-avec-lallemagne-et-programme-1234\/","title":{"rendered":"Circulaire 2023 &#8211; Subvention OFAJ pour \u00e9changes scolaires avec l&rsquo;Allemagne et programme 1234"},"content":{"rendered":"<p>&nbsp;<\/p>\n<p><img loading=\"lazy\" decoding=\"async\" class=\"wp-image-309 aligncenter\" src=\"https:\/\/www.pedagogie.ac-nice.fr\/allemand\/wp-content\/uploads\/sites\/42\/2014\/09\/OFAJ_DFJW_Logo_1000px_Web-300x194.jpg\" alt=\"\" width=\"206\" height=\"133\"><\/p>\n<p><!--more--><\/p>\n<p>Vous trouverez ci-jointe la nouvelle circulaire relative aux subventions pouvant \u00eatre accord\u00e9es par l&rsquo;O.F.A.J. pour l&rsquo;ann\u00e9e civile 2023 : \u00e9changes scolaires au domicile du partenaire et programme 1234. Vous trouverez \u00e9galement ci-joint, pour le programme 1234, le formulaire \u00ab\u00a0demande de subvention\u00a0\u00bb ainsi que le tutoriel r\u00e9alis\u00e9 l&rsquo;an dernier par l&rsquo;O.F.A.J. pour aider les \u00e9tablissements \u00e0 saisir leurs demandes.<\/p>\n<a href=\"https:\/\/www.pedagogie.ac-nice.fr\/allemand\/wp-content\/uploads\/sites\/42\/2022\/01\/Circulaire-OFAJ-echanges-scolaires-2023.pdf\" class=\"pdfemb-viewer\" style=\"\" data-width=\"max\" data-height=\"max\" data-toolbar=\"bottom\" data-toolbar-fixed=\"off\">Circulaire OFAJ \u00e9changes scolaires 2023<\/a>\n<p>T\u00e9l\u00e9chargez ici:<\/p>\n<ul>\n<li><a href=\"https:\/\/www.pedagogie.ac-nice.fr\/allemand\/wp-content\/uploads\/sites\/42\/2022\/01\/Circulaire-OFAJ-echanges-scolaires-2023.pdf\" target=\"_blank\" rel=\"noopener\">la circulaire<\/a><\/li>\n<\/ul>\n","protected":false},"excerpt":{"rendered":"<p>&nbsp;<\/p><p><a class=\"more-link btn\" href=\"https:\/\/www.pedagogie.ac-nice.fr\/allemand\/circulaire-2022-subvention-ofaj-pour-echanges-scolaires-avec-lallemagne-et-programme-1234\/\">Lire la suite<\/a><\/p>\n","protected":false},"author":252,"featured_media":0,"comment_status":"closed","ping_status":"closed","sticky":false,"template":"","format":"standard","meta":{"ngg_post_thumbnail":0,"footnotes":""},"categories":[41],"tags":[],"class_list":["post-1187","post","type-post","status-publish","format-standard","hentry","category-actualites","item-wrap"],"rttpg_featured_image_url":null,"rttpg_author":{"display_name":"joelleduponthennig","author_link":"https:\/\/www.pedagogie.ac-nice.fr\/allemand\/author\/joelleduponthennig\/"},"rttpg_comment":1,"rttpg_category":"<a href=\"https:\/\/www.pedagogie.ac-nice.fr\/allemand\/category\/actualites\/\" rel=\"category tag\">Actualit\u00e9s<\/a>","rttpg_excerpt":"&nbsp;","post_mailing_queue_ids":[],"_links":{"self":[{"href":"https:\/\/www.pedagogie.ac-nice.fr\/allemand\/wp-json\/wp\/v2\/posts\/1187","targetHints":{"allow":["GET"]}}],"collection":[{"href":"https:\/\/www.pedagogie.ac-nice.fr\/allemand\/wp-json\/wp\/v2\/posts"}],"about":[{"href":"https:\/\/www.pedagogie.ac-nice.fr\/allemand\/wp-json\/wp\/v2\/types\/post"}],"author":[{"embeddable":true,"href":"https:\/\/www.pedagogie.ac-nice.fr\/allemand\/wp-json\/wp\/v2\/users\/252"}],"replies":[{"embeddable":true,"href":"https:\/\/www.pedagogie.ac-nice.fr\/allemand\/wp-json\/wp\/v2\/comments?post=1187"}],"version-history":[{"count":5,"href":"https:\/\/www.pedagogie.ac-nice.fr\/allemand\/wp-json\/wp\/v2\/posts\/1187\/revisions"}],"predecessor-version":[{"id":1347,"href":"https:\/\/www.pedagogie.ac-nice.fr\/allemand\/wp-json\/wp\/v2\/posts\/1187\/revisions\/1347"}],"wp:attachment":[{"href":"https:\/\/www.pedagogie.ac-nice.fr\/allemand\/wp-json\/wp\/v2\/media?parent=1187"}],"wp:term":[{"taxonomy":"category","embeddable":true,"href":"https:\/\/www.pedagogie.ac-nice.fr\/allemand\/wp-json\/wp\/v2\/categories?post=1187"},{"taxonomy":"post_tag","embeddable":true,"href":"https:\/\/www.pedagogie.ac-nice.fr\/allemand\/wp-json\/wp\/v2\/tags?post=1187"}],"curies":[{"name":"wp","href":"https:\/\/api.w.org\/{rel}","templated":true}]}}