{"id":1194,"date":"2024-10-14T17:01:43","date_gmt":"2024-10-14T15:01:43","guid":{"rendered":"https:\/\/www.pedagogie.ac-nice.fr\/allemand\/?p=1194"},"modified":"2026-03-25T01:39:57","modified_gmt":"2026-03-25T00:39:57","slug":"appel-a-candidatures-johanna-dohnal-simone-veil","status":"publish","type":"post","link":"https:\/\/www.pedagogie.ac-nice.fr\/allemand\/appel-a-candidatures-johanna-dohnal-simone-veil\/","title":{"rendered":"Programme de mobilit\u00e9 individuelle Johanna Dohnal-Simone Veil &#8211; Campagne 2025"},"content":{"rendered":"<p>&nbsp;<\/p>\n<p><img loading=\"lazy\" decoding=\"async\" class=\"size-full wp-image-972 aligncenter\" src=\"https:\/\/www.pedagogie.ac-nice.fr\/allemand\/wp-content\/uploads\/sites\/42\/2021\/04\/langfr-225px-Flag_of_Austria.svg_.png\" alt=\"\" width=\"225\" height=\"150\"><\/p>\n<p><!--more--><\/p>\n<p>Nous vous pr\u00e9sentons la campagne de candidature 2025 du programme d&rsquo;\u00e9changes individuels franco-autrichien \u00ab\u00a0Johanna Dohnal-Simone Veil\u00a0\u00bb.<br \/>\nDans le cadre de la convention de partenariat sign\u00e9e avec le Bildungsdirektion Steiermark, l&rsquo;acad\u00e9mie propose aux \u00e9l\u00e8ves germanistes des \u00e9changes individuels de 4 semaines. Sont concern\u00e9s particuli\u00e8rement tous les \u00e9l\u00e8ves de la 4<sup>e<\/sup>&nbsp;\u00e0 la terminale g\u00e9n\u00e9rale et technologique ayant un minimum de deux ans d&rsquo;apprentissage de l&rsquo;allemand et \u00e2g\u00e9s de 14 ans minimum au moment de l&rsquo;\u00e9change.<\/p>\n<p><u>Les \u00e9l\u00e8ves autrichiens seront accueillis<\/u>*&nbsp;:<br \/>\n&#8211; Par les familles et les \u00e9tablissements de la r\u00e9gion acad\u00e9mique du 6 septembre au 4 octobre 2025.<\/p>\n<p><u>Les \u00e9l\u00e8ves fran\u00e7ais seront accueillis<\/u>*&nbsp;:<br \/>\n&#8211; Par les familles et les \u00e9tablissements candidats autrichiens du 18 octobre au 15 novembre 2025.<\/p>\n<p>*&nbsp;Sous r\u00e9serve que les mesures prises pour r\u00e9pondre \u00e0 la situation sanitaire li\u00e9e \u00e0 la pand\u00e9mie du covid-19 permettent le bon d\u00e9roulement du programme.<\/p>\n","protected":false},"excerpt":{"rendered":"<p>&nbsp;<\/p><p><a class=\"more-link btn\" href=\"https:\/\/www.pedagogie.ac-nice.fr\/allemand\/appel-a-candidatures-johanna-dohnal-simone-veil\/\">Lire la suite<\/a><\/p>\n","protected":false},"author":252,"featured_media":0,"comment_status":"closed","ping_status":"closed","sticky":false,"template":"","format":"standard","meta":{"ngg_post_thumbnail":0,"footnotes":""},"categories":[41,25,12],"tags":[],"class_list":["post-1194","post","type-post","status-publish","format-standard","hentry","category-actualites","category-mobilite","category-programmes-europeens","item-wrap"],"rttpg_featured_image_url":null,"rttpg_author":{"display_name":"joelleduponthennig","author_link":"https:\/\/www.pedagogie.ac-nice.fr\/allemand\/author\/joelleduponthennig\/"},"rttpg_comment":0,"rttpg_category":"<a href=\"https:\/\/www.pedagogie.ac-nice.fr\/allemand\/category\/actualites\/\" rel=\"category tag\">Actualit\u00e9s<\/a> <a href=\"https:\/\/www.pedagogie.ac-nice.fr\/allemand\/category\/programmedechanges\/mobilite\/\" rel=\"category tag\">Mobilit\u00e9<\/a> <a href=\"https:\/\/www.pedagogie.ac-nice.fr\/allemand\/category\/programmedechanges\/programmes-europeens\/\" rel=\"category tag\">Programmes europ\u00e9ens<\/a>","rttpg_excerpt":"&nbsp;","post_mailing_queue_ids":[],"_links":{"self":[{"href":"https:\/\/www.pedagogie.ac-nice.fr\/allemand\/wp-json\/wp\/v2\/posts\/1194","targetHints":{"allow":["GET"]}}],"collection":[{"href":"https:\/\/www.pedagogie.ac-nice.fr\/allemand\/wp-json\/wp\/v2\/posts"}],"about":[{"href":"https:\/\/www.pedagogie.ac-nice.fr\/allemand\/wp-json\/wp\/v2\/types\/post"}],"author":[{"embeddable":true,"href":"https:\/\/www.pedagogie.ac-nice.fr\/allemand\/wp-json\/wp\/v2\/users\/252"}],"replies":[{"embeddable":true,"href":"https:\/\/www.pedagogie.ac-nice.fr\/allemand\/wp-json\/wp\/v2\/comments?post=1194"}],"version-history":[{"count":11,"href":"https:\/\/www.pedagogie.ac-nice.fr\/allemand\/wp-json\/wp\/v2\/posts\/1194\/revisions"}],"predecessor-version":[{"id":2231,"href":"https:\/\/www.pedagogie.ac-nice.fr\/allemand\/wp-json\/wp\/v2\/posts\/1194\/revisions\/2231"}],"wp:attachment":[{"href":"https:\/\/www.pedagogie.ac-nice.fr\/allemand\/wp-json\/wp\/v2\/media?parent=1194"}],"wp:term":[{"taxonomy":"category","embeddable":true,"href":"https:\/\/www.pedagogie.ac-nice.fr\/allemand\/wp-json\/wp\/v2\/categories?post=1194"},{"taxonomy":"post_tag","embeddable":true,"href":"https:\/\/www.pedagogie.ac-nice.fr\/allemand\/wp-json\/wp\/v2\/tags?post=1194"}],"curies":[{"name":"wp","href":"https:\/\/api.w.org\/{rel}","templated":true}]}}