{"id":1269,"date":"2022-06-24T13:55:05","date_gmt":"2022-06-24T11:55:05","guid":{"rendered":"https:\/\/www.pedagogie.ac-nice.fr\/allemand\/?p=1269"},"modified":"2022-06-24T19:35:55","modified_gmt":"2022-06-24T17:35:55","slug":"le-projet-franco-allemand-kinema-au-lycee-audiberti","status":"publish","type":"post","link":"https:\/\/www.pedagogie.ac-nice.fr\/allemand\/le-projet-franco-allemand-kinema-au-lycee-audiberti\/","title":{"rendered":"Le projet franco-allemand KINEMA au Lyc\u00e9e Audiberti"},"content":{"rendered":"<p align=\"JUSTIFY\"><img loading=\"lazy\" decoding=\"async\" class=\"alignnone wp-image-1270\" src=\"https:\/\/www.pedagogie.ac-nice.fr\/allemand\/wp-content\/uploads\/sites\/42\/2022\/06\/Kinema.jpg\" alt=\"\" width=\"162\" height=\"100\">&nbsp; &nbsp; &nbsp; <img loading=\"lazy\" decoding=\"async\" class=\"alignnone wp-image-1271\" src=\"https:\/\/www.pedagogie.ac-nice.fr\/allemand\/wp-content\/uploads\/sites\/42\/2022\/06\/kinema-2-300x225.jpg\" alt=\"\" width=\"118\" height=\"89\" srcset=\"https:\/\/www.pedagogie.ac-nice.fr\/allemand\/wp-content\/uploads\/sites\/42\/2022\/06\/kinema-2-300x225.jpg 300w, https:\/\/www.pedagogie.ac-nice.fr\/allemand\/wp-content\/uploads\/sites\/42\/2022\/06\/kinema-2-1024x768.jpg 1024w, https:\/\/www.pedagogie.ac-nice.fr\/allemand\/wp-content\/uploads\/sites\/42\/2022\/06\/kinema-2-768x576.jpg 768w, https:\/\/www.pedagogie.ac-nice.fr\/allemand\/wp-content\/uploads\/sites\/42\/2022\/06\/kinema-2-1536x1152.jpg 1536w, https:\/\/www.pedagogie.ac-nice.fr\/allemand\/wp-content\/uploads\/sites\/42\/2022\/06\/kinema-2-555x416.jpg 555w, https:\/\/www.pedagogie.ac-nice.fr\/allemand\/wp-content\/uploads\/sites\/42\/2022\/06\/kinema-2.jpg 1600w\" sizes=\"auto, (max-width: 118px) 100vw, 118px\" \/><\/p>\n<p align=\"JUSTIFY\"><b>KINEMA \u2013 RENCONTRES FRANCO-ALLEMANDES AUTOUR DU CIN\u00c9MA<\/b><\/p>\n<p><!--more--><\/p>\n<p>Depuis 2021, les \u00e9l\u00e8ves germanistes de Seconde du lyc\u00e9e Audiberti \u00e0 Antibes ont la possibilit\u00e9 de participer au projet interculturel KINEMA.<\/p>\n<p align=\"JUSTIFY\"><b>L&rsquo;ID\u00c9E KINEMA<\/b><\/p>\n<p align=\"JUSTIFY\">KINEMA (contraction du mot allemand \u00ab Kino \u00bb et \u00ab cin\u00e9ma \u00bb) est un projet qui s&rsquo;inscrit dans le cadre du partenariat entre la R\u00e9gion Normandie et le Land de Basse-Saxe (Allemagne du Nord), impliquant \u00e9galement des \u00e9tablissements des acad\u00e9mies d\u2019Aix-Marseille (trois lyc\u00e9es) et de Nice (le lyc\u00e9e Audiberti). En tout, dix lyc\u00e9es fran\u00e7ais et dix \u00e9tablissements allemands participent au projet.<\/p>\n<p align=\"JUSTIFY\">Les objectifs de cette op\u00e9ration rel\u00e8vent d&rsquo;une part du domaine de l&rsquo;\u00e9ducation \u00e0 l&rsquo;image et d&rsquo;autre part du domaine de l&rsquo;apprentissage interculturel.<\/p>\n<p align=\"JUSTIFY\">Au cours de chaque ann\u00e9e scolaire sont choisis un film fran\u00e7ais et un film allemand qui constituent le noyau de nombreux \u00e9changes pour les classes participantes et leurs professeurs. Durant l\u2019ann\u00e9e scolaire, ces \u00e9changes se font notamment de mani\u00e8re virtuelle et en classe enti\u00e8re. Le point culminant \u2013 et la cl\u00f4ture solennelle de l\u2019ann\u00e9e KINEMA &#8211; est la rencontre en tiers-lieu \u2013 une ann\u00e9e sur deux, en alternance, en France ou en Allemagne &#8211; o\u00f9 4 \u00e9l\u00e8ves ambassadeurs par \u00e9tablissement sont rassembl\u00e9s pour r\u00e9aliser en bin\u00f4mes franco-allemands une production audiovisuelle ou th\u00e9\u00e2trale sur la base des films visionn\u00e9s en amont.<\/p>\n<p align=\"JUSTIFY\">Voici le r\u00e9cit de la d\u00e9l\u00e9gation Audiberti pour KINEMA 2022 :<\/p>\n<p align=\"JUSTIFY\"><a href=\"https:\/\/www.pedagogie.ac-nice.fr\/allemand\/wp-content\/uploads\/sites\/42\/2022\/06\/2article-pr-siteWeb-1.pdf\" class=\"pdfemb-viewer\" style=\"\" data-width=\"max\" data-height=\"max\" data-toolbar=\"bottom\" data-toolbar-fixed=\"off\">2article-pr-siteWeb<\/a><\/p>\n<p align=\"JUSTIFY\">&nbsp;<\/p>\n<blockquote>\n<p align=\"JUSTIFY\"><strong>&nbsp;\u00ab\u00a0Making of KINEMA 2022\u00a0\u00bb:<\/strong><\/p>\n<\/blockquote>\n<p align=\"JUSTIFY\"><strong> \u00bb<\/strong><iframe loading=\"lazy\" src=\"https:\/\/acamedia.ac-nice.fr\/player\/embed_player.php?vid=W2RS9X7UA756&amp;width=300&amp;height=250&amp;autoplay=yes\" width=\"600\" height=\"500\" frameborder=\"0\" allowfullscreen=\"allowfullscreen\"><\/iframe><\/p>\n<p align=\"JUSTIFY\">Pour plus d\u2019informations : lien <span style=\"color: #0000ff;\"><span lang=\"zxx\"><u><a href=\"http:\/\/www.kinema.fr\/\">http:\/\/www.kinema.fr\/<\/a><\/u><\/span><\/span><\/p>\n","protected":false},"excerpt":{"rendered":"<p>&nbsp; &nbsp; &nbsp; KINEMA \u2013 RENCONTRES FRANCO-ALLEMANDES AUTOUR DU CIN\u00c9MA<\/p><p><a class=\"more-link btn\" href=\"https:\/\/www.pedagogie.ac-nice.fr\/allemand\/le-projet-franco-allemand-kinema-au-lycee-audiberti\/\">Lire la suite<\/a><\/p>\n","protected":false},"author":252,"featured_media":0,"comment_status":"closed","ping_status":"closed","sticky":false,"template":"","format":"standard","meta":{"ngg_post_thumbnail":0,"footnotes":""},"categories":[41],"tags":[],"class_list":["post-1269","post","type-post","status-publish","format-standard","hentry","category-actualites","item-wrap"],"rttpg_featured_image_url":null,"rttpg_author":{"display_name":"joelleduponthennig","author_link":"https:\/\/www.pedagogie.ac-nice.fr\/allemand\/author\/joelleduponthennig\/"},"rttpg_comment":0,"rttpg_category":"<a href=\"https:\/\/www.pedagogie.ac-nice.fr\/allemand\/category\/actualites\/\" rel=\"category tag\">Actualit\u00e9s<\/a>","rttpg_excerpt":"&nbsp; &nbsp; &nbsp; KINEMA \u2013 RENCONTRES FRANCO-ALLEMANDES AUTOUR DU CIN\u00c9MA","post_mailing_queue_ids":[],"_links":{"self":[{"href":"https:\/\/www.pedagogie.ac-nice.fr\/allemand\/wp-json\/wp\/v2\/posts\/1269","targetHints":{"allow":["GET"]}}],"collection":[{"href":"https:\/\/www.pedagogie.ac-nice.fr\/allemand\/wp-json\/wp\/v2\/posts"}],"about":[{"href":"https:\/\/www.pedagogie.ac-nice.fr\/allemand\/wp-json\/wp\/v2\/types\/post"}],"author":[{"embeddable":true,"href":"https:\/\/www.pedagogie.ac-nice.fr\/allemand\/wp-json\/wp\/v2\/users\/252"}],"replies":[{"embeddable":true,"href":"https:\/\/www.pedagogie.ac-nice.fr\/allemand\/wp-json\/wp\/v2\/comments?post=1269"}],"version-history":[{"count":8,"href":"https:\/\/www.pedagogie.ac-nice.fr\/allemand\/wp-json\/wp\/v2\/posts\/1269\/revisions"}],"predecessor-version":[{"id":1275,"href":"https:\/\/www.pedagogie.ac-nice.fr\/allemand\/wp-json\/wp\/v2\/posts\/1269\/revisions\/1275"}],"wp:attachment":[{"href":"https:\/\/www.pedagogie.ac-nice.fr\/allemand\/wp-json\/wp\/v2\/media?parent=1269"}],"wp:term":[{"taxonomy":"category","embeddable":true,"href":"https:\/\/www.pedagogie.ac-nice.fr\/allemand\/wp-json\/wp\/v2\/categories?post=1269"},{"taxonomy":"post_tag","embeddable":true,"href":"https:\/\/www.pedagogie.ac-nice.fr\/allemand\/wp-json\/wp\/v2\/tags?post=1269"}],"curies":[{"name":"wp","href":"https:\/\/api.w.org\/{rel}","templated":true}]}}