{"id":1284,"date":"2023-09-16T10:12:58","date_gmt":"2023-09-16T08:12:58","guid":{"rendered":"https:\/\/www.pedagogie.ac-nice.fr\/allemand\/?p=1284"},"modified":"2023-09-20T17:42:45","modified_gmt":"2023-09-20T15:42:45","slug":"formations-franco-allemandes-et-propositions-pour-enseignantes-et-enseignants-automne-2022","status":"publish","type":"post","link":"https:\/\/www.pedagogie.ac-nice.fr\/allemand\/formations-franco-allemandes-et-propositions-pour-enseignantes-et-enseignants-automne-2022\/","title":{"rendered":"Formations franco-allemandes et propositions pour enseignantes et enseignants 2023 2024"},"content":{"rendered":"<p><img loading=\"lazy\" decoding=\"async\" class=\" wp-image-309 aligncenter\" src=\"https:\/\/www.pedagogie.ac-nice.fr\/allemand\/wp-content\/uploads\/sites\/42\/2014\/09\/OFAJ_DFJW_Logo_1000px_Web-300x194.jpg\" alt=\"\" width=\"241\" height=\"156\"><\/p>\n<p><!--more-->Veuillez trouver ci-dessous de nombreuses propositions enrichissantes de la part de l&rsquo;OFAJ.<\/p>\n<table class=\"v1MsoNormalTable\" border=\"0\" width=\"100%\" cellspacing=\"0\" cellpadding=\"0\">\n<tbody>\n<tr>\n<td>\n<p class=\"v1MsoNormal\"><b><u>Programme \u00c9lys\u00e9e Prim<\/u><\/b><b>&nbsp;<\/b>(professeurs des \u00e9coles)<b><u><\/u><\/b><\/p>\n<p class=\"v1MsoNormal\">Enseigner en Allemagne pendant une ann\u00e9e scolaire (2024\/25)<\/p>\n<p class=\"v1MsoListParagraph\">&#8211;&nbsp;&nbsp;&nbsp;&nbsp;&nbsp;&nbsp;Webinaire d&rsquo;information le 15 nov. 2023 17-18h30<br \/>\n<a href=\"https:\/\/www.ofaj.org\/programmes-formations\/programme-elysee-prim.html\" target=\"_blank\" rel=\"noopener noreferrer\">Programme \u00c9lys\u00e9e Prim<\/a><\/p>\n<p class=\"v1MsoListParagraph\">&#8211;&nbsp;&nbsp;&nbsp;&nbsp;&nbsp;&nbsp;Candidater&nbsp;:&nbsp;<a href=\"https:\/\/eduscol.education.fr\/1237\/programme-elysee-prim\" target=\"_blank\" rel=\"noopener noreferrer\">https:\/\/eduscol.education.fr\/1237\/programme-elysee-prim<\/a><\/p>\n<p class=\"v1MsoNormal\"><b><u>Colloque : Die Macht des Wortes \u2013 Le pouvoir de la parole<\/u><\/b><\/p>\n<p class=\"v1MsoNormal\">Le 27 septembre 2023, en ligne, Goethe-Institut France&nbsp;(subventionn\u00e9 par l&rsquo;OFAJ)<\/p>\n<p class=\"v1Default\"><a href=\"https:\/\/www.goethe.de\/ins\/fr\/fr\/spr\/unt\/frb\/gia\/prl.html\" target=\"_blank\" rel=\"noopener noreferrer\">https:\/\/www.goethe.de\/ins\/fr\/fr\/spr\/unt\/frb\/gia\/prl.html<\/a><\/p>\n<p class=\"v1MsoNormal\"><b><u>L&rsquo;animation linguistique \u2013 formation de base<\/u><\/b><\/p>\n<p class=\"v1MsoNormal\">du 11 au 16 d\u00e9cembre 2023, Ch\u00e2teaulin (F), Gwennili&nbsp;(subventionn\u00e9 par l&rsquo;OFAJ)<\/p>\n<p class=\"v1MsoNormal\"><a href=\"https:\/\/www.gwennili.net\/fr\/formation-a-lanimation-linguistique\/\" target=\"_blank\" rel=\"noopener noreferrer\">https:\/\/www.gwennili.net\/fr\/formation-a-lanimation-linguistique\/<\/a><b><\/b><\/p>\n<p class=\"v1MsoNormal\"><b>RAPPEL&nbsp;:<\/b><\/p>\n<p class=\"v1MsoNormal\"><b><u>Tele-Tandem<\/u><\/b><\/p>\n<p class=\"v1MsoNormal\">Trois&nbsp;<b>webinaires<\/b>&nbsp;le mercredi de 20h-21h<\/p>\n<p class=\"v1MsoListParagraph\">&#8211;&nbsp;&nbsp;&nbsp;&nbsp;&nbsp;&nbsp;Le 11 octobre 2023&nbsp;: Introduction \u00e0 la plaTTform.e Tele-Tandem<\/p>\n<p class=\"v1MsoListParagraph\">&#8211;&nbsp;&nbsp;&nbsp;&nbsp;&nbsp;&nbsp;Le 18 octobre 2023&nbsp;: La p\u00e9dagogie de projet dans les \u00e9changes scolaires<\/p>\n<p class=\"v1MsoListParagraph\">&#8211;&nbsp;&nbsp;&nbsp;&nbsp;&nbsp;&nbsp;Le 25 octobre 2023&nbsp;: Activit\u00e9s cl\u00e9s en main pour votre salle Tele-Tandem<\/p>\n<p class=\"v1MsoNormal\"><a href=\"https:\/\/join.next.edudip.com\/de\/webinar\/tele-tandem-deutsch-franzosische-schulprojekte-online-projets-franco-allemands-en-ligne\/1925523\" target=\"_blank\" rel=\"noopener noreferrer\">Inscription<\/a><u><\/u><\/p>\n<p class=\"v1MsoNormal\">Deux&nbsp;<b>modules en ligne<\/b>&nbsp;(env. 10h de travail, en tandem)<\/p>\n<p class=\"v1MsoListParagraph\">&#8211;&nbsp;&nbsp;&nbsp;&nbsp;&nbsp;&nbsp;Du 8 au 18 novembre 2023&nbsp;: Prendre en main une salle de cours virtuelle<\/p>\n<p class=\"v1MsoListParagraph\">&#8211;&nbsp;&nbsp;&nbsp;&nbsp;&nbsp;&nbsp;Du 22 novembre au 2 d\u00e9cembre 2023&nbsp;: Apprendre la langue en tandem<\/p>\n<p class=\"v1MsoNormal\"><a href=\"https:\/\/www.tele-tandem.net\/formations\/modules-de-formation\/\" target=\"_blank\" rel=\"noopener noreferrer\">Plus&nbsp;d&rsquo;informations<\/a><\/p>\n<p class=\"v1MsoNormal\"><b><u>Premiers \u00e9changes &#8211; mode d&#8217;emploi<\/u><\/b><\/p>\n<p class=\"v1MsoNormal\">Mettre en place des \u00e9changes scolaires avec des \u00e9l\u00e8ves de moins de 12 ans&nbsp;? C&rsquo;est possible&nbsp;! Une formation franco-allemande, hybride en deux parties<\/p>\n<p class=\"v1MsoNormal\">17 au 19 novembre 2023 en ligne et du 16 au 20 mars 2024 \u00e0 Berlin<\/p>\n<p class=\"v1MsoNormal\"><a href=\"https:\/\/www.ofaj.org\/media\/echange-scolaire-prem-23-24.pdf\" target=\"_blank\" rel=\"noopener noreferrer\">Plus d&rsquo;informations<\/a>&nbsp;et&nbsp;<a href=\"https:\/\/www.ofaj.org\/formulaires\/formulaire-d-inscription-aux-formations-franco-allemandes-pour-enseignantes-et-enseignants-2023-24.html\" target=\"_blank\" rel=\"noopener noreferrer\">inscription<\/a><\/p>\n<p class=\"v1MsoNormal\"><b><u>Appel \u00e0 candidatures projet Educ&rsquo;Arte<\/u><\/b><\/p>\n<p class=\"v1MsoNormal\">L&rsquo;OFAJ et ARTE Education proposent d&rsquo;accompagner<b>&nbsp;<\/b>10 classes fran\u00e7aises et 10 classes allemandes partenaires dans la r\u00e9alisation d&rsquo;un projet au cours de l&rsquo;ann\u00e9e scolaire 2023\/2024. Le th\u00e8me&nbsp;:&nbsp;<i>\u00ab\u00a0Plus vite, plus haut, plus fort : regards crois\u00e9s<\/i>&nbsp;<i>franco-allemands sur les Jeux olympiques<\/i>\u00ab\u00a0. Inscriptions jusqu&rsquo;au 29 septembre<i><\/i><\/p>\n<p class=\"v1MsoNormal\"><a href=\"http:\/\/r.campaigns.educarte.fr\/mk\/mr\/XUCc18Kti5TkssyJjSJXQ2t0cqWrvszbY1h7GbBu7RgSQbwNa9XFX39ITmfaQhFO_uTM0Kqq-ddvKFCtCevDbk1wAxK02O0lDBsBWLozQr02U5Hd51e-bvIczX_u-tRpKStSbduTSqE\" target=\"_blank\" rel=\"noopener noreferrer\">Plus d&rsquo;informations et candidature<\/a><\/p>\n<p class=\"v1MsoNormal\"><b>A NOTER&nbsp;:<\/b><\/p>\n<p class=\"v1MsoNormal\"><b><u>Formation \u00ab&nbsp;l&rsquo;apprentissage linguistique en tandem&nbsp;\u00bb<\/u><\/b><\/p>\n<p class=\"v1MsoNormal\">Devenir encadrant ou encadrante<\/p>\n<p class=\"v1MsoNormal\">Du 8 au 14 avril 2024 \u00e0 La Rochelle&nbsp; Contact&nbsp;:&nbsp;<a href=\"mailto:beck@dfjw.org\" rel=\"noreferrer\">beck@dfjw.org<\/a><\/p>\n<\/td>\n<\/tr>\n<\/tbody>\n<\/table>\n<p>&nbsp;<\/p>\n","protected":false},"excerpt":{"rendered":"","protected":false},"author":252,"featured_media":0,"comment_status":"closed","ping_status":"closed","sticky":false,"template":"","format":"standard","meta":{"ngg_post_thumbnail":0,"footnotes":""},"categories":[41,25,15],"tags":[],"class_list":["post-1284","post","type-post","status-publish","format-standard","hentry","category-actualites","category-mobilite","category-programmes-ofaj","item-wrap"],"rttpg_featured_image_url":null,"rttpg_author":{"display_name":"joelleduponthennig","author_link":"https:\/\/www.pedagogie.ac-nice.fr\/allemand\/author\/joelleduponthennig\/"},"rttpg_comment":0,"rttpg_category":"<a href=\"https:\/\/www.pedagogie.ac-nice.fr\/allemand\/category\/actualites\/\" rel=\"category tag\">Actualit\u00e9s<\/a> <a href=\"https:\/\/www.pedagogie.ac-nice.fr\/allemand\/category\/programmedechanges\/mobilite\/\" rel=\"category tag\">Mobilit\u00e9<\/a> <a href=\"https:\/\/www.pedagogie.ac-nice.fr\/allemand\/category\/programmedechanges\/programmes-ofaj\/\" rel=\"category tag\">Programmes OFAJ<\/a>","rttpg_excerpt":null,"post_mailing_queue_ids":[],"_links":{"self":[{"href":"https:\/\/www.pedagogie.ac-nice.fr\/allemand\/wp-json\/wp\/v2\/posts\/1284","targetHints":{"allow":["GET"]}}],"collection":[{"href":"https:\/\/www.pedagogie.ac-nice.fr\/allemand\/wp-json\/wp\/v2\/posts"}],"about":[{"href":"https:\/\/www.pedagogie.ac-nice.fr\/allemand\/wp-json\/wp\/v2\/types\/post"}],"author":[{"embeddable":true,"href":"https:\/\/www.pedagogie.ac-nice.fr\/allemand\/wp-json\/wp\/v2\/users\/252"}],"replies":[{"embeddable":true,"href":"https:\/\/www.pedagogie.ac-nice.fr\/allemand\/wp-json\/wp\/v2\/comments?post=1284"}],"version-history":[{"count":4,"href":"https:\/\/www.pedagogie.ac-nice.fr\/allemand\/wp-json\/wp\/v2\/posts\/1284\/revisions"}],"predecessor-version":[{"id":1475,"href":"https:\/\/www.pedagogie.ac-nice.fr\/allemand\/wp-json\/wp\/v2\/posts\/1284\/revisions\/1475"}],"wp:attachment":[{"href":"https:\/\/www.pedagogie.ac-nice.fr\/allemand\/wp-json\/wp\/v2\/media?parent=1284"}],"wp:term":[{"taxonomy":"category","embeddable":true,"href":"https:\/\/www.pedagogie.ac-nice.fr\/allemand\/wp-json\/wp\/v2\/categories?post=1284"},{"taxonomy":"post_tag","embeddable":true,"href":"https:\/\/www.pedagogie.ac-nice.fr\/allemand\/wp-json\/wp\/v2\/tags?post=1284"}],"curies":[{"name":"wp","href":"https:\/\/api.w.org\/{rel}","templated":true}]}}