{"id":1315,"date":"2022-11-29T20:34:17","date_gmt":"2022-11-29T19:34:17","guid":{"rendered":"https:\/\/www.pedagogie.ac-nice.fr\/allemand\/?p=1315"},"modified":"2022-11-29T20:34:17","modified_gmt":"2022-11-29T19:34:17","slug":"communique-de-presse-cooperation-franco-allemande-en-matiere-deducation","status":"publish","type":"post","link":"https:\/\/www.pedagogie.ac-nice.fr\/allemand\/communique-de-presse-cooperation-franco-allemande-en-matiere-deducation\/","title":{"rendered":"Communiqu\u00e9 de presse &#8211; Coop\u00e9ration franco-allemande en mati\u00e8re d&rsquo;\u00e9ducation"},"content":{"rendered":"<p>Retrouvez le communiqu\u00e9 de presse du 24 novembre concernant la coop\u00e9ration franco-allemande en mati\u00e8re d&rsquo;\u00e9ducation:<\/p>\n<p><img loading=\"lazy\" decoding=\"async\" class=\"wp-image-1317 aligncenter\" src=\"https:\/\/www.pedagogie.ac-nice.fr\/allemand\/wp-content\/uploads\/sites\/42\/2022\/11\/2021-edg-espacepresse-picto-communiquepresse-jpg-87677-300x225.jpg\" alt=\"\" width=\"219\" height=\"164\" srcset=\"https:\/\/www.pedagogie.ac-nice.fr\/allemand\/wp-content\/uploads\/sites\/42\/2022\/11\/2021-edg-espacepresse-picto-communiquepresse-jpg-87677-300x225.jpg 300w, https:\/\/www.pedagogie.ac-nice.fr\/allemand\/wp-content\/uploads\/sites\/42\/2022\/11\/2021-edg-espacepresse-picto-communiquepresse-jpg-87677.jpg 368w\" sizes=\"auto, (max-width: 219px) 100vw, 219px\" \/><\/p>\n<p><!--more--><\/p>\n<a href=\"https:\/\/www.pedagogie.ac-nice.fr\/allemand\/wp-content\/uploads\/sites\/42\/2022\/11\/CP-24112022-Cooperation-franco-allemande.pdf\" class=\"pdfemb-viewer\" style=\"\" data-width=\"max\" data-height=\"max\" data-toolbar=\"bottom\" data-toolbar-fixed=\"off\">CP 24112022 Coop\u00e9ration franco-allemande<\/a>\n","protected":false},"excerpt":{"rendered":"<p>Retrouvez le communiqu\u00e9 de presse du 24 novembre concernant la coop\u00e9ration franco-allemande en mati\u00e8re d&rsquo;\u00e9ducation:<\/p><p><a class=\"more-link btn\" href=\"https:\/\/www.pedagogie.ac-nice.fr\/allemand\/communique-de-presse-cooperation-franco-allemande-en-matiere-deducation\/\">Lire la suite<\/a><\/p>\n","protected":false},"author":252,"featured_media":0,"comment_status":"closed","ping_status":"closed","sticky":false,"template":"","format":"standard","meta":{"ngg_post_thumbnail":0,"footnotes":""},"categories":[41],"tags":[],"class_list":["post-1315","post","type-post","status-publish","format-standard","hentry","category-actualites","item-wrap"],"rttpg_featured_image_url":null,"rttpg_author":{"display_name":"joelleduponthennig","author_link":"https:\/\/www.pedagogie.ac-nice.fr\/allemand\/author\/joelleduponthennig\/"},"rttpg_comment":0,"rttpg_category":"<a href=\"https:\/\/www.pedagogie.ac-nice.fr\/allemand\/category\/actualites\/\" rel=\"category tag\">Actualit\u00e9s<\/a>","rttpg_excerpt":"Retrouvez le communiqu\u00e9 de presse du 24 novembre concernant la coop\u00e9ration franco-allemande en mati\u00e8re d&rsquo;\u00e9ducation:","post_mailing_queue_ids":[],"_links":{"self":[{"href":"https:\/\/www.pedagogie.ac-nice.fr\/allemand\/wp-json\/wp\/v2\/posts\/1315","targetHints":{"allow":["GET"]}}],"collection":[{"href":"https:\/\/www.pedagogie.ac-nice.fr\/allemand\/wp-json\/wp\/v2\/posts"}],"about":[{"href":"https:\/\/www.pedagogie.ac-nice.fr\/allemand\/wp-json\/wp\/v2\/types\/post"}],"author":[{"embeddable":true,"href":"https:\/\/www.pedagogie.ac-nice.fr\/allemand\/wp-json\/wp\/v2\/users\/252"}],"replies":[{"embeddable":true,"href":"https:\/\/www.pedagogie.ac-nice.fr\/allemand\/wp-json\/wp\/v2\/comments?post=1315"}],"version-history":[{"count":1,"href":"https:\/\/www.pedagogie.ac-nice.fr\/allemand\/wp-json\/wp\/v2\/posts\/1315\/revisions"}],"predecessor-version":[{"id":1319,"href":"https:\/\/www.pedagogie.ac-nice.fr\/allemand\/wp-json\/wp\/v2\/posts\/1315\/revisions\/1319"}],"wp:attachment":[{"href":"https:\/\/www.pedagogie.ac-nice.fr\/allemand\/wp-json\/wp\/v2\/media?parent=1315"}],"wp:term":[{"taxonomy":"category","embeddable":true,"href":"https:\/\/www.pedagogie.ac-nice.fr\/allemand\/wp-json\/wp\/v2\/categories?post=1315"},{"taxonomy":"post_tag","embeddable":true,"href":"https:\/\/www.pedagogie.ac-nice.fr\/allemand\/wp-json\/wp\/v2\/tags?post=1315"}],"curies":[{"name":"wp","href":"https:\/\/api.w.org\/{rel}","templated":true}]}}