{"id":1332,"date":"2022-12-05T11:58:39","date_gmt":"2022-12-05T10:58:39","guid":{"rendered":"https:\/\/www.pedagogie.ac-nice.fr\/allemand\/?p=1332"},"modified":"2022-12-05T12:02:13","modified_gmt":"2022-12-05T11:02:13","slug":"jfa-2023-vos-projets-pour-le-60eme-anniversaire-du-traite-de-lelysee","status":"publish","type":"post","link":"https:\/\/www.pedagogie.ac-nice.fr\/allemand\/jfa-2023-vos-projets-pour-le-60eme-anniversaire-du-traite-de-lelysee\/","title":{"rendered":"JFA 2023: vos projets pour le 60\u00e8me anniversaire du Trait\u00e9 de l&rsquo;Elys\u00e9e"},"content":{"rendered":"<p><img loading=\"lazy\" decoding=\"async\" class=\"alignnone size-medium wp-image-1334 aligncenter\" src=\"https:\/\/www.pedagogie.ac-nice.fr\/allemand\/wp-content\/uploads\/sites\/42\/2022\/12\/593-journee-de-lamitie-franco-allemande-22-janvier_w1500-300x192.jpeg\" alt=\"\" width=\"300\" height=\"192\" srcset=\"https:\/\/www.pedagogie.ac-nice.fr\/allemand\/wp-content\/uploads\/sites\/42\/2022\/12\/593-journee-de-lamitie-franco-allemande-22-janvier_w1500-300x192.jpeg 300w, https:\/\/www.pedagogie.ac-nice.fr\/allemand\/wp-content\/uploads\/sites\/42\/2022\/12\/593-journee-de-lamitie-franco-allemande-22-janvier_w1500-1024x655.jpeg 1024w, https:\/\/www.pedagogie.ac-nice.fr\/allemand\/wp-content\/uploads\/sites\/42\/2022\/12\/593-journee-de-lamitie-franco-allemande-22-janvier_w1500-768x492.jpeg 768w, https:\/\/www.pedagogie.ac-nice.fr\/allemand\/wp-content\/uploads\/sites\/42\/2022\/12\/593-journee-de-lamitie-franco-allemande-22-janvier_w1500-555x355.jpeg 555w, https:\/\/www.pedagogie.ac-nice.fr\/allemand\/wp-content\/uploads\/sites\/42\/2022\/12\/593-journee-de-lamitie-franco-allemande-22-janvier_w1500.jpeg 1500w\" sizes=\"auto, (max-width: 300px) 100vw, 300px\" \/><\/p>\n<p>&nbsp;<\/p>\n<p><!--more--><\/p>\n<p>Le&nbsp;<strong>22 janvier 2023<\/strong>&nbsp;&#8211; ou autour de cette date -, les \u00e9coles et les \u00e9tablissements scolaires sont invit\u00e9s \u00e0 organiser des activit\u00e9s mobilisant l&rsquo;ensemble de la communaut\u00e9 \u00e9ducative, \u00e0 l\u2019occasion du 60<sup>e<\/sup>&nbsp;anniversaire de la signature du Trait\u00e9 de l\u2019Elys\u00e9e.&nbsp; La \u00ab\u00a0journ\u00e9e franco-allemande\u00a0\u00bb a lieu avec le soutien de nombreux partenaires, dont l&rsquo;<a title=\"Lien vers le site de l'Ofaj\" href=\"https:\/\/www.ofaj.org\/\" target=\"_blank\" rel=\"noopener\">Office franco-allemand pour la jeunesse (<span class=\"scayt-misspell-word\">Ofaj<\/span>)<\/a>, le&nbsp;<a title=\"Ouverture du site du Goethe Institut\" href=\"https:\/\/www.goethe.de\/ins\/fr\/fr\/sta\/par.html\" target=\"_blank\" rel=\"noopener\">Goethe-Institut,<\/a>&nbsp;l&rsquo;<a title=\"Lien vers le site de l'Adeaf\" href=\"https:\/\/adeaf.net\/\" target=\"_blank\" rel=\"noopener\">Association de d\u00e9veloppement de l&rsquo;enseignement de l&rsquo;allemand en France (<span class=\"scayt-misspell-word\">Adeaf<\/span>)<\/a>, les Maisons franco-allemandes et de nombreuses entreprises qui peuvent accueillir des classes lors de la \u00ab\u00a0<a title=\"Lien vers le programme de la journ\u00e9e d\u00e9couverte avec l'Ofaj\" href=\"https:\/\/www.ofaj.org\/programmes-formations\/journee-decouverte.html\" target=\"_blank\" rel=\"noopener\">Journ\u00e9e d\u00e9couverte<\/a>\u00a0\u00bb mise en&nbsp;<span class=\"scayt-misspell-word\">\u0153uvre<\/span>&nbsp;par&nbsp;<span class=\"scayt-misspell-word\">l&rsquo;Ofaj<\/span>.<\/p>\n<p>Le slogan propos\u00e9 \u00e0 leur r\u00e9flexion pour d\u00e9velopper des activit\u00e9s avec les \u00e9l\u00e8ves en lien avec ceux de leur \u00e9cole ou de l&rsquo;\u00e9tablissement partenaire allemand est le suivant :&nbsp;<strong>\u00ab\u00a0France et Allemagne \u2013 Unies pour la paix \/ Deutschland und Frankreich \u2013 f\u00fcr den Frieden vereint<\/strong>\u00ab\u00a0.<\/p>\n<p>Retrouvez le communiqu\u00e9 officiel ainsi que des ressources p\u00e9dagogiques \u00e0 ce sujet <a href=\"https:\/\/www.education.gouv.fr\/22-janvier-journee-franco-allemande-5513#:~:text=Le%2022%20janvier%202023%2C%20ou,la%20R%C3%A9publique%20f%C3%A9d%C3%A9rale%20d'Allemagne\" target=\"_blank\" rel=\"noopener\">ici<\/a><\/p>\n","protected":false},"excerpt":{"rendered":"<p>&nbsp;<\/p><p><a class=\"more-link btn\" href=\"https:\/\/www.pedagogie.ac-nice.fr\/allemand\/jfa-2023-vos-projets-pour-le-60eme-anniversaire-du-traite-de-lelysee\/\">Lire la suite<\/a><\/p>\n","protected":false},"author":252,"featured_media":0,"comment_status":"closed","ping_status":"closed","sticky":false,"template":"","format":"standard","meta":{"ngg_post_thumbnail":0,"footnotes":""},"categories":[41],"tags":[],"class_list":["post-1332","post","type-post","status-publish","format-standard","hentry","category-actualites","item-wrap"],"rttpg_featured_image_url":null,"rttpg_author":{"display_name":"joelleduponthennig","author_link":"https:\/\/www.pedagogie.ac-nice.fr\/allemand\/author\/joelleduponthennig\/"},"rttpg_comment":0,"rttpg_category":"<a href=\"https:\/\/www.pedagogie.ac-nice.fr\/allemand\/category\/actualites\/\" rel=\"category tag\">Actualit\u00e9s<\/a>","rttpg_excerpt":"&nbsp;","post_mailing_queue_ids":[],"_links":{"self":[{"href":"https:\/\/www.pedagogie.ac-nice.fr\/allemand\/wp-json\/wp\/v2\/posts\/1332","targetHints":{"allow":["GET"]}}],"collection":[{"href":"https:\/\/www.pedagogie.ac-nice.fr\/allemand\/wp-json\/wp\/v2\/posts"}],"about":[{"href":"https:\/\/www.pedagogie.ac-nice.fr\/allemand\/wp-json\/wp\/v2\/types\/post"}],"author":[{"embeddable":true,"href":"https:\/\/www.pedagogie.ac-nice.fr\/allemand\/wp-json\/wp\/v2\/users\/252"}],"replies":[{"embeddable":true,"href":"https:\/\/www.pedagogie.ac-nice.fr\/allemand\/wp-json\/wp\/v2\/comments?post=1332"}],"version-history":[{"count":4,"href":"https:\/\/www.pedagogie.ac-nice.fr\/allemand\/wp-json\/wp\/v2\/posts\/1332\/revisions"}],"predecessor-version":[{"id":1337,"href":"https:\/\/www.pedagogie.ac-nice.fr\/allemand\/wp-json\/wp\/v2\/posts\/1332\/revisions\/1337"}],"wp:attachment":[{"href":"https:\/\/www.pedagogie.ac-nice.fr\/allemand\/wp-json\/wp\/v2\/media?parent=1332"}],"wp:term":[{"taxonomy":"category","embeddable":true,"href":"https:\/\/www.pedagogie.ac-nice.fr\/allemand\/wp-json\/wp\/v2\/categories?post=1332"},{"taxonomy":"post_tag","embeddable":true,"href":"https:\/\/www.pedagogie.ac-nice.fr\/allemand\/wp-json\/wp\/v2\/tags?post=1332"}],"curies":[{"name":"wp","href":"https:\/\/api.w.org\/{rel}","templated":true}]}}