{"id":1339,"date":"2022-12-07T20:24:04","date_gmt":"2022-12-07T19:24:04","guid":{"rendered":"https:\/\/www.pedagogie.ac-nice.fr\/allemand\/?p=1339"},"modified":"2022-12-07T20:24:04","modified_gmt":"2022-12-07T19:24:04","slug":"tandems-franco-allemands-deutsch-franzosische-tandems","status":"publish","type":"post","link":"https:\/\/www.pedagogie.ac-nice.fr\/allemand\/tandems-franco-allemands-deutsch-franzosische-tandems\/","title":{"rendered":"Tandems franco-allemands\/ Deutsch-franz\u00f6sische Tandems"},"content":{"rendered":"<p><img loading=\"lazy\" decoding=\"async\" class=\"wp-image-1340 aligncenter\" src=\"https:\/\/www.pedagogie.ac-nice.fr\/allemand\/wp-content\/uploads\/sites\/42\/2022\/12\/Tandems-franco-allemands-300x93.jpg\" alt=\"\" width=\"313\" height=\"97\" srcset=\"https:\/\/www.pedagogie.ac-nice.fr\/allemand\/wp-content\/uploads\/sites\/42\/2022\/12\/Tandems-franco-allemands-300x93.jpg 300w, https:\/\/www.pedagogie.ac-nice.fr\/allemand\/wp-content\/uploads\/sites\/42\/2022\/12\/Tandems-franco-allemands-768x239.jpg 768w, https:\/\/www.pedagogie.ac-nice.fr\/allemand\/wp-content\/uploads\/sites\/42\/2022\/12\/Tandems-franco-allemands-555x172.jpg 555w, https:\/\/www.pedagogie.ac-nice.fr\/allemand\/wp-content\/uploads\/sites\/42\/2022\/12\/Tandems-franco-allemands.jpg 946w\" sizes=\"auto, (max-width: 313px) 100vw, 313px\" \/><\/p>\n<p><!--more--><\/p>\n<p>La Bavi\u00e8re nous propose une nouvelle initiative destin\u00e9e \u00e0 renforcer les liens entre ce land et la r\u00e9gion acad\u00e9mique PACA. Cette initiative s&rsquo;adresse aux professeurs d&rsquo;allemand et particuli\u00e8rement&nbsp; \u00e0 celles et ceux qui souhaitent entrer en contact avec un.e coll\u00e8gue bavarois.e.<\/p>\n<p>Vous trouverez en pi\u00e8ce jointe des explications plus pr\u00e9cises. Si vous \u00eates int\u00e9ress\u00e9.e, merci de renvoyer d&rsquo;ici les vacances de No\u00ebl (17\/12\/2022) la fiche d&rsquo;inscription \u00e0 Monsieur Sahlmann.<\/p>\n<p>&nbsp;<\/p>\n<a href=\"https:\/\/www.pedagogie.ac-nice.fr\/allemand\/wp-content\/uploads\/sites\/42\/2022\/12\/Tandems-franco-allemands.pdf\" class=\"pdfemb-viewer\" style=\"\" data-width=\"max\" data-height=\"max\" data-toolbar=\"bottom\" data-toolbar-fixed=\"off\">Tandems franco-allemands<\/a>\n","protected":false},"excerpt":{"rendered":"","protected":false},"author":252,"featured_media":0,"comment_status":"closed","ping_status":"closed","sticky":false,"template":"","format":"standard","meta":{"ngg_post_thumbnail":0,"footnotes":""},"categories":[41],"tags":[],"class_list":["post-1339","post","type-post","status-publish","format-standard","hentry","category-actualites","item-wrap"],"rttpg_featured_image_url":null,"rttpg_author":{"display_name":"joelleduponthennig","author_link":"https:\/\/www.pedagogie.ac-nice.fr\/allemand\/author\/joelleduponthennig\/"},"rttpg_comment":0,"rttpg_category":"<a href=\"https:\/\/www.pedagogie.ac-nice.fr\/allemand\/category\/actualites\/\" rel=\"category tag\">Actualit\u00e9s<\/a>","rttpg_excerpt":null,"post_mailing_queue_ids":[],"_links":{"self":[{"href":"https:\/\/www.pedagogie.ac-nice.fr\/allemand\/wp-json\/wp\/v2\/posts\/1339","targetHints":{"allow":["GET"]}}],"collection":[{"href":"https:\/\/www.pedagogie.ac-nice.fr\/allemand\/wp-json\/wp\/v2\/posts"}],"about":[{"href":"https:\/\/www.pedagogie.ac-nice.fr\/allemand\/wp-json\/wp\/v2\/types\/post"}],"author":[{"embeddable":true,"href":"https:\/\/www.pedagogie.ac-nice.fr\/allemand\/wp-json\/wp\/v2\/users\/252"}],"replies":[{"embeddable":true,"href":"https:\/\/www.pedagogie.ac-nice.fr\/allemand\/wp-json\/wp\/v2\/comments?post=1339"}],"version-history":[{"count":1,"href":"https:\/\/www.pedagogie.ac-nice.fr\/allemand\/wp-json\/wp\/v2\/posts\/1339\/revisions"}],"predecessor-version":[{"id":1342,"href":"https:\/\/www.pedagogie.ac-nice.fr\/allemand\/wp-json\/wp\/v2\/posts\/1339\/revisions\/1342"}],"wp:attachment":[{"href":"https:\/\/www.pedagogie.ac-nice.fr\/allemand\/wp-json\/wp\/v2\/media?parent=1339"}],"wp:term":[{"taxonomy":"category","embeddable":true,"href":"https:\/\/www.pedagogie.ac-nice.fr\/allemand\/wp-json\/wp\/v2\/categories?post=1339"},{"taxonomy":"post_tag","embeddable":true,"href":"https:\/\/www.pedagogie.ac-nice.fr\/allemand\/wp-json\/wp\/v2\/tags?post=1339"}],"curies":[{"name":"wp","href":"https:\/\/api.w.org\/{rel}","templated":true}]}}