{"id":1363,"date":"2023-01-30T18:57:26","date_gmt":"2023-01-30T17:57:26","guid":{"rendered":"https:\/\/www.pedagogie.ac-nice.fr\/allemand\/?p=1363"},"modified":"2023-01-30T18:57:26","modified_gmt":"2023-01-30T17:57:26","slug":"amis-un-jour-amis-toujours-concours-video-de-lamitie-franco-allemande","status":"publish","type":"post","link":"https:\/\/www.pedagogie.ac-nice.fr\/allemand\/amis-un-jour-amis-toujours-concours-video-de-lamitie-franco-allemande\/","title":{"rendered":"\u00ab Amis un jour, amis toujours \u00bb &#8211; concours vid\u00e9o de l\u2019amiti\u00e9 franco-allemande"},"content":{"rendered":"<p><img loading=\"lazy\" decoding=\"async\" class=\"size-full wp-image-1364 aligncenter\" src=\"https:\/\/www.pedagogie.ac-nice.fr\/allemand\/wp-content\/uploads\/sites\/42\/2023\/01\/arton939-1cfc8.png\" alt=\"\" width=\"250\" height=\"135\"><\/p>\n<p><!--more--><\/p>\n<p>L&rsquo;ADEAF organise cette ann\u00e9e un concours vid\u00e9o sur le th\u00e8me de l&rsquo;amiti\u00e9 franco-allemande. Ci-dessous le lien d\u2019acc\u00e8s au descriptif du concours.<br \/>\n<a href=\"http:\/\/adeaf.net\/Amis-un-jour-amis-toujours-concours-video-de-l-amitie-franco-allemande\" target=\"_blank\" rel=\"noopener\">http:\/\/adeaf.net\/Amis-un-jour-amis-toujours-concours-video-de-l-amitie-franco-allemande<\/a><\/p>\n","protected":false},"excerpt":{"rendered":"","protected":false},"author":252,"featured_media":0,"comment_status":"closed","ping_status":"closed","sticky":false,"template":"","format":"standard","meta":{"ngg_post_thumbnail":0,"footnotes":""},"categories":[41],"tags":[],"class_list":["post-1363","post","type-post","status-publish","format-standard","hentry","category-actualites","item-wrap"],"rttpg_featured_image_url":null,"rttpg_author":{"display_name":"joelleduponthennig","author_link":"https:\/\/www.pedagogie.ac-nice.fr\/allemand\/author\/joelleduponthennig\/"},"rttpg_comment":0,"rttpg_category":"<a href=\"https:\/\/www.pedagogie.ac-nice.fr\/allemand\/category\/actualites\/\" rel=\"category tag\">Actualit\u00e9s<\/a>","rttpg_excerpt":null,"post_mailing_queue_ids":[],"_links":{"self":[{"href":"https:\/\/www.pedagogie.ac-nice.fr\/allemand\/wp-json\/wp\/v2\/posts\/1363","targetHints":{"allow":["GET"]}}],"collection":[{"href":"https:\/\/www.pedagogie.ac-nice.fr\/allemand\/wp-json\/wp\/v2\/posts"}],"about":[{"href":"https:\/\/www.pedagogie.ac-nice.fr\/allemand\/wp-json\/wp\/v2\/types\/post"}],"author":[{"embeddable":true,"href":"https:\/\/www.pedagogie.ac-nice.fr\/allemand\/wp-json\/wp\/v2\/users\/252"}],"replies":[{"embeddable":true,"href":"https:\/\/www.pedagogie.ac-nice.fr\/allemand\/wp-json\/wp\/v2\/comments?post=1363"}],"version-history":[{"count":1,"href":"https:\/\/www.pedagogie.ac-nice.fr\/allemand\/wp-json\/wp\/v2\/posts\/1363\/revisions"}],"predecessor-version":[{"id":1365,"href":"https:\/\/www.pedagogie.ac-nice.fr\/allemand\/wp-json\/wp\/v2\/posts\/1363\/revisions\/1365"}],"wp:attachment":[{"href":"https:\/\/www.pedagogie.ac-nice.fr\/allemand\/wp-json\/wp\/v2\/media?parent=1363"}],"wp:term":[{"taxonomy":"category","embeddable":true,"href":"https:\/\/www.pedagogie.ac-nice.fr\/allemand\/wp-json\/wp\/v2\/categories?post=1363"},{"taxonomy":"post_tag","embeddable":true,"href":"https:\/\/www.pedagogie.ac-nice.fr\/allemand\/wp-json\/wp\/v2\/tags?post=1363"}],"curies":[{"name":"wp","href":"https:\/\/api.w.org\/{rel}","templated":true}]}}