{"id":1411,"date":"2023-07-04T14:13:57","date_gmt":"2023-07-04T12:13:57","guid":{"rendered":"https:\/\/www.pedagogie.ac-nice.fr\/allemand\/?p=1411"},"modified":"2023-07-04T14:14:47","modified_gmt":"2023-07-04T12:14:47","slug":"palmares-du-concours-interlangues-de-lacademie-de-nice","status":"publish","type":"post","link":"https:\/\/www.pedagogie.ac-nice.fr\/allemand\/palmares-du-concours-interlangues-de-lacademie-de-nice\/","title":{"rendered":"Palmar\u00e8s du Concours Interlangues de l&rsquo;Acad\u00e9mie de Nice"},"content":{"rendered":"<p>&nbsp;<\/p>\n<p><img loading=\"lazy\" decoding=\"async\" class=\" wp-image-1412 aligncenter\" src=\"https:\/\/www.pedagogie.ac-nice.fr\/allemand\/wp-content\/uploads\/sites\/42\/2023\/07\/concoursHistoirescommunes-300x170.jpg\" alt=\"\" width=\"396\" height=\"224\" srcset=\"https:\/\/www.pedagogie.ac-nice.fr\/allemand\/wp-content\/uploads\/sites\/42\/2023\/07\/concoursHistoirescommunes-300x170.jpg 300w, https:\/\/www.pedagogie.ac-nice.fr\/allemand\/wp-content\/uploads\/sites\/42\/2023\/07\/concoursHistoirescommunes-1024x580.jpg 1024w, https:\/\/www.pedagogie.ac-nice.fr\/allemand\/wp-content\/uploads\/sites\/42\/2023\/07\/concoursHistoirescommunes-768x435.jpg 768w, https:\/\/www.pedagogie.ac-nice.fr\/allemand\/wp-content\/uploads\/sites\/42\/2023\/07\/concoursHistoirescommunes-555x314.jpg 555w, https:\/\/www.pedagogie.ac-nice.fr\/allemand\/wp-content\/uploads\/sites\/42\/2023\/07\/concoursHistoirescommunes.jpg 1420w\" sizes=\"auto, (max-width: 396px) 100vw, 396px\" \/><\/p>\n<p><!--more--><\/p>\n<p><strong>Semaine des Langues Vivantes 2023 : Voici le palmar\u00e8s du concours inter-langues !<\/strong><br \/>\nCette ann\u00e9e, la th\u00e9matique choisie \u00e9tait&nbsp;<strong>\u201cL\u2019important, c\u2019est de communiquer !\u201d<\/strong>, en \u00e9cho \u00e0 la pr\u00e9paration des J.O. de Paris 2024. Les&nbsp;<strong>valeurs de l\u2019olympisme<\/strong>, du&nbsp;<strong>vivre ensemble<\/strong>&nbsp;et de&nbsp;<strong>l\u2019inclusion<\/strong>&nbsp;ont ainsi \u00e9t\u00e9 mises \u00e0 l\u2019honneur.<br \/>\nUne fois encore, le&nbsp;<strong>concours d\u2019\u00e9criture collaborative \u201cHistoires communes\u201d<\/strong>, organis\u00e9 par le&nbsp;<strong>Groupe Num\u00e9rique Inter-langues de l\u2019acad\u00e9mie de Nice<\/strong>&nbsp;dans le cadre de la&nbsp;<strong>Semaine des Langues Vivantes<\/strong>, a remport\u00e9 un grand succ\u00e8s ! Les&nbsp;<strong>25 projets<\/strong>&nbsp;retenus ont rassembl\u00e9&nbsp;<strong>30 \u00e9tablissements<\/strong>&nbsp;et&nbsp;<strong>plus de 1000 \u00e9l\u00e8ves<\/strong>, de la&nbsp;<strong>maternelle<\/strong>&nbsp;au&nbsp;<strong>lyc\u00e9e<\/strong>, et de&nbsp;<strong>Menton<\/strong>&nbsp;\u00e0&nbsp;<strong>Brignoles<\/strong>&nbsp;! Le jury du GND a souvent \u00e9t\u00e9 impressionn\u00e9 et parfois \u00e9mu par la&nbsp;<strong>qualit\u00e9 des projets propos\u00e9s<\/strong>. Un grand&nbsp;<strong>merci<\/strong>&nbsp;et un immense&nbsp;<strong>bravo<\/strong>&nbsp;\u00e0 toutes et \u00e0 tous !<br \/>\nUn grand&nbsp;<strong>merci<\/strong>&nbsp;\u00e9galement&nbsp;<strong>aux membres du GND<\/strong>, pour l\u2019organisation et l\u2019animation de ce concours, qui rend compte de la belle&nbsp;<strong>dynamique inter-langues de notre acad\u00e9mie<\/strong>. Le GND tient \u00e9galement \u00e0 remercier&nbsp;<strong>les inspectrices et inspecteurs de Langues Vivantes<\/strong>&nbsp;pour leur&nbsp;<strong>confiance<\/strong>&nbsp;et leur&nbsp;<strong>soutien<\/strong>.<br \/>\nApr\u00e8s d\u00e9lib\u00e9ration, voici le&nbsp;<strong>palmar\u00e8s<\/strong>&nbsp;!&nbsp;<strong>Et les laur\u00e9ats sont\u2026<\/strong><\/p>\n<div class=\"entry-content clearfix\">\n<div>\n<div><iframe loading=\"lazy\" title=\"Palmar\u00e8s - Concours Inter-langues \" src=\"https:\/\/view.genial.ly\/647b11e9365fc10019e9232b\" width=\"1200px\" height=\"675px\" frameborder=\"0\" scrolling=\"yes\" allowfullscreen=\"allowfullscreen\" data-mce-fragment=\"1\"><\/iframe><\/div>\n<\/div>\n<\/div>\n<ul class=\"entry-footer\">\n<li class=\"addthis col-sm-8\">\n<div class=\"add-this\">&nbsp;<\/div>\n<\/li>\n<\/ul>\n","protected":false},"excerpt":{"rendered":"<p>&nbsp;<\/p><p><a class=\"more-link btn\" href=\"https:\/\/www.pedagogie.ac-nice.fr\/allemand\/palmares-du-concours-interlangues-de-lacademie-de-nice\/\">Lire la suite<\/a><\/p>\n","protected":false},"author":252,"featured_media":0,"comment_status":"closed","ping_status":"closed","sticky":false,"template":"","format":"standard","meta":{"ngg_post_thumbnail":0,"footnotes":""},"categories":[41,59],"tags":[],"class_list":["post-1411","post","type-post","status-publish","format-standard","hentry","category-actualites","category-interlangues","item-wrap"],"rttpg_featured_image_url":null,"rttpg_author":{"display_name":"joelleduponthennig","author_link":"https:\/\/www.pedagogie.ac-nice.fr\/allemand\/author\/joelleduponthennig\/"},"rttpg_comment":0,"rttpg_category":"<a href=\"https:\/\/www.pedagogie.ac-nice.fr\/allemand\/category\/actualites\/\" rel=\"category tag\">Actualit\u00e9s<\/a> <a href=\"https:\/\/www.pedagogie.ac-nice.fr\/allemand\/category\/interlangues\/\" rel=\"category tag\">Interlangues<\/a>","rttpg_excerpt":"&nbsp;","post_mailing_queue_ids":[],"_links":{"self":[{"href":"https:\/\/www.pedagogie.ac-nice.fr\/allemand\/wp-json\/wp\/v2\/posts\/1411","targetHints":{"allow":["GET"]}}],"collection":[{"href":"https:\/\/www.pedagogie.ac-nice.fr\/allemand\/wp-json\/wp\/v2\/posts"}],"about":[{"href":"https:\/\/www.pedagogie.ac-nice.fr\/allemand\/wp-json\/wp\/v2\/types\/post"}],"author":[{"embeddable":true,"href":"https:\/\/www.pedagogie.ac-nice.fr\/allemand\/wp-json\/wp\/v2\/users\/252"}],"replies":[{"embeddable":true,"href":"https:\/\/www.pedagogie.ac-nice.fr\/allemand\/wp-json\/wp\/v2\/comments?post=1411"}],"version-history":[{"count":2,"href":"https:\/\/www.pedagogie.ac-nice.fr\/allemand\/wp-json\/wp\/v2\/posts\/1411\/revisions"}],"predecessor-version":[{"id":1414,"href":"https:\/\/www.pedagogie.ac-nice.fr\/allemand\/wp-json\/wp\/v2\/posts\/1411\/revisions\/1414"}],"wp:attachment":[{"href":"https:\/\/www.pedagogie.ac-nice.fr\/allemand\/wp-json\/wp\/v2\/media?parent=1411"}],"wp:term":[{"taxonomy":"category","embeddable":true,"href":"https:\/\/www.pedagogie.ac-nice.fr\/allemand\/wp-json\/wp\/v2\/categories?post=1411"},{"taxonomy":"post_tag","embeddable":true,"href":"https:\/\/www.pedagogie.ac-nice.fr\/allemand\/wp-json\/wp\/v2\/tags?post=1411"}],"curies":[{"name":"wp","href":"https:\/\/api.w.org\/{rel}","templated":true}]}}