{"id":145,"date":"2010-11-06T20:28:55","date_gmt":"2010-11-06T19:28:55","guid":{"rendered":"https:\/\/www.pedagogie.ac-nice.fr\/allemand\/2010\/11\/06\/dnb\/"},"modified":"2010-11-06T20:28:55","modified_gmt":"2010-11-06T19:28:55","slug":"dnb","status":"publish","type":"post","link":"https:\/\/www.pedagogie.ac-nice.fr\/allemand\/dnb\/","title":{"rendered":"DNB"},"content":{"rendered":"<p><span style=\"font-size: large;\"><span style=\"color: #3366ff;\"><strong>Annales\u00a0de brevet<\/strong><\/span><\/span><\/p>\n<p><span style=\"font-size: 10pt\"><span style=\"color: #3366ff;\"><span style=\"font-size: 12pt;\"><span style=\"color: #000000;\"><span style=\"font-size: x-small;\"><span style=\"font-size: small;\">A<\/span><span style=\"font-size: small;\">cc\u00e8s au site. <\/span><\/span><\/span><\/span><\/span><\/span><span style=\"font-size: small;\">Cliquer <a href=\"http:\/\/www.bankexam.fr\" target=\"_blank\" rel=\"noopener noreferrer\">ici<\/a><\/span><\/p>\n<p><span style=\"font-size: small;\">Ou\u00a0sur le Service Interacad\u00e9mique des Examens et Concours. Cliquer <a href=\"http:\/\/www.siec.fr\/index.php?rub=159\" target=\"_blank\" rel=\"noopener noreferrer\">ici<\/a>.<\/span><\/p>\n<p><span style=\"font-size: large;\"><span style=\"color: #ff9900;\"><strong><span style=\"color: #3366ff;\">DNB<\/span><\/strong><\/span> <\/span><\/p>\n<p><span style=\"font-size: small;\"><span style=\"color: #993366;\"><strong>Quelques rappels sur le cadre : <\/strong><\/span><\/span><\/p>\n<ul>\n<li>\n<div><span style=\"font-size: small;\">Fiche des comp\u00e9tences \u00e0 valider. Cliquer <a href=\"https:\/\/www.pedagogie.ac-nice.fr\/allemand\/wp-content\/uploads\/sites\/42\/2010\/11\/fichecompetencesa2.pdf\" target=\"_blank\" rel=\"noopener noreferrer\">ici <\/a><\/span><\/div>\n<\/li>\n<li>\n<div><span style=\"font-size: small;\">Expression orale en continu. Cliquer<a href=\"https:\/\/www.pedagogie.ac-nice.fr\/allemand\/wp-content\/uploads\/sites\/42\/2010\/11\/eocontinu.pdf\" target=\"_blank\" rel=\"noopener noreferrer\"> ici<\/a><\/span><\/div>\n<\/li>\n<li>\n<div><span style=\"font-size: small;\">Descripteurs du cadre. Cliquer <a href=\"https:\/\/www.pedagogie.ac-nice.fr\/allemand\/wp-content\/uploads\/sites\/42\/2010\/11\/descripteurscadre.pdf\" target=\"_blank\" rel=\"noopener noreferrer\">ici <\/a><\/span><\/div>\n<\/li>\n<li>\n<div><span style=\"font-size: small;\">Expression orale en continu\/ \u00e9l\u00e9ments du socle et indications pour l&rsquo;\u00e9valuation. Cliquer <a href=\"https:\/\/www.pedagogie.ac-nice.fr\/allemand\/wp-content\/uploads\/sites\/42\/2010\/11\/eocontinua2.pdf\" target=\"_blank\" rel=\"noopener noreferrer\">ici<\/a><\/span><\/div>\n<\/li>\n<\/ul>\n<p><span style=\"font-size: small;\"><span style=\"color: #993366;\"><strong>Grilles \u00e0 remplir :<\/strong><\/span><\/span><\/p>\n<ul>\n<li>\n<div><span style=\"font-size: small;\">Expression orale en continu\/ grille. Cliquer <a href=\"https:\/\/www.pedagogie.ac-nice.fr\/allemand\/wp-content\/uploads\/sites\/42\/2010\/11\/parler.doc\" target=\"_blank\" rel=\"noopener noreferrer\">ici <\/a><\/span><\/div>\n<\/li>\n<li>\n<div><span style=\"font-size: small;\">Expression orale en interaction\/ grille. Cliquer <a href=\"https:\/\/www.pedagogie.ac-nice.fr\/allemand\/wp-content\/uploads\/sites\/42\/2010\/11\/eointeraction.doc\" target=\"_blank\" rel=\"noopener noreferrer\">ici<\/a><\/span><\/div>\n<\/li>\n<li>\n<div><span style=\"font-size: small;\">Compr\u00e9hension de l&rsquo;oral\/ grille. Cliquer <a href=\"https:\/\/www.pedagogie.ac-nice.fr\/allemand\/wp-content\/uploads\/sites\/42\/2010\/11\/co.doc\" target=\"_blank\" rel=\"noopener noreferrer\">ici <\/a><\/span><\/div>\n<\/li>\n<li>\n<div><span style=\"font-size: small;\">Expression \u00e9crite\/ grille. Cliquer <a href=\"https:\/\/www.pedagogie.ac-nice.fr\/allemand\/wp-content\/uploads\/sites\/42\/2010\/11\/ce.doc\" target=\"_blank\" rel=\"noopener noreferrer\">ici<\/a><\/span><\/div>\n<\/li>\n<li>\n<div><span style=\"font-size: small;\">Compr\u00e9hension de l&rsquo;\u00e9crit\/ grille. Cliquer <a href=\"https:\/\/www.pedagogie.ac-nice.fr\/allemand\/wp-content\/uploads\/sites\/42\/2010\/11\/ce.doc\" target=\"_blank\" rel=\"noopener noreferrer\">ici<\/a><\/span><\/div>\n<\/li>\n<\/ul>\n<p><span style=\"font-size: small;\"><span style=\"color: #993366;\"><strong>Evaluations<\/strong><\/span> portant sur les\u00a0comp\u00e9tences orales pour le brevet, propos\u00e9es par Alain Viallon. Vous pouvez les ouvrir ou les enregistrer directement en faisant un clic droit \u00ab\u00a0enregistrer la cible sous&#8230;\u00a0\u00bb (choisissez l&#8217;emplacement sur votre ordinateur) : <\/span><\/p>\n<ul>\n<li>\n<div><span style=\"font-size: small;\"><a href=\"https:\/\/www.pedagogie.ac-nice.fr\/allemand\/wp-content\/uploads\/sites\/42\/2010\/11\/testaprof.doc\" target=\"_blank\" rel=\"noopener noreferrer\">Fiche A professeur<\/a>\/ <a href=\"https:\/\/www.pedagogie.ac-nice.fr\/allemand\/wp-content\/uploads\/sites\/42\/2010\/11\/testae.doc\" target=\"_blank\" rel=\"noopener noreferrer\">Fiche A \u00e9l\u00e8ve<\/a> \/ document sonore A<\/span><\/div>\n<\/li>\n<li>\n<div>\n<div><span style=\"font-size: small;\"><a href=\"images\/stories\/DNB\/test%20bprof\" target=\"_blank\" rel=\"noopener noreferrer\">Fiche\u00a0B professeur<\/a>\/ <a href=\"https:\/\/www.pedagogie.ac-nice.fr\/allemand\/wp-content\/uploads\/sites\/42\/2010\/11\/test-be.doc\" target=\"_self\" rel=\"noopener noreferrer\">Fiche\u00a0B \u00e9l\u00e8ve<\/a> \/ document sonore B<\/span><\/div>\n<\/p><\/div>\n<\/li>\n<li>\n<div>\n<div>\n<div><span style=\"font-size: small;\"><a href=\"https:\/\/www.pedagogie.ac-nice.fr\/allemand\/wp-content\/uploads\/sites\/42\/2010\/11\/test-cprof.doc\" target=\"_blank\" rel=\"noopener noreferrer\">Fiche\u00a0C professeur<\/a>\/ <a href=\"https:\/\/www.pedagogie.ac-nice.fr\/allemand\/wp-content\/uploads\/sites\/42\/2010\/11\/test-ce.doc\" target=\"_blank\" rel=\"noopener noreferrer\">Fiche\u00a0C \u00e9l\u00e8ve<\/a> \/ document sonore C<\/span><\/div>\n<\/p><\/div>\n<\/p><\/div>\n<\/li>\n<li>\n<div>\n<div>\n<div>\n<div><span style=\"font-size: small;\"><a href=\"https:\/\/www.pedagogie.ac-nice.fr\/allemand\/wp-content\/uploads\/sites\/42\/2010\/11\/test-de.doc\" target=\"_blank\" rel=\"noopener noreferrer\">Fiche\u00a0D professeur<\/a>\/ <a href=\"https:\/\/www.pedagogie.ac-nice.fr\/allemand\/wp-content\/uploads\/sites\/42\/2010\/11\/test-de.doc\" target=\"_self\" rel=\"noopener noreferrer\">Fiche\u00a0D \u00e9l\u00e8ve<\/a> \/ document sonore D<\/span><\/div>\n<\/p><\/div>\n<\/p><\/div>\n<\/p><\/div>\n<\/li>\n<li>\n<div>\n<div>\n<div>\n<div>\n<div><span style=\"font-size: small;\"><a href=\"images\/stories\/DNB\/test%20e\" target=\"_blank\" rel=\"noopener noreferrer\">Fiche\u00a0E professeur<\/a>\/ <a href=\"images\/stories\/DNB\/test%20ee\" target=\"_blank\" rel=\"noopener noreferrer\">Fiche\u00a0E \u00e9l\u00e8ve<\/a> \/ document sonore E<\/span><\/div>\n<\/p><\/div>\n<\/p><\/div>\n<\/p><\/div>\n<\/p><\/div>\n<\/li>\n<li>\n<div>\n<div>\n<div>\n<div>\n<div>\n<div><span style=\"font-size: small;\"><a href=\"https:\/\/www.pedagogie.ac-nice.fr\/allemand\/wp-content\/uploads\/sites\/42\/2010\/11\/test-fprof.doc\" target=\"_blank\" rel=\"noopener noreferrer\">Fiche\u00a0F professeur<\/a>\/ <a href=\"https:\/\/www.pedagogie.ac-nice.fr\/allemand\/wp-content\/uploads\/sites\/42\/2010\/11\/test-fe.doc\" target=\"_blank\" rel=\"noopener noreferrer\">Fiche\u00a0F \u00e9l\u00e8ve<\/a> \/ document sonore F<\/span><\/div>\n<\/p><\/div>\n<\/p><\/div>\n<\/p><\/div>\n<\/p><\/div>\n<\/p><\/div>\n<\/li>\n<li>\n<div>\n<div>\n<div>\n<div>\n<div>\n<div>\n<div><span style=\"font-size: small;\"><a href=\"https:\/\/www.pedagogie.ac-nice.fr\/allemand\/wp-content\/uploads\/sites\/42\/2010\/11\/test-gprof.doc\" target=\"_blank\" rel=\"noopener noreferrer\">Fiche G professeur<\/a>\/ <a href=\"https:\/\/www.pedagogie.ac-nice.fr\/allemand\/wp-content\/uploads\/sites\/42\/2010\/11\/test-ge.doc\" target=\"_blank\" rel=\"noopener noreferrer\">Fiche\u00a0G \u00e9l\u00e8ve<\/a> \/ document sonore G<\/span><\/div>\n<\/p><\/div>\n<\/p><\/div>\n<\/p><\/div>\n<\/p><\/div>\n<\/p><\/div>\n<\/p><\/div>\n<\/li>\n<li>\n<div>\n<div>\n<div>\n<div>\n<div>\n<div>\n<div>\n<div><span style=\"font-size: small;\"><a href=\"https:\/\/www.pedagogie.ac-nice.fr\/allemand\/wp-content\/uploads\/sites\/42\/2010\/11\/test-hprof.doc\" target=\"_blank\" rel=\"noopener noreferrer\">Fiche\u00a0H professeur<\/a>\/ <a href=\"https:\/\/www.pedagogie.ac-nice.fr\/allemand\/wp-content\/uploads\/sites\/42\/2010\/11\/test-he.doc\" target=\"_self\" rel=\"noopener noreferrer\">Fiche\u00a0H \u00e9l\u00e8ve<\/a> \/ document sonore H<\/span><\/div>\n<\/p><\/div>\n<\/p><\/div>\n<\/p><\/div>\n<\/p><\/div>\n<\/p><\/div>\n<\/p><\/div>\n<\/p><\/div>\n<\/li>\n<\/ul>\n","protected":false},"excerpt":{"rendered":"<p>Annales\u00a0de brevet Acc\u00e8s au site. Cliquer ici Ou\u00a0sur le Service Interacad\u00e9mique des Examens et Concours. Cliquer ici. DNB Quelques rappels sur le cadre : Fiche des comp\u00e9tences \u00e0 valider. Cliquer ici Expression orale en continu. Cliquer ici Descripteurs du cadre. Cliquer ici Expression orale en continu\/ \u00e9l\u00e9ments du socle et indications pour l&rsquo;\u00e9valuation. Cliquer ici &hellip; <\/p>\n<p><a class=\"more-link btn\" href=\"https:\/\/www.pedagogie.ac-nice.fr\/allemand\/dnb\/\">Lire la suite<\/a><\/p>\n","protected":false},"author":1,"featured_media":0,"comment_status":"closed","ping_status":"closed","sticky":false,"template":"","format":"standard","meta":{"ngg_post_thumbnail":0,"footnotes":""},"categories":[27],"tags":[],"class_list":["post-145","post","type-post","status-publish","format-standard","hentry","category-tests-et-examens","item-wrap"],"rttpg_featured_image_url":null,"rttpg_author":{"display_name":"norco","author_link":"https:\/\/www.pedagogie.ac-nice.fr\/allemand\/author\/norco\/"},"rttpg_comment":0,"rttpg_category":"<a href=\"https:\/\/www.pedagogie.ac-nice.fr\/allemand\/category\/ressources\/tests-et-examens\/\" rel=\"category tag\">Tests et examens<\/a>","rttpg_excerpt":"Annales\u00a0de brevet Acc\u00e8s au site. Cliquer ici Ou\u00a0sur le Service Interacad\u00e9mique des Examens et Concours. Cliquer ici. DNB Quelques rappels sur le cadre : Fiche des comp\u00e9tences \u00e0 valider. Cliquer ici Expression orale en continu. Cliquer ici Descripteurs du cadre. Cliquer ici Expression orale en continu\/ \u00e9l\u00e9ments du socle et indications pour l&rsquo;\u00e9valuation. Cliquer ici\u2026","post_mailing_queue_ids":[],"_links":{"self":[{"href":"https:\/\/www.pedagogie.ac-nice.fr\/allemand\/wp-json\/wp\/v2\/posts\/145","targetHints":{"allow":["GET"]}}],"collection":[{"href":"https:\/\/www.pedagogie.ac-nice.fr\/allemand\/wp-json\/wp\/v2\/posts"}],"about":[{"href":"https:\/\/www.pedagogie.ac-nice.fr\/allemand\/wp-json\/wp\/v2\/types\/post"}],"author":[{"embeddable":true,"href":"https:\/\/www.pedagogie.ac-nice.fr\/allemand\/wp-json\/wp\/v2\/users\/1"}],"replies":[{"embeddable":true,"href":"https:\/\/www.pedagogie.ac-nice.fr\/allemand\/wp-json\/wp\/v2\/comments?post=145"}],"version-history":[{"count":0,"href":"https:\/\/www.pedagogie.ac-nice.fr\/allemand\/wp-json\/wp\/v2\/posts\/145\/revisions"}],"wp:attachment":[{"href":"https:\/\/www.pedagogie.ac-nice.fr\/allemand\/wp-json\/wp\/v2\/media?parent=145"}],"wp:term":[{"taxonomy":"category","embeddable":true,"href":"https:\/\/www.pedagogie.ac-nice.fr\/allemand\/wp-json\/wp\/v2\/categories?post=145"},{"taxonomy":"post_tag","embeddable":true,"href":"https:\/\/www.pedagogie.ac-nice.fr\/allemand\/wp-json\/wp\/v2\/tags?post=145"}],"curies":[{"name":"wp","href":"https:\/\/api.w.org\/{rel}","templated":true}]}}