{"id":154,"date":"2011-01-28T19:01:33","date_gmt":"2011-01-28T18:01:33","guid":{"rendered":"https:\/\/www.pedagogie.ac-nice.fr\/allemand\/2011\/01\/28\/appariement-autriche\/"},"modified":"2011-01-28T19:01:33","modified_gmt":"2011-01-28T18:01:33","slug":"appariement-autriche","status":"publish","type":"post","link":"https:\/\/www.pedagogie.ac-nice.fr\/allemand\/appariement-autriche\/","title":{"rendered":"Appariement Autriche"},"content":{"rendered":"<p><span style=\"color: #3366ff;\"><strong><span style=\"font-size: large;\"><img loading=\"lazy\" decoding=\"async\" class=\" size-full wp-image-12\" src=\"https:\/\/www.pedagogie.ac-nice.fr\/allemand\/wp-content\/uploads\/sites\/42\/2009\/06\/new_140.gif\" border=\"0\" width=\"120\" height=\"40\" \/>Appariement avec l&rsquo;Autriche<\/span><\/strong><\/span><\/p>\n<p>L&rsquo;Institut fran\u00e7ais de Vienne souhaite \u00e9tablir des partenariats en vue de futurs projets p\u00e9dagogiques.<br \/>Si votre \u00e9tablissement d\u00e9sire \u00e9tablir un appariement, mettre en place un futur projet, nous vous prions de bien vouloir compl\u00e9ter la fiche (cliquer ici)\u00a0 et la transmettre <span style=\"text-decoration: underline;\">avec copie \u00e0 la DAREIC<\/span> :<br \/>&#8211; soit par courriel \u00e0 :<a href=\"http:\/\/www.ac-nice.fr\/portail-de-langues\/portl_allemand\/anne-cecile.jarasse@diplomatie.gouv.fr\">anne-cecile.jarasse@diplomatie.gouv.fr<\/a><br \/>&#8211; soit par voie postale \u00e0 l\u2019adresse suivante :<br \/>Institut Fran\u00e7ais de Vienne<br \/>\u00e0 l\u2019attention d&rsquo;Yvan Jacquemin<br \/>W\u00e4hringerstrasse 30<br \/>A \u2013 1090 Vienne<\/p>\n","protected":false},"excerpt":{"rendered":"<p>Appariement avec l&rsquo;Autriche L&rsquo;Institut fran\u00e7ais de Vienne souhaite \u00e9tablir des partenariats en vue de futurs projets p\u00e9dagogiques.Si votre \u00e9tablissement d\u00e9sire \u00e9tablir un appariement, mettre en place un futur projet, nous vous prions de bien vouloir compl\u00e9ter la fiche (cliquer ici)\u00a0 et la transmettre avec copie \u00e0 la DAREIC :&#8211; soit par courriel \u00e0 :anne-cecile.jarasse@diplomatie.gouv.fr&#8211; soit &hellip; <\/p>\n<p><a class=\"more-link btn\" href=\"https:\/\/www.pedagogie.ac-nice.fr\/allemand\/appariement-autriche\/\">Lire la suite<\/a><\/p>\n","protected":false},"author":1,"featured_media":12,"comment_status":"closed","ping_status":"closed","sticky":false,"template":"","format":"standard","meta":{"ngg_post_thumbnail":0,"footnotes":""},"categories":[11],"tags":[],"class_list":["post-154","post","type-post","status-publish","format-standard","has-post-thumbnail","hentry","category-petites-annonces","item-wrap"],"rttpg_featured_image_url":{"full":["https:\/\/www.pedagogie.ac-nice.fr\/allemand\/wp-content\/uploads\/sites\/42\/2009\/06\/new_140.gif",120,40,false],"landscape":["https:\/\/www.pedagogie.ac-nice.fr\/allemand\/wp-content\/uploads\/sites\/42\/2009\/06\/new_140.gif",120,40,false],"portraits":["https:\/\/www.pedagogie.ac-nice.fr\/allemand\/wp-content\/uploads\/sites\/42\/2009\/06\/new_140.gif",120,40,false],"thumbnail":["https:\/\/www.pedagogie.ac-nice.fr\/allemand\/wp-content\/uploads\/sites\/42\/2009\/06\/new_140.gif",120,40,false],"medium":["https:\/\/www.pedagogie.ac-nice.fr\/allemand\/wp-content\/uploads\/sites\/42\/2009\/06\/new_140.gif",120,40,false],"large":["https:\/\/www.pedagogie.ac-nice.fr\/allemand\/wp-content\/uploads\/sites\/42\/2009\/06\/new_140.gif",120,40,false],"1536x1536":["https:\/\/www.pedagogie.ac-nice.fr\/allemand\/wp-content\/uploads\/sites\/42\/2009\/06\/new_140.gif",120,40,false],"2048x2048":["https:\/\/www.pedagogie.ac-nice.fr\/allemand\/wp-content\/uploads\/sites\/42\/2009\/06\/new_140.gif",120,40,false],"graphene_slider":["https:\/\/www.pedagogie.ac-nice.fr\/allemand\/wp-content\/uploads\/sites\/42\/2009\/06\/new_140.gif",120,40,false],"graphene_featured_image":["https:\/\/www.pedagogie.ac-nice.fr\/allemand\/wp-content\/uploads\/sites\/42\/2009\/06\/new_140.gif",120,40,false],"post-thumbnail":["https:\/\/www.pedagogie.ac-nice.fr\/allemand\/wp-content\/uploads\/sites\/42\/2009\/06\/new_140.gif",120,40,false],"advps-thumb-one":["https:\/\/www.pedagogie.ac-nice.fr\/allemand\/wp-content\/uploads\/sites\/42\/2009\/06\/new_140.gif",120,40,false]},"rttpg_author":{"display_name":"norco","author_link":"https:\/\/www.pedagogie.ac-nice.fr\/allemand\/author\/norco\/"},"rttpg_comment":0,"rttpg_category":"<a href=\"https:\/\/www.pedagogie.ac-nice.fr\/allemand\/category\/programmedechanges\/petites-annonces\/\" rel=\"category tag\">Echanges, voyages, petites annonces<\/a>","rttpg_excerpt":"Appariement avec l&rsquo;Autriche L&rsquo;Institut fran\u00e7ais de Vienne souhaite \u00e9tablir des partenariats en vue de futurs projets p\u00e9dagogiques.Si votre \u00e9tablissement d\u00e9sire \u00e9tablir un appariement, mettre en place un futur projet, nous vous prions de bien vouloir compl\u00e9ter la fiche (cliquer ici)\u00a0 et la transmettre avec copie \u00e0 la DAREIC :&#8211; soit par courriel \u00e0 :anne-cecile.jarasse@diplomatie.gouv.fr&#8211; soit\u2026","post_mailing_queue_ids":[],"_links":{"self":[{"href":"https:\/\/www.pedagogie.ac-nice.fr\/allemand\/wp-json\/wp\/v2\/posts\/154","targetHints":{"allow":["GET"]}}],"collection":[{"href":"https:\/\/www.pedagogie.ac-nice.fr\/allemand\/wp-json\/wp\/v2\/posts"}],"about":[{"href":"https:\/\/www.pedagogie.ac-nice.fr\/allemand\/wp-json\/wp\/v2\/types\/post"}],"author":[{"embeddable":true,"href":"https:\/\/www.pedagogie.ac-nice.fr\/allemand\/wp-json\/wp\/v2\/users\/1"}],"replies":[{"embeddable":true,"href":"https:\/\/www.pedagogie.ac-nice.fr\/allemand\/wp-json\/wp\/v2\/comments?post=154"}],"version-history":[{"count":0,"href":"https:\/\/www.pedagogie.ac-nice.fr\/allemand\/wp-json\/wp\/v2\/posts\/154\/revisions"}],"wp:featuredmedia":[{"embeddable":true,"href":"https:\/\/www.pedagogie.ac-nice.fr\/allemand\/wp-json\/wp\/v2\/media\/12"}],"wp:attachment":[{"href":"https:\/\/www.pedagogie.ac-nice.fr\/allemand\/wp-json\/wp\/v2\/media?parent=154"}],"wp:term":[{"taxonomy":"category","embeddable":true,"href":"https:\/\/www.pedagogie.ac-nice.fr\/allemand\/wp-json\/wp\/v2\/categories?post=154"},{"taxonomy":"post_tag","embeddable":true,"href":"https:\/\/www.pedagogie.ac-nice.fr\/allemand\/wp-json\/wp\/v2\/tags?post=154"}],"curies":[{"name":"wp","href":"https:\/\/api.w.org\/{rel}","templated":true}]}}