{"id":1679,"date":"2024-06-07T14:02:02","date_gmt":"2024-06-07T12:02:02","guid":{"rendered":"https:\/\/www.pedagogie.ac-nice.fr\/allemand\/?p=1679"},"modified":"2024-06-07T14:02:02","modified_gmt":"2024-06-07T12:02:02","slug":"newsletter-inter-langues-juin","status":"publish","type":"post","link":"https:\/\/www.pedagogie.ac-nice.fr\/allemand\/newsletter-inter-langues-juin\/","title":{"rendered":"Newsletter Inter-Langues juin"},"content":{"rendered":"<p>&nbsp;<\/p>\n<p>D\u00e9couvrez la toute derni\u00e8re newsletter Inter-Langues de l&rsquo;acad\u00e9mie de Nice (juin 2<\/p>\n<a href=\"https:\/\/www.pedagogie.ac-nice.fr\/allemand\/wp-content\/uploads\/sites\/42\/2024\/06\/Newsletter-LV-6-juin-2024.pdf\" class=\"pdfemb-viewer\" style=\"\" data-width=\"max\" data-height=\"max\" data-toolbar=\"bottom\" data-toolbar-fixed=\"off\">Newsletter-LV-6-juin-2024<\/a>\n<p>&nbsp;<\/p>\n","protected":false},"excerpt":{"rendered":"<p>&nbsp; D\u00e9couvrez la toute derni\u00e8re newsletter Inter-Langues de l&rsquo;acad\u00e9mie de Nice (juin 2 &nbsp;<\/p>\n","protected":false},"author":370,"featured_media":0,"comment_status":"closed","ping_status":"closed","sticky":false,"template":"","format":"standard","meta":{"ngg_post_thumbnail":0,"footnotes":""},"categories":[1],"tags":[],"class_list":["post-1679","post","type-post","status-publish","format-standard","hentry","category-non-classe","item-wrap"],"rttpg_featured_image_url":null,"rttpg_author":{"display_name":"katjatert","author_link":"https:\/\/www.pedagogie.ac-nice.fr\/allemand\/author\/katjatert\/"},"rttpg_comment":0,"rttpg_category":"<a href=\"https:\/\/www.pedagogie.ac-nice.fr\/allemand\/category\/non-classe\/\" rel=\"category tag\">Non class\u00e9<\/a>","rttpg_excerpt":"&nbsp; D\u00e9couvrez la toute derni\u00e8re newsletter Inter-Langues de l&rsquo;acad\u00e9mie de Nice (juin 2 &nbsp;","post_mailing_queue_ids":[],"_links":{"self":[{"href":"https:\/\/www.pedagogie.ac-nice.fr\/allemand\/wp-json\/wp\/v2\/posts\/1679","targetHints":{"allow":["GET"]}}],"collection":[{"href":"https:\/\/www.pedagogie.ac-nice.fr\/allemand\/wp-json\/wp\/v2\/posts"}],"about":[{"href":"https:\/\/www.pedagogie.ac-nice.fr\/allemand\/wp-json\/wp\/v2\/types\/post"}],"author":[{"embeddable":true,"href":"https:\/\/www.pedagogie.ac-nice.fr\/allemand\/wp-json\/wp\/v2\/users\/370"}],"replies":[{"embeddable":true,"href":"https:\/\/www.pedagogie.ac-nice.fr\/allemand\/wp-json\/wp\/v2\/comments?post=1679"}],"version-history":[{"count":2,"href":"https:\/\/www.pedagogie.ac-nice.fr\/allemand\/wp-json\/wp\/v2\/posts\/1679\/revisions"}],"predecessor-version":[{"id":1682,"href":"https:\/\/www.pedagogie.ac-nice.fr\/allemand\/wp-json\/wp\/v2\/posts\/1679\/revisions\/1682"}],"wp:attachment":[{"href":"https:\/\/www.pedagogie.ac-nice.fr\/allemand\/wp-json\/wp\/v2\/media?parent=1679"}],"wp:term":[{"taxonomy":"category","embeddable":true,"href":"https:\/\/www.pedagogie.ac-nice.fr\/allemand\/wp-json\/wp\/v2\/categories?post=1679"},{"taxonomy":"post_tag","embeddable":true,"href":"https:\/\/www.pedagogie.ac-nice.fr\/allemand\/wp-json\/wp\/v2\/tags?post=1679"}],"curies":[{"name":"wp","href":"https:\/\/api.w.org\/{rel}","templated":true}]}}