{"id":180,"date":"2011-10-25T09:29:47","date_gmt":"2011-10-25T07:29:47","guid":{"rendered":"https:\/\/www.pedagogie.ac-nice.fr\/allemand\/2011\/10\/25\/bourses-du-gi\/"},"modified":"2011-10-25T09:29:47","modified_gmt":"2011-10-25T07:29:47","slug":"bourses-du-gi","status":"publish","type":"post","link":"https:\/\/www.pedagogie.ac-nice.fr\/allemand\/bourses-du-gi\/","title":{"rendered":"Bourses du GI"},"content":{"rendered":"<p><span style=\"font-size: large;\"><img loading=\"lazy\" decoding=\"async\" class=\" size-full wp-image-12\" src=\"https:\/\/www.pedagogie.ac-nice.fr\/allemand\/wp-content\/uploads\/sites\/42\/2009\/06\/new_140.gif\" border=\"0\" width=\"120\" height=\"40\" \/><span style=\"color: #3366ff;\"><strong>Bourses pour enseignants 2012 <br \/><\/strong><\/span><\/span><\/p>\n<p>\u00a0<\/p>\n<p><a href=\"..\/..\/ins\/fr\/lp\/frindex.htm\" target=\"_blank\" rel=\"noopener noreferrer\"><img loading=\"lazy\" decoding=\"async\" src=\"http:\/\/www.goethe.de\/ins\/fr\/lp\/pro\/lp-link.gif\" border=\"0\" width=\"288\" height=\"77\" \/><\/a><\/p>\n<p>Liebe Kolleginnen und Kollegen,<\/p>\n<p>\u00a0<\/p>\n<p>wie in den letzten Jahren, so k\u00f6nnen wir auch dieses Jahr  wieder <strong>Stipendien f\u00fcr Deutschlehrer an den  Goethe-Instituten in Deutschland<\/strong> anbieten, nun <strong>f\u00fcr das Jahr 2012<\/strong>. Sie  k\u00f6nnen zwischen Sprachkursen, Seminaren f\u00fcr  Methodik und Didaktik und Zivilisation w\u00e4hlen. Au\u00dferdem gibt es auch Seminare  zur Kompetenzerweiterung f\u00fcr Aus- und Fortbilderinnen und \u2013bilder sowie Seminarangebote, die speziell geeignet sind  f\u00fcr Lehrerinnen und Lehrer mit weniger als drei Jahren Unterrichtserfahrung.  Diese sind im Fortbildungskatalog  mit \u201eU\u02c23\u201c vermerkt.<\/p>\n<p>\u00a0<\/p>\n<p>Die genauen Informationen finden Sie<span style=\"text-decoration: underline;\"><strong><span style=\"color: #993366;\"> im Anhang.<\/span><\/strong><\/span>(<span style=\"color: #993366;\"><strong>CLIQUER<\/strong><\/span> <a href=\"https:\/\/www.pedagogie.ac-nice.fr\/allemand\/wp-content\/uploads\/sites\/42\/2011\/10\/stipendien2012.doc\" target=\"_blank\" rel=\"noopener noreferrer\">ICI<\/a>) Bitte  schicken Sie die ausgef\u00fcllten Formulare per  Mail an mich. <strong><span style=\"color: #993366;\"><span style=\"text-decoration: underline;\">Anmeldeschluss ist der 15.11.2011. <\/span><\/span><\/strong>Sie k\u00f6nnen auch gerne diese Informationen an  Kollegen weitergeben.<\/p>\n<p>\u00a0<\/p>\n<p>Mit vielen Gr\u00fc\u00dfen<\/p>\n<p>Ingeborg Plasse<\/p>\n<p>Beauftragte  f\u00fcr BKD<br \/>Responsable  p\u00e9dagogique<br \/>Goethe-Institut Lyon<br \/>18,rue Fran\u00e7ois  Dauphin<br \/>F-69002 Lyon<br \/>Tel. 04 72 77 08 88<br \/>Fax  04 72 40 91 55<br \/><a href=\"http:\/\/www.goethe.de\/lyon\" target=\"_blank\" rel=\"noopener noreferrer\">www.goethe.de\/lyon<\/a><\/p>\n","protected":false},"excerpt":{"rendered":"<p>Bourses pour enseignants 2012 \u00a0 Liebe Kolleginnen und Kollegen, \u00a0 wie in den letzten Jahren, so k\u00f6nnen wir auch dieses Jahr wieder Stipendien f\u00fcr Deutschlehrer an den Goethe-Instituten in Deutschland anbieten, nun f\u00fcr das Jahr 2012. Sie k\u00f6nnen zwischen Sprachkursen, Seminaren f\u00fcr Methodik und Didaktik und Zivilisation w\u00e4hlen. Au\u00dferdem gibt es auch Seminare zur Kompetenzerweiterung &hellip; <\/p>\n<p><a class=\"more-link btn\" href=\"https:\/\/www.pedagogie.ac-nice.fr\/allemand\/bourses-du-gi\/\">Lire la suite<\/a><\/p>\n","protected":false},"author":1,"featured_media":12,"comment_status":"closed","ping_status":"closed","sticky":false,"template":"","format":"standard","meta":{"ngg_post_thumbnail":0,"footnotes":""},"categories":[25],"tags":[],"class_list":["post-180","post","type-post","status-publish","format-standard","has-post-thumbnail","hentry","category-mobilite","item-wrap"],"rttpg_featured_image_url":{"full":["https:\/\/www.pedagogie.ac-nice.fr\/allemand\/wp-content\/uploads\/sites\/42\/2009\/06\/new_140.gif",120,40,false],"landscape":["https:\/\/www.pedagogie.ac-nice.fr\/allemand\/wp-content\/uploads\/sites\/42\/2009\/06\/new_140.gif",120,40,false],"portraits":["https:\/\/www.pedagogie.ac-nice.fr\/allemand\/wp-content\/uploads\/sites\/42\/2009\/06\/new_140.gif",120,40,false],"thumbnail":["https:\/\/www.pedagogie.ac-nice.fr\/allemand\/wp-content\/uploads\/sites\/42\/2009\/06\/new_140.gif",120,40,false],"medium":["https:\/\/www.pedagogie.ac-nice.fr\/allemand\/wp-content\/uploads\/sites\/42\/2009\/06\/new_140.gif",120,40,false],"large":["https:\/\/www.pedagogie.ac-nice.fr\/allemand\/wp-content\/uploads\/sites\/42\/2009\/06\/new_140.gif",120,40,false],"1536x1536":["https:\/\/www.pedagogie.ac-nice.fr\/allemand\/wp-content\/uploads\/sites\/42\/2009\/06\/new_140.gif",120,40,false],"2048x2048":["https:\/\/www.pedagogie.ac-nice.fr\/allemand\/wp-content\/uploads\/sites\/42\/2009\/06\/new_140.gif",120,40,false],"graphene_slider":["https:\/\/www.pedagogie.ac-nice.fr\/allemand\/wp-content\/uploads\/sites\/42\/2009\/06\/new_140.gif",120,40,false],"graphene_featured_image":["https:\/\/www.pedagogie.ac-nice.fr\/allemand\/wp-content\/uploads\/sites\/42\/2009\/06\/new_140.gif",120,40,false],"post-thumbnail":["https:\/\/www.pedagogie.ac-nice.fr\/allemand\/wp-content\/uploads\/sites\/42\/2009\/06\/new_140.gif",120,40,false],"advps-thumb-one":["https:\/\/www.pedagogie.ac-nice.fr\/allemand\/wp-content\/uploads\/sites\/42\/2009\/06\/new_140.gif",120,40,false]},"rttpg_author":{"display_name":"norco","author_link":"https:\/\/www.pedagogie.ac-nice.fr\/allemand\/author\/norco\/"},"rttpg_comment":0,"rttpg_category":"<a href=\"https:\/\/www.pedagogie.ac-nice.fr\/allemand\/category\/programmedechanges\/mobilite\/\" rel=\"category tag\">Mobilit\u00e9<\/a>","rttpg_excerpt":"Bourses pour enseignants 2012 \u00a0 Liebe Kolleginnen und Kollegen, \u00a0 wie in den letzten Jahren, so k\u00f6nnen wir auch dieses Jahr wieder Stipendien f\u00fcr Deutschlehrer an den Goethe-Instituten in Deutschland anbieten, nun f\u00fcr das Jahr 2012. Sie k\u00f6nnen zwischen Sprachkursen, Seminaren f\u00fcr Methodik und Didaktik und Zivilisation w\u00e4hlen. Au\u00dferdem gibt es auch Seminare zur Kompetenzerweiterung\u2026","post_mailing_queue_ids":[],"_links":{"self":[{"href":"https:\/\/www.pedagogie.ac-nice.fr\/allemand\/wp-json\/wp\/v2\/posts\/180","targetHints":{"allow":["GET"]}}],"collection":[{"href":"https:\/\/www.pedagogie.ac-nice.fr\/allemand\/wp-json\/wp\/v2\/posts"}],"about":[{"href":"https:\/\/www.pedagogie.ac-nice.fr\/allemand\/wp-json\/wp\/v2\/types\/post"}],"author":[{"embeddable":true,"href":"https:\/\/www.pedagogie.ac-nice.fr\/allemand\/wp-json\/wp\/v2\/users\/1"}],"replies":[{"embeddable":true,"href":"https:\/\/www.pedagogie.ac-nice.fr\/allemand\/wp-json\/wp\/v2\/comments?post=180"}],"version-history":[{"count":0,"href":"https:\/\/www.pedagogie.ac-nice.fr\/allemand\/wp-json\/wp\/v2\/posts\/180\/revisions"}],"wp:featuredmedia":[{"embeddable":true,"href":"https:\/\/www.pedagogie.ac-nice.fr\/allemand\/wp-json\/wp\/v2\/media\/12"}],"wp:attachment":[{"href":"https:\/\/www.pedagogie.ac-nice.fr\/allemand\/wp-json\/wp\/v2\/media?parent=180"}],"wp:term":[{"taxonomy":"category","embeddable":true,"href":"https:\/\/www.pedagogie.ac-nice.fr\/allemand\/wp-json\/wp\/v2\/categories?post=180"},{"taxonomy":"post_tag","embeddable":true,"href":"https:\/\/www.pedagogie.ac-nice.fr\/allemand\/wp-json\/wp\/v2\/tags?post=180"}],"curies":[{"name":"wp","href":"https:\/\/api.w.org\/{rel}","templated":true}]}}