{"id":1859,"date":"2025-02-01T13:15:54","date_gmt":"2025-02-01T12:15:54","guid":{"rendered":"https:\/\/www.pedagogie.ac-nice.fr\/allemand\/?p=1859"},"modified":"2025-02-01T13:17:13","modified_gmt":"2025-02-01T12:17:13","slug":"formation-intelligence-artificielle","status":"publish","type":"post","link":"https:\/\/www.pedagogie.ac-nice.fr\/allemand\/formation-intelligence-artificielle\/","title":{"rendered":"Formation Intelligence artificielle"},"content":{"rendered":"<p>\ud83e\udd16\ud83c\udde9\ud83c\uddea <span style=\"-webkit-text-size-adjust: 100%;\">D\u00e9couvrez comment les enseignants de l&rsquo;acad\u00e9mie se forment aux nouvelles technologies pour enrichir leurs pratiques p\u00e9dagogiques&#8230;<\/span><\/p>\n<a href=\"https:\/\/www.pedagogie.ac-nice.fr\/allemand\/wp-content\/uploads\/sites\/42\/2025\/02\/KIimDeutschunterricht-Webseite.pdf\" class=\"pdfemb-viewer\" style=\"\" data-width=\"max\" data-height=\"max\" data-toolbar=\"bottom\" data-toolbar-fixed=\"off\">KIimDeutschunterricht-Webseite<\/a>\n","protected":false},"excerpt":{"rendered":"<p>\ud83e\udd16\ud83c\udde9\ud83c\uddea D\u00e9couvrez comment les enseignants de l&rsquo;acad\u00e9mie se forment aux nouvelles technologies pour enrichir leurs pratiques p\u00e9dagogiques&#8230;<\/p>\n","protected":false},"author":370,"featured_media":0,"comment_status":"closed","ping_status":"closed","sticky":false,"template":"","format":"standard","meta":{"ngg_post_thumbnail":0,"footnotes":""},"categories":[41,77,46,10,1,29],"tags":[],"class_list":["post-1859","post","type-post","status-publish","format-standard","hentry","category-actualites","category-ccfa","category-formation","category-goethe-institut","category-non-classe","category-nouveautes","item-wrap"],"rttpg_featured_image_url":null,"rttpg_author":{"display_name":"katjatert","author_link":"https:\/\/www.pedagogie.ac-nice.fr\/allemand\/author\/katjatert\/"},"rttpg_comment":0,"rttpg_category":"<a href=\"https:\/\/www.pedagogie.ac-nice.fr\/allemand\/category\/actualites\/\" rel=\"category tag\">Actualit\u00e9s<\/a> <a href=\"https:\/\/www.pedagogie.ac-nice.fr\/allemand\/category\/sites\/ccfa\/\" rel=\"category tag\">CCFA<\/a> <a href=\"https:\/\/www.pedagogie.ac-nice.fr\/allemand\/category\/formation\/\" rel=\"category tag\">Formation<\/a> <a href=\"https:\/\/www.pedagogie.ac-nice.fr\/allemand\/category\/sites\/goethe-institut\/\" rel=\"category tag\">Goethe Institut<\/a> <a href=\"https:\/\/www.pedagogie.ac-nice.fr\/allemand\/category\/non-classe\/\" rel=\"category tag\">Non class\u00e9<\/a> <a href=\"https:\/\/www.pedagogie.ac-nice.fr\/allemand\/category\/actualites\/nouveautes\/\" rel=\"category tag\">Nouveaut\u00e9s<\/a>","rttpg_excerpt":"\ud83e\udd16\ud83c\udde9\ud83c\uddea D\u00e9couvrez comment les enseignants de l&rsquo;acad\u00e9mie se forment aux nouvelles technologies pour enrichir leurs pratiques p\u00e9dagogiques&#8230;","post_mailing_queue_ids":[],"_links":{"self":[{"href":"https:\/\/www.pedagogie.ac-nice.fr\/allemand\/wp-json\/wp\/v2\/posts\/1859","targetHints":{"allow":["GET"]}}],"collection":[{"href":"https:\/\/www.pedagogie.ac-nice.fr\/allemand\/wp-json\/wp\/v2\/posts"}],"about":[{"href":"https:\/\/www.pedagogie.ac-nice.fr\/allemand\/wp-json\/wp\/v2\/types\/post"}],"author":[{"embeddable":true,"href":"https:\/\/www.pedagogie.ac-nice.fr\/allemand\/wp-json\/wp\/v2\/users\/370"}],"replies":[{"embeddable":true,"href":"https:\/\/www.pedagogie.ac-nice.fr\/allemand\/wp-json\/wp\/v2\/comments?post=1859"}],"version-history":[{"count":2,"href":"https:\/\/www.pedagogie.ac-nice.fr\/allemand\/wp-json\/wp\/v2\/posts\/1859\/revisions"}],"predecessor-version":[{"id":1863,"href":"https:\/\/www.pedagogie.ac-nice.fr\/allemand\/wp-json\/wp\/v2\/posts\/1859\/revisions\/1863"}],"wp:attachment":[{"href":"https:\/\/www.pedagogie.ac-nice.fr\/allemand\/wp-json\/wp\/v2\/media?parent=1859"}],"wp:term":[{"taxonomy":"category","embeddable":true,"href":"https:\/\/www.pedagogie.ac-nice.fr\/allemand\/wp-json\/wp\/v2\/categories?post=1859"},{"taxonomy":"post_tag","embeddable":true,"href":"https:\/\/www.pedagogie.ac-nice.fr\/allemand\/wp-json\/wp\/v2\/tags?post=1859"}],"curies":[{"name":"wp","href":"https:\/\/api.w.org\/{rel}","templated":true}]}}