{"id":1890,"date":"2025-02-05T00:01:04","date_gmt":"2025-02-04T23:01:04","guid":{"rendered":"https:\/\/www.pedagogie.ac-nice.fr\/allemand\/?p=1890"},"modified":"2025-03-05T00:16:05","modified_gmt":"2025-03-04T23:16:05","slug":"le-bilan-des-traam-2023-2024-est-en-ligne","status":"publish","type":"post","link":"https:\/\/www.pedagogie.ac-nice.fr\/allemand\/le-bilan-des-traam-2023-2024-est-en-ligne\/","title":{"rendered":"Le bilan des TraAM 2023-2024"},"content":{"rendered":"<p><img loading=\"lazy\" decoding=\"async\" class=\"size-medium wp-image-1896 aligncenter\" src=\"https:\/\/www.pedagogie.ac-nice.fr\/allemand\/wp-content\/uploads\/sites\/42\/2025\/03\/banniere_eduscol_1680x36090_numerique_traam-300x64.jpg\" alt=\"\" width=\"300\" height=\"64\" srcset=\"https:\/\/www.pedagogie.ac-nice.fr\/allemand\/wp-content\/uploads\/sites\/42\/2025\/03\/banniere_eduscol_1680x36090_numerique_traam-300x64.jpg 300w, https:\/\/www.pedagogie.ac-nice.fr\/allemand\/wp-content\/uploads\/sites\/42\/2025\/03\/banniere_eduscol_1680x36090_numerique_traam-1024x219.jpg 1024w, https:\/\/www.pedagogie.ac-nice.fr\/allemand\/wp-content\/uploads\/sites\/42\/2025\/03\/banniere_eduscol_1680x36090_numerique_traam-768x165.jpg 768w, https:\/\/www.pedagogie.ac-nice.fr\/allemand\/wp-content\/uploads\/sites\/42\/2025\/03\/banniere_eduscol_1680x36090_numerique_traam-1536x329.jpg 1536w, https:\/\/www.pedagogie.ac-nice.fr\/allemand\/wp-content\/uploads\/sites\/42\/2025\/03\/banniere_eduscol_1680x36090_numerique_traam-555x119.jpg 555w, https:\/\/www.pedagogie.ac-nice.fr\/allemand\/wp-content\/uploads\/sites\/42\/2025\/03\/banniere_eduscol_1680x36090_numerique_traam-1170x255.jpg 1170w, https:\/\/www.pedagogie.ac-nice.fr\/allemand\/wp-content\/uploads\/sites\/42\/2025\/03\/banniere_eduscol_1680x36090_numerique_traam.jpg 1680w\" sizes=\"auto, (max-width: 300px) 100vw, 300px\" \/><\/p>\n<p>Retrouvez 34 sc\u00e9narios issus des travaux de 5 acad\u00e9mies, sur le th\u00e8me \u00ab\u00a0L&rsquo;IA et les LV : quels enjeux p\u00e9dagogiques et \u00e9ducatifs ?\u00a0\u00bb<\/p>\n<p><!--more--><br \/>\n<a href=\"https:\/\/www.pedagogie.ac-nice.fr\/allemand\/wp-content\/uploads\/sites\/42\/2025\/03\/lv_ppt-bilan-national-2024-.pdf\" class=\"pdfemb-viewer\" style=\"\" data-width=\"max\" data-height=\"max\" data-toolbar=\"bottom\" data-toolbar-fixed=\"off\">lv_ppt-bilan-national-2024-<\/a><\/p>\n","protected":false},"excerpt":{"rendered":"<p>Retrouvez 34 sc\u00e9narios issus des travaux de 5 acad\u00e9mies, sur le th\u00e8me \u00ab\u00a0L&rsquo;IA et les LV : quels enjeux p\u00e9dagogiques et \u00e9ducatifs ?\u00a0\u00bb<\/p><p><a class=\"more-link btn\" href=\"https:\/\/www.pedagogie.ac-nice.fr\/allemand\/le-bilan-des-traam-2023-2024-est-en-ligne\/\">Lire la suite<\/a><\/p>\n","protected":false},"author":370,"featured_media":0,"comment_status":"closed","ping_status":"closed","sticky":false,"template":"","format":"standard","meta":{"ngg_post_thumbnail":0,"footnotes":""},"categories":[41,43,1],"tags":[],"class_list":["post-1890","post","type-post","status-publish","format-standard","hentry","category-actualites","category-numerique","category-non-classe","item-wrap"],"rttpg_featured_image_url":null,"rttpg_author":{"display_name":"katjatert","author_link":"https:\/\/www.pedagogie.ac-nice.fr\/allemand\/author\/katjatert\/"},"rttpg_comment":0,"rttpg_category":"<a href=\"https:\/\/www.pedagogie.ac-nice.fr\/allemand\/category\/actualites\/\" rel=\"category tag\">Actualit\u00e9s<\/a> <a href=\"https:\/\/www.pedagogie.ac-nice.fr\/allemand\/category\/numerique\/\" rel=\"category tag\">Le num\u00e9rique en classe d'allemand<\/a> <a href=\"https:\/\/www.pedagogie.ac-nice.fr\/allemand\/category\/non-classe\/\" rel=\"category tag\">Non class\u00e9<\/a>","rttpg_excerpt":"Retrouvez 34 sc\u00e9narios issus des travaux de 5 acad\u00e9mies, sur le th\u00e8me \u00ab\u00a0L&rsquo;IA et les LV : quels enjeux p\u00e9dagogiques et \u00e9ducatifs ?\u00a0\u00bb","post_mailing_queue_ids":[],"_links":{"self":[{"href":"https:\/\/www.pedagogie.ac-nice.fr\/allemand\/wp-json\/wp\/v2\/posts\/1890","targetHints":{"allow":["GET"]}}],"collection":[{"href":"https:\/\/www.pedagogie.ac-nice.fr\/allemand\/wp-json\/wp\/v2\/posts"}],"about":[{"href":"https:\/\/www.pedagogie.ac-nice.fr\/allemand\/wp-json\/wp\/v2\/types\/post"}],"author":[{"embeddable":true,"href":"https:\/\/www.pedagogie.ac-nice.fr\/allemand\/wp-json\/wp\/v2\/users\/370"}],"replies":[{"embeddable":true,"href":"https:\/\/www.pedagogie.ac-nice.fr\/allemand\/wp-json\/wp\/v2\/comments?post=1890"}],"version-history":[{"count":6,"href":"https:\/\/www.pedagogie.ac-nice.fr\/allemand\/wp-json\/wp\/v2\/posts\/1890\/revisions"}],"predecessor-version":[{"id":1908,"href":"https:\/\/www.pedagogie.ac-nice.fr\/allemand\/wp-json\/wp\/v2\/posts\/1890\/revisions\/1908"}],"wp:attachment":[{"href":"https:\/\/www.pedagogie.ac-nice.fr\/allemand\/wp-json\/wp\/v2\/media?parent=1890"}],"wp:term":[{"taxonomy":"category","embeddable":true,"href":"https:\/\/www.pedagogie.ac-nice.fr\/allemand\/wp-json\/wp\/v2\/categories?post=1890"},{"taxonomy":"post_tag","embeddable":true,"href":"https:\/\/www.pedagogie.ac-nice.fr\/allemand\/wp-json\/wp\/v2\/tags?post=1890"}],"curies":[{"name":"wp","href":"https:\/\/api.w.org\/{rel}","templated":true}]}}