{"id":1914,"date":"2025-02-01T00:59:13","date_gmt":"2025-01-31T23:59:13","guid":{"rendered":"https:\/\/www.pedagogie.ac-nice.fr\/allemand\/?p=1914"},"modified":"2025-03-05T01:01:29","modified_gmt":"2025-03-05T00:01:29","slug":"nouveaux-programmes","status":"publish","type":"post","link":"https:\/\/www.pedagogie.ac-nice.fr\/allemand\/nouveaux-programmes\/","title":{"rendered":"Nouveaux programmes"},"content":{"rendered":"<p>&nbsp;<\/p>\n<p><img loading=\"lazy\" decoding=\"async\" class=\"size-medium wp-image-1377 aligncenter\" src=\"https:\/\/www.pedagogie.ac-nice.fr\/allemand\/wp-content\/uploads\/sites\/42\/2023\/05\/eduscol-logo-1-300x73.jpg\" alt=\"\" width=\"300\" height=\"73\" srcset=\"https:\/\/www.pedagogie.ac-nice.fr\/allemand\/wp-content\/uploads\/sites\/42\/2023\/05\/eduscol-logo-1-300x73.jpg 300w, https:\/\/www.pedagogie.ac-nice.fr\/allemand\/wp-content\/uploads\/sites\/42\/2023\/05\/eduscol-logo-1.jpg 499w\" sizes=\"auto, (max-width: 300px) 100vw, 300px\" \/><\/p>\n<p>&nbsp;<\/p>\n<p><strong>Les projets de programmes en langues vivantes<\/strong> \u00e9labor\u00e9s par le Conseil sup\u00e9rieur des programmes, pour le coll\u00e8ge et le lyc\u00e9e g\u00e9n\u00e9ral et technologique, sont consultables en suivant le lien ci-dessous.<\/p>\n<p><!--more--><\/p>\n<p>https:\/\/eduscol.education.fr\/4150\/consultation-nationale-sur-le-projet-de-programmes-de-langues-vivantes-etrangeres-et-regionales<\/p>\n","protected":false},"excerpt":{"rendered":"<p>&nbsp; &nbsp; Les projets de programmes en langues vivantes \u00e9labor\u00e9s par le Conseil sup\u00e9rieur des programmes, pour le coll\u00e8ge et le lyc\u00e9e g\u00e9n\u00e9ral et technologique, sont consultables en suivant le lien ci-dessous.<\/p><p><a class=\"more-link btn\" href=\"https:\/\/www.pedagogie.ac-nice.fr\/allemand\/nouveaux-programmes\/\">Lire la suite<\/a><\/p>\n","protected":false},"author":370,"featured_media":0,"comment_status":"closed","ping_status":"closed","sticky":false,"template":"","format":"standard","meta":{"ngg_post_thumbnail":0,"footnotes":""},"categories":[1],"tags":[],"class_list":["post-1914","post","type-post","status-publish","format-standard","hentry","category-non-classe","item-wrap"],"rttpg_featured_image_url":null,"rttpg_author":{"display_name":"katjatert","author_link":"https:\/\/www.pedagogie.ac-nice.fr\/allemand\/author\/katjatert\/"},"rttpg_comment":0,"rttpg_category":"<a href=\"https:\/\/www.pedagogie.ac-nice.fr\/allemand\/category\/non-classe\/\" rel=\"category tag\">Non class\u00e9<\/a>","rttpg_excerpt":"&nbsp; &nbsp; Les projets de programmes en langues vivantes \u00e9labor\u00e9s par le Conseil sup\u00e9rieur des programmes, pour le coll\u00e8ge et le lyc\u00e9e g\u00e9n\u00e9ral et technologique, sont consultables en suivant le lien ci-dessous.","post_mailing_queue_ids":[],"_links":{"self":[{"href":"https:\/\/www.pedagogie.ac-nice.fr\/allemand\/wp-json\/wp\/v2\/posts\/1914","targetHints":{"allow":["GET"]}}],"collection":[{"href":"https:\/\/www.pedagogie.ac-nice.fr\/allemand\/wp-json\/wp\/v2\/posts"}],"about":[{"href":"https:\/\/www.pedagogie.ac-nice.fr\/allemand\/wp-json\/wp\/v2\/types\/post"}],"author":[{"embeddable":true,"href":"https:\/\/www.pedagogie.ac-nice.fr\/allemand\/wp-json\/wp\/v2\/users\/370"}],"replies":[{"embeddable":true,"href":"https:\/\/www.pedagogie.ac-nice.fr\/allemand\/wp-json\/wp\/v2\/comments?post=1914"}],"version-history":[{"count":1,"href":"https:\/\/www.pedagogie.ac-nice.fr\/allemand\/wp-json\/wp\/v2\/posts\/1914\/revisions"}],"predecessor-version":[{"id":1915,"href":"https:\/\/www.pedagogie.ac-nice.fr\/allemand\/wp-json\/wp\/v2\/posts\/1914\/revisions\/1915"}],"wp:attachment":[{"href":"https:\/\/www.pedagogie.ac-nice.fr\/allemand\/wp-json\/wp\/v2\/media?parent=1914"}],"wp:term":[{"taxonomy":"category","embeddable":true,"href":"https:\/\/www.pedagogie.ac-nice.fr\/allemand\/wp-json\/wp\/v2\/categories?post=1914"},{"taxonomy":"post_tag","embeddable":true,"href":"https:\/\/www.pedagogie.ac-nice.fr\/allemand\/wp-json\/wp\/v2\/tags?post=1914"}],"curies":[{"name":"wp","href":"https:\/\/api.w.org\/{rel}","templated":true}]}}