{"id":2014,"date":"2025-07-10T13:50:25","date_gmt":"2025-07-10T11:50:25","guid":{"rendered":"https:\/\/www.pedagogie.ac-nice.fr\/allemand\/?p=2014"},"modified":"2025-07-10T13:59:30","modified_gmt":"2025-07-10T11:59:30","slug":"decouvrez-toutes-les-actualites-du-centre-culturel-franco-allemand-a-nice","status":"publish","type":"post","link":"https:\/\/www.pedagogie.ac-nice.fr\/allemand\/decouvrez-toutes-les-actualites-du-centre-culturel-franco-allemand-a-nice\/","title":{"rendered":"D\u00e9couvrez toutes les actualit\u00e9s du Centre Culturel Franco-Allemand \u00e0 Nice"},"content":{"rendered":"<p><img loading=\"lazy\" decoding=\"async\" class=\"alignleft size-full wp-image-2015\" src=\"https:\/\/www.pedagogie.ac-nice.fr\/allemand\/wp-content\/uploads\/sites\/42\/2025\/07\/cropped-CCFA_Logo_LATEST-18.jpg\" alt=\"\" width=\"1101\" height=\"399\" srcset=\"https:\/\/www.pedagogie.ac-nice.fr\/allemand\/wp-content\/uploads\/sites\/42\/2025\/07\/cropped-CCFA_Logo_LATEST-18.jpg 1101w, https:\/\/www.pedagogie.ac-nice.fr\/allemand\/wp-content\/uploads\/sites\/42\/2025\/07\/cropped-CCFA_Logo_LATEST-18-300x109.jpg 300w, https:\/\/www.pedagogie.ac-nice.fr\/allemand\/wp-content\/uploads\/sites\/42\/2025\/07\/cropped-CCFA_Logo_LATEST-18-1024x371.jpg 1024w, https:\/\/www.pedagogie.ac-nice.fr\/allemand\/wp-content\/uploads\/sites\/42\/2025\/07\/cropped-CCFA_Logo_LATEST-18-768x278.jpg 768w, https:\/\/www.pedagogie.ac-nice.fr\/allemand\/wp-content\/uploads\/sites\/42\/2025\/07\/cropped-CCFA_Logo_LATEST-18-555x201.jpg 555w\" sizes=\"auto, (max-width: 1101px) 100vw, 1101px\" \/><\/p>\n","protected":false},"excerpt":{"rendered":"","protected":false},"author":370,"featured_media":0,"comment_status":"closed","ping_status":"closed","sticky":false,"template":"","format":"standard","meta":{"ngg_post_thumbnail":0,"footnotes":""},"categories":[77,1],"tags":[],"class_list":["post-2014","post","type-post","status-publish","format-standard","hentry","category-ccfa","category-non-classe","item-wrap"],"rttpg_featured_image_url":null,"rttpg_author":{"display_name":"katjatert","author_link":"https:\/\/www.pedagogie.ac-nice.fr\/allemand\/author\/katjatert\/"},"rttpg_comment":0,"rttpg_category":"<a href=\"https:\/\/www.pedagogie.ac-nice.fr\/allemand\/category\/sites\/ccfa\/\" rel=\"category tag\">CCFA<\/a> <a href=\"https:\/\/www.pedagogie.ac-nice.fr\/allemand\/category\/non-classe\/\" rel=\"category tag\">Non class\u00e9<\/a>","rttpg_excerpt":null,"post_mailing_queue_ids":[],"_links":{"self":[{"href":"https:\/\/www.pedagogie.ac-nice.fr\/allemand\/wp-json\/wp\/v2\/posts\/2014","targetHints":{"allow":["GET"]}}],"collection":[{"href":"https:\/\/www.pedagogie.ac-nice.fr\/allemand\/wp-json\/wp\/v2\/posts"}],"about":[{"href":"https:\/\/www.pedagogie.ac-nice.fr\/allemand\/wp-json\/wp\/v2\/types\/post"}],"author":[{"embeddable":true,"href":"https:\/\/www.pedagogie.ac-nice.fr\/allemand\/wp-json\/wp\/v2\/users\/370"}],"replies":[{"embeddable":true,"href":"https:\/\/www.pedagogie.ac-nice.fr\/allemand\/wp-json\/wp\/v2\/comments?post=2014"}],"version-history":[{"count":2,"href":"https:\/\/www.pedagogie.ac-nice.fr\/allemand\/wp-json\/wp\/v2\/posts\/2014\/revisions"}],"predecessor-version":[{"id":2019,"href":"https:\/\/www.pedagogie.ac-nice.fr\/allemand\/wp-json\/wp\/v2\/posts\/2014\/revisions\/2019"}],"wp:attachment":[{"href":"https:\/\/www.pedagogie.ac-nice.fr\/allemand\/wp-json\/wp\/v2\/media?parent=2014"}],"wp:term":[{"taxonomy":"category","embeddable":true,"href":"https:\/\/www.pedagogie.ac-nice.fr\/allemand\/wp-json\/wp\/v2\/categories?post=2014"},{"taxonomy":"post_tag","embeddable":true,"href":"https:\/\/www.pedagogie.ac-nice.fr\/allemand\/wp-json\/wp\/v2\/tags?post=2014"}],"curies":[{"name":"wp","href":"https:\/\/api.w.org\/{rel}","templated":true}]}}