{"id":2105,"date":"2025-10-01T18:41:36","date_gmt":"2025-10-01T16:41:36","guid":{"rendered":"https:\/\/www.pedagogie.ac-nice.fr\/allemand\/?p=2105"},"modified":"2025-10-08T18:43:19","modified_gmt":"2025-10-08T16:43:19","slug":"programme-barbara-echanges-individuels-paca-basse-saxe-2026","status":"publish","type":"post","link":"https:\/\/www.pedagogie.ac-nice.fr\/allemand\/programme-barbara-echanges-individuels-paca-basse-saxe-2026\/","title":{"rendered":"Programme BARBARA \u2013 \u00c9changes individuels PACA \/ Basse-Saxe 2026"},"content":{"rendered":"<p data-start=\"212\" data-end=\"465\">Les inscriptions pour le programme <strong data-start=\"247\" data-end=\"258\">BARBARA<\/strong> sont ouvertes !<br data-start=\"274\" data-end=\"277\">Ce dispositif permet \u00e0 des \u00e9l\u00e8ves germanistes de <strong data-start=\"326\" data-end=\"338\">5\u1d49 et 4\u1d49<\/strong> de vivre un <strong data-start=\"351\" data-end=\"383\">\u00e9change individuel d\u2019un mois<\/strong> avec un correspondant du Land de Basse-Saxe, sur le principe de la r\u00e9ciprocit\u00e9.<\/p>\n<p data-start=\"467\" data-end=\"771\"><a href=\"https:\/\/enquetes.education.gouv.fr\/S2\/?st=ALQ1dA6UW6Z6Be%2Ff6MUPZm9Qk5uxCMkQAatTGpUl4Os%3D\"><strong data-start=\"471\" data-end=\"532\">Inscriptions en ligne du 23 septembre au 13 novembre 2025<\/strong><\/a><\/p>\n<p data-start=\"467\" data-end=\"771\"><!--more--><\/p>\n<p data-start=\"773\" data-end=\"914\">Pour plus d\u2019informations, consulter l\u2019appel \u00e0 candidatures sur le site acad\u00e9mique ou contacter la DRAREIC&nbsp;<\/p>\n<a href=\"https:\/\/www.pedagogie.ac-nice.fr\/allemand\/wp-content\/uploads\/sites\/42\/2025\/10\/1.-Appel-enseignants-Barbara-2026.pdf\" class=\"pdfemb-viewer\" style=\"\" data-width=\"max\" data-height=\"max\" data-toolbar=\"bottom\" data-toolbar-fixed=\"off\">1. Appel enseignants Barbara 2026<\/a>\n","protected":false},"excerpt":{"rendered":"<p>Les inscriptions pour le programme BARBARA sont ouvertes !Ce dispositif permet \u00e0 des \u00e9l\u00e8ves germanistes de 5\u1d49 et 4\u1d49 de vivre un \u00e9change individuel d\u2019un mois avec un correspondant du Land de Basse-Saxe, sur le principe de la r\u00e9ciprocit\u00e9. Inscriptions en ligne du 23 septembre au 13 novembre 2025<\/p><p><a class=\"more-link btn\" href=\"https:\/\/www.pedagogie.ac-nice.fr\/allemand\/programme-barbara-echanges-individuels-paca-basse-saxe-2026\/\">Lire la suite<\/a><\/p>\n","protected":false},"author":370,"featured_media":0,"comment_status":"closed","ping_status":"closed","sticky":false,"template":"","format":"standard","meta":{"ngg_post_thumbnail":0,"footnotes":""},"categories":[41,4,30,25],"tags":[],"class_list":["post-2105","post","type-post","status-publish","format-standard","hentry","category-actualites","category-college","category-dareic","category-mobilite","item-wrap"],"rttpg_featured_image_url":null,"rttpg_author":{"display_name":"katjatert","author_link":"https:\/\/www.pedagogie.ac-nice.fr\/allemand\/author\/katjatert\/"},"rttpg_comment":0,"rttpg_category":"<a href=\"https:\/\/www.pedagogie.ac-nice.fr\/allemand\/category\/actualites\/\" rel=\"category tag\">Actualit\u00e9s<\/a> <a href=\"https:\/\/www.pedagogie.ac-nice.fr\/allemand\/category\/ressources\/college\/\" rel=\"category tag\">Coll\u00e8ge<\/a> <a href=\"https:\/\/www.pedagogie.ac-nice.fr\/allemand\/category\/sites\/dareic\/\" rel=\"category tag\">DAREIC<\/a> <a href=\"https:\/\/www.pedagogie.ac-nice.fr\/allemand\/category\/programmedechanges\/mobilite\/\" rel=\"category tag\">Mobilit\u00e9<\/a>","rttpg_excerpt":"Les inscriptions pour le programme BARBARA sont ouvertes !Ce dispositif permet \u00e0 des \u00e9l\u00e8ves germanistes de 5\u1d49 et 4\u1d49 de vivre un \u00e9change individuel d\u2019un mois avec un correspondant du Land de Basse-Saxe, sur le principe de la r\u00e9ciprocit\u00e9. Inscriptions en ligne du 23 septembre au 13 novembre 2025","post_mailing_queue_ids":[],"_links":{"self":[{"href":"https:\/\/www.pedagogie.ac-nice.fr\/allemand\/wp-json\/wp\/v2\/posts\/2105","targetHints":{"allow":["GET"]}}],"collection":[{"href":"https:\/\/www.pedagogie.ac-nice.fr\/allemand\/wp-json\/wp\/v2\/posts"}],"about":[{"href":"https:\/\/www.pedagogie.ac-nice.fr\/allemand\/wp-json\/wp\/v2\/types\/post"}],"author":[{"embeddable":true,"href":"https:\/\/www.pedagogie.ac-nice.fr\/allemand\/wp-json\/wp\/v2\/users\/370"}],"replies":[{"embeddable":true,"href":"https:\/\/www.pedagogie.ac-nice.fr\/allemand\/wp-json\/wp\/v2\/comments?post=2105"}],"version-history":[{"count":1,"href":"https:\/\/www.pedagogie.ac-nice.fr\/allemand\/wp-json\/wp\/v2\/posts\/2105\/revisions"}],"predecessor-version":[{"id":2108,"href":"https:\/\/www.pedagogie.ac-nice.fr\/allemand\/wp-json\/wp\/v2\/posts\/2105\/revisions\/2108"}],"wp:attachment":[{"href":"https:\/\/www.pedagogie.ac-nice.fr\/allemand\/wp-json\/wp\/v2\/media?parent=2105"}],"wp:term":[{"taxonomy":"category","embeddable":true,"href":"https:\/\/www.pedagogie.ac-nice.fr\/allemand\/wp-json\/wp\/v2\/categories?post=2105"},{"taxonomy":"post_tag","embeddable":true,"href":"https:\/\/www.pedagogie.ac-nice.fr\/allemand\/wp-json\/wp\/v2\/tags?post=2105"}],"curies":[{"name":"wp","href":"https:\/\/api.w.org\/{rel}","templated":true}]}}