{"id":2111,"date":"2025-10-13T17:52:32","date_gmt":"2025-10-13T15:52:32","guid":{"rendered":"https:\/\/www.pedagogie.ac-nice.fr\/allemand\/?p=2111"},"modified":"2026-03-25T22:15:37","modified_gmt":"2026-03-25T21:15:37","slug":"programme-dohnal-veil-2026-echanges-individuels-avec-lautriche","status":"publish","type":"post","link":"https:\/\/www.pedagogie.ac-nice.fr\/allemand\/programme-dohnal-veil-2026-echanges-individuels-avec-lautriche\/","title":{"rendered":"Programme Dohnal-Veil 2026 \u2014 \u00c9changes individuels avec l\u2019Autriche"},"content":{"rendered":"<p data-start=\"170\" data-end=\"479\">La r\u00e9gion acad\u00e9mique <strong data-start=\"191\" data-end=\"199\">PACA<\/strong> propose \u00e0 nouveau aux <strong data-start=\"222\" data-end=\"265\">\u00e9l\u00e8ves germanistes de 4\u1d49 \u00e0 la terminale<\/strong> de participer \u00e0 un <strong data-start=\"285\" data-end=\"321\">\u00e9change individuel de 4 semaines<\/strong> avec l\u2019Autriche, sur le principe de la r\u00e9ciprocit\u00e9.<\/p>\n<p data-start=\"170\" data-end=\"479\"><!--more--><\/p>\n<p data-start=\"170\" data-end=\"479\"><strong data-start=\"379\" data-end=\"395\">\u00c2ge requis :<\/strong> \u00e0 partir de 14 ans \u2013 <strong data-start=\"417\" data-end=\"440\">niveau d\u2019allemand :<\/strong> minimum deux ann\u00e9es d\u2019apprentissage.<\/p>\n<p data-start=\"483\" data-end=\"543\"><strong data-start=\"483\" data-end=\"506\">Accueil en France :<\/strong> du 12 septembre au 10 octobre 2026<\/p>\n<p data-start=\"546\" data-end=\"606\"><strong data-start=\"546\" data-end=\"570\">S\u00e9jour en Autriche :<\/strong> du 17 octobre au 14 novembre 2026<\/p>\n<p data-start=\"609\" data-end=\"706\"><strong data-start=\"609\" data-end=\"636\">Inscriptions en ligne :<\/strong> du <strong data-start=\"640\" data-end=\"673\">9 octobre au 27 novembre 2025<\/strong> (4 d\u00e9cembre pour les familles)<\/p>\n<p data-start=\"909\" data-end=\"1029\"><strong data-start=\"912\" data-end=\"937\">Contact enseignants :<\/strong> <a class=\"decorated-link\" href=\"mailto:ce.dohnalveil@region-academique-paca.fr\" rel=\"noopener\" data-start=\"938\" data-end=\"1027\">ce.dohnalveil@region-academique-paca.fr<\/a><\/p>\n<p data-start=\"909\" data-end=\"1029\"><a href=\"https:\/\/www.pedagogie.ac-nice.fr\/allemand\/wp-content\/uploads\/sites\/42\/2025\/10\/1.-Appel-enseignants-Dohnal-Veil-2026-1.pdf\" class=\"pdfemb-viewer\" style=\"\" data-width=\"max\" data-height=\"max\" data-toolbar=\"bottom\" data-toolbar-fixed=\"off\">1. Appel enseignants Dohnal-Veil - 2026 (1)<\/a>&nbsp;<\/p>\n","protected":false},"excerpt":{"rendered":"<p>La r\u00e9gion acad\u00e9mique PACA propose \u00e0 nouveau aux \u00e9l\u00e8ves germanistes de 4\u1d49 \u00e0 la terminale de participer \u00e0 un \u00e9change individuel de 4 semaines avec l\u2019Autriche, sur le principe de la r\u00e9ciprocit\u00e9.<\/p><p><a class=\"more-link btn\" href=\"https:\/\/www.pedagogie.ac-nice.fr\/allemand\/programme-dohnal-veil-2026-echanges-individuels-avec-lautriche\/\">Lire la suite<\/a><\/p>\n","protected":false},"author":370,"featured_media":0,"comment_status":"closed","ping_status":"closed","sticky":false,"template":"","format":"standard","meta":{"ngg_post_thumbnail":0,"footnotes":""},"categories":[1],"tags":[],"class_list":["post-2111","post","type-post","status-publish","format-standard","hentry","category-non-classe","item-wrap"],"rttpg_featured_image_url":null,"rttpg_author":{"display_name":"katjatert","author_link":"https:\/\/www.pedagogie.ac-nice.fr\/allemand\/author\/katjatert\/"},"rttpg_comment":0,"rttpg_category":"<a href=\"https:\/\/www.pedagogie.ac-nice.fr\/allemand\/category\/non-classe\/\" rel=\"category tag\">Non class\u00e9<\/a>","rttpg_excerpt":"La r\u00e9gion acad\u00e9mique PACA propose \u00e0 nouveau aux \u00e9l\u00e8ves germanistes de 4\u1d49 \u00e0 la terminale de participer \u00e0 un \u00e9change individuel de 4 semaines avec l\u2019Autriche, sur le principe de la r\u00e9ciprocit\u00e9.","post_mailing_queue_ids":[],"_links":{"self":[{"href":"https:\/\/www.pedagogie.ac-nice.fr\/allemand\/wp-json\/wp\/v2\/posts\/2111","targetHints":{"allow":["GET"]}}],"collection":[{"href":"https:\/\/www.pedagogie.ac-nice.fr\/allemand\/wp-json\/wp\/v2\/posts"}],"about":[{"href":"https:\/\/www.pedagogie.ac-nice.fr\/allemand\/wp-json\/wp\/v2\/types\/post"}],"author":[{"embeddable":true,"href":"https:\/\/www.pedagogie.ac-nice.fr\/allemand\/wp-json\/wp\/v2\/users\/370"}],"replies":[{"embeddable":true,"href":"https:\/\/www.pedagogie.ac-nice.fr\/allemand\/wp-json\/wp\/v2\/comments?post=2111"}],"version-history":[{"count":3,"href":"https:\/\/www.pedagogie.ac-nice.fr\/allemand\/wp-json\/wp\/v2\/posts\/2111\/revisions"}],"predecessor-version":[{"id":2238,"href":"https:\/\/www.pedagogie.ac-nice.fr\/allemand\/wp-json\/wp\/v2\/posts\/2111\/revisions\/2238"}],"wp:attachment":[{"href":"https:\/\/www.pedagogie.ac-nice.fr\/allemand\/wp-json\/wp\/v2\/media?parent=2111"}],"wp:term":[{"taxonomy":"category","embeddable":true,"href":"https:\/\/www.pedagogie.ac-nice.fr\/allemand\/wp-json\/wp\/v2\/categories?post=2111"},{"taxonomy":"post_tag","embeddable":true,"href":"https:\/\/www.pedagogie.ac-nice.fr\/allemand\/wp-json\/wp\/v2\/tags?post=2111"}],"curies":[{"name":"wp","href":"https:\/\/api.w.org\/{rel}","templated":true}]}}