{"id":2130,"date":"2025-11-20T18:40:29","date_gmt":"2025-11-20T17:40:29","guid":{"rendered":"https:\/\/www.pedagogie.ac-nice.fr\/allemand\/?p=2130"},"modified":"2025-11-20T18:57:14","modified_gmt":"2025-11-20T17:57:14","slug":"semaine-des-langues-2026-les-langues-pour-comprendre-le-monde-nos-voix-nos-langues-nos-mondes-a-partager","status":"publish","type":"post","link":"https:\/\/www.pedagogie.ac-nice.fr\/allemand\/semaine-des-langues-2026-les-langues-pour-comprendre-le-monde-nos-voix-nos-langues-nos-mondes-a-partager\/","title":{"rendered":"Semaine des Langues 2026 : \u201cLes langues pour comprendre le monde\u201d \u201cNos voix, nos langues, nos mondes \u00e0 partager"},"content":{"rendered":"<p>\u00c0 l\u2019occasion de la&nbsp;<b>11\u1d49 Semaine des Langues<\/b>&nbsp;(23\u201328 mars 2026), le&nbsp;<b>GND Inter-langues<\/b>&nbsp;de l\u2019acad\u00e9mie de Nice renouvelle le concours interlangues&nbsp;<b>\u201cHistoires communes\u201d<\/b>, en partenariat avec la&nbsp;<b>DRANE PACA<\/b>, la&nbsp;<b>DRAREIC PACA<\/b>&nbsp;et la&nbsp;<b>CARDIE Nice<\/b>.<img loading=\"lazy\" decoding=\"async\" class=\"size-full wp-image-2132 aligncenter\" src=\"https:\/\/www.pedagogie.ac-nice.fr\/allemand\/wp-content\/uploads\/sites\/42\/2025\/11\/Affiche-Semaine-des-Langues-2026-2.png\" alt=\"\" width=\"707\" height=\"1000\" srcset=\"https:\/\/www.pedagogie.ac-nice.fr\/allemand\/wp-content\/uploads\/sites\/42\/2025\/11\/Affiche-Semaine-des-Langues-2026-2.png 707w, https:\/\/www.pedagogie.ac-nice.fr\/allemand\/wp-content\/uploads\/sites\/42\/2025\/11\/Affiche-Semaine-des-Langues-2026-2-212x300.png 212w, https:\/\/www.pedagogie.ac-nice.fr\/allemand\/wp-content\/uploads\/sites\/42\/2025\/11\/Affiche-Semaine-des-Langues-2026-2-555x785.png 555w\" sizes=\"auto, (max-width: 707px) 100vw, 707px\" \/><\/p>\n<p>Cette \u00e9dition invite les \u00e9l\u00e8ves de l\u2019\u00e9cole au lyc\u00e9e (LVE, FLE, langues r\u00e9gionales, langues premi\u00e8res) \u00e0 explorer le th\u00e8me :<\/p>\n<p><b>\u201cLes langues pour comprendre le monde :<br \/>\nnos voix, nos langues, nos mondes \u00e0 partager<br \/>\nDialoguer, cr\u00e9er, agir pour mieux se comprendre\u201d<\/b><\/p>\n<p>Un th\u00e8me qui valorise le&nbsp;<b>dialogue<\/b>, la&nbsp;<b>m\u00e9diation<\/b>, la&nbsp;<b>coop\u00e9ration<\/b>&nbsp;et la compr\u00e9hension de l\u2019autre dans un monde en transformation.<\/p>\n<p><b>Un concours cr\u00e9atif, accessible et f\u00e9d\u00e9rateur<br \/>\n<\/b>Les \u00e9l\u00e8ves peuvent proposer :<br \/>\n<b>podcasts, vid\u00e9os courtes, affiches ou BD bilingues, mini-expositions, capsules plurilingues, petits jeux<\/b>, etc.<br \/>\nToutes les productions \u2014 m\u00eame modestes \u2014 sont les bienvenues.<\/p>\n<p><!--more--><\/p>\n<p>Le concours met en avant&nbsp;la&nbsp;<b>cr\u00e9ativit\u00e9 linguistique<\/b>,&nbsp;le&nbsp;<b>plurilinguisme<\/b>,&nbsp;l\u2019<b>engagement des \u00e9l\u00e8ves<\/b>,&nbsp;l\u2019<b>\u00e9thique num\u00e9rique<\/b>,&nbsp;la&nbsp;<b>coop\u00e9ration<\/b>&nbsp;entre classes et \u00e9tablissements.<\/p>\n<p><strong>Pour participer : scannez le QR-Code de l\u2019affiche, consultez le&nbsp;<a href=\"https:\/\/www.pedagogie.ac-nice.fr\/espagnol\/wp-content\/uploads\/sites\/43\/2025\/11\/Flyer-Concours-interlangues-2026-3.pdf\">flyer<\/a>&nbsp;ou cliquez&nbsp;<a href=\"https:\/\/digipad.app\/p\/1429915\/bb00d77a50363\">ici<\/a>&nbsp;:&nbsp;<\/strong><\/p>\n<p><b>Un projet ancr\u00e9 dans les programmes<br \/>\n<\/b>Le th\u00e8me permet de travailler :<br \/>\n\u2013 la m\u00e9diation et la coop\u00e9ration,<br \/>\n\u2013 les entr\u00e9es culturelles des LV,<br \/>\n\u2013 les comp\u00e9tences plurilingues,<br \/>\n\u2013 la citoyennet\u00e9 num\u00e9rique et interculturelle.<\/p>\n<p>Les \u00e9quipes peuvent enrichir leurs projets gr\u00e2ce \u00e0 des collaborations&nbsp;<b>interdisciplinaires<\/b>&nbsp;(Lettres, Histoire-G\u00e9o, EMC, Documentation, SNT\u2026).<\/p>\n<p>Le GND interlangues reste disponible pour accompagner les \u00e9quipes.<br \/>\n<b><br \/>\nUne valorisation acad\u00e9mique et nationale<br \/>\n<\/b>Les productions seront \u00e9valu\u00e9es selon :&nbsp;la qualit\u00e9 du dialogue ou de la m\u00e9diation,&nbsp;l\u2019engagement des \u00e9l\u00e8ves,&nbsp;la richesse linguistique et interculturelle,&nbsp;l\u2019\u00e9thique et la sobri\u00e9t\u00e9 num\u00e9riques,&nbsp;la qualit\u00e9 formelle.<\/p>\n<p>Les projets retenus seront mis \u00e0 l\u2019honneur lors de la&nbsp;<b>c\u00e9r\u00e9monie acad\u00e9mique<\/b>&nbsp;et pourront int\u00e9grer le&nbsp;<b>recueil national DGESCO 2026<\/b>.<\/p>\n<h2><b>Ensemble, faisons vivre les langues !<\/b><\/h2>\n<p>Nous vous souhaitons une&nbsp;<strong>Semaine des Langues<\/strong>&nbsp;pleine de cr\u00e9ativit\u00e9, de coop\u00e9ration et de plaisir linguistique.<br \/>\n<b>\u00c0 vos projets\u2026 et bon concours \u00e0 toutes et tous !<\/b><\/p>\n","protected":false},"excerpt":{"rendered":"<p>\u00c0 l\u2019occasion de la&nbsp;11\u1d49 Semaine des Langues&nbsp;(23\u201328 mars 2026), le&nbsp;GND Inter-langues&nbsp;de l\u2019acad\u00e9mie de Nice renouvelle le concours interlangues&nbsp;\u201cHistoires communes\u201d, en partenariat avec la&nbsp;DRANE PACA, la&nbsp;DRAREIC PACA&nbsp;et la&nbsp;CARDIE Nice. Cette \u00e9dition invite les \u00e9l\u00e8ves de l\u2019\u00e9cole au lyc\u00e9e (LVE, FLE, langues r\u00e9gionales, langues premi\u00e8res) \u00e0 explorer le th\u00e8me : \u201cLes langues pour comprendre le monde : &hellip; <\/p>\n<p><a class=\"more-link btn\" href=\"https:\/\/www.pedagogie.ac-nice.fr\/allemand\/semaine-des-langues-2026-les-langues-pour-comprendre-le-monde-nos-voix-nos-langues-nos-mondes-a-partager\/\">Lire la suite<\/a><\/p>\n","protected":false},"author":370,"featured_media":0,"comment_status":"closed","ping_status":"closed","sticky":false,"template":"","format":"standard","meta":{"ngg_post_thumbnail":0,"footnotes":""},"categories":[1],"tags":[],"class_list":["post-2130","post","type-post","status-publish","format-standard","hentry","category-non-classe","item-wrap"],"rttpg_featured_image_url":null,"rttpg_author":{"display_name":"katjatert","author_link":"https:\/\/www.pedagogie.ac-nice.fr\/allemand\/author\/katjatert\/"},"rttpg_comment":0,"rttpg_category":"<a href=\"https:\/\/www.pedagogie.ac-nice.fr\/allemand\/category\/non-classe\/\" rel=\"category tag\">Non class\u00e9<\/a>","rttpg_excerpt":"\u00c0 l\u2019occasion de la&nbsp;11\u1d49 Semaine des Langues&nbsp;(23\u201328 mars 2026), le&nbsp;GND Inter-langues&nbsp;de l\u2019acad\u00e9mie de Nice renouvelle le concours interlangues&nbsp;\u201cHistoires communes\u201d, en partenariat avec la&nbsp;DRANE PACA, la&nbsp;DRAREIC PACA&nbsp;et la&nbsp;CARDIE Nice. Cette \u00e9dition invite les \u00e9l\u00e8ves de l\u2019\u00e9cole au lyc\u00e9e (LVE, FLE, langues r\u00e9gionales, langues premi\u00e8res) \u00e0 explorer le th\u00e8me : \u201cLes langues pour comprendre le monde :\u2026","post_mailing_queue_ids":[],"_links":{"self":[{"href":"https:\/\/www.pedagogie.ac-nice.fr\/allemand\/wp-json\/wp\/v2\/posts\/2130","targetHints":{"allow":["GET"]}}],"collection":[{"href":"https:\/\/www.pedagogie.ac-nice.fr\/allemand\/wp-json\/wp\/v2\/posts"}],"about":[{"href":"https:\/\/www.pedagogie.ac-nice.fr\/allemand\/wp-json\/wp\/v2\/types\/post"}],"author":[{"embeddable":true,"href":"https:\/\/www.pedagogie.ac-nice.fr\/allemand\/wp-json\/wp\/v2\/users\/370"}],"replies":[{"embeddable":true,"href":"https:\/\/www.pedagogie.ac-nice.fr\/allemand\/wp-json\/wp\/v2\/comments?post=2130"}],"version-history":[{"count":6,"href":"https:\/\/www.pedagogie.ac-nice.fr\/allemand\/wp-json\/wp\/v2\/posts\/2130\/revisions"}],"predecessor-version":[{"id":2145,"href":"https:\/\/www.pedagogie.ac-nice.fr\/allemand\/wp-json\/wp\/v2\/posts\/2130\/revisions\/2145"}],"wp:attachment":[{"href":"https:\/\/www.pedagogie.ac-nice.fr\/allemand\/wp-json\/wp\/v2\/media?parent=2130"}],"wp:term":[{"taxonomy":"category","embeddable":true,"href":"https:\/\/www.pedagogie.ac-nice.fr\/allemand\/wp-json\/wp\/v2\/categories?post=2130"},{"taxonomy":"post_tag","embeddable":true,"href":"https:\/\/www.pedagogie.ac-nice.fr\/allemand\/wp-json\/wp\/v2\/tags?post=2130"}],"curies":[{"name":"wp","href":"https:\/\/api.w.org\/{rel}","templated":true}]}}