{"id":2138,"date":"2025-11-17T18:47:05","date_gmt":"2025-11-17T17:47:05","guid":{"rendered":"https:\/\/www.pedagogie.ac-nice.fr\/allemand\/?p=2138"},"modified":"2026-01-26T14:34:51","modified_gmt":"2026-01-26T13:34:51","slug":"certification-en-allemand-session-2026","status":"publish","type":"post","link":"https:\/\/www.pedagogie.ac-nice.fr\/allemand\/certification-en-allemand-session-2026\/","title":{"rendered":"Certification en allemand \u2013 Session 2026"},"content":{"rendered":"<p data-start=\"114\" data-end=\"224\">La circulaire relative aux <strong data-start=\"141\" data-end=\"188\">inscriptions \u00e0 la certification en allemand<\/strong> pour la <strong data-start=\"197\" data-end=\"213\">session 2026<\/strong> est parue.<\/p>\n<ul data-start=\"226\" data-end=\"802\">\n<li data-start=\"226\" data-end=\"402\">\n<p data-start=\"228\" data-end=\"402\"><strong data-start=\"228\" data-end=\"253\">P\u00e9riode d\u2019inscription<\/strong> : du <strong data-start=\"259\" data-end=\"285\">lundi 17 novembre 2025<\/strong> au <strong data-start=\"289\" data-end=\"317\">vendredi 5 d\u00e9cembre 2025<\/strong><br data-start=\"317\" data-end=\"320\">\u279c Inscriptions sur <strong data-start=\"341\" data-end=\"353\">Cyclades<\/strong>, sous la responsabilit\u00e9 du chef d\u2019\u00e9tablissement.<\/p>\n<\/li>\n<li data-start=\"404\" data-end=\"676\">\n<p data-start=\"406\" data-end=\"676\"><strong data-start=\"406\" data-end=\"441\">\u00c9l\u00e8ves en situation de handicap<\/strong> :<br data-start=\"443\" data-end=\"446\">Les formulaires \u00ab <em data-start=\"466\" data-end=\"512\">demande d\u2019adaptation des supports d\u2019\u00e9preuves<\/em> \u00bb (sujets adapt\u00e9s) sont \u00e0 compl\u00e9ter <strong data-start=\"549\" data-end=\"586\">en plus de l\u2019inscription Cyclades<\/strong>.<br data-start=\"587\" data-end=\"590\">\u279c Ces demandes devront \u00eatre transmises <strong data-start=\"631\" data-end=\"675\" data-is-only-node=\"\">au plus tard le vendredi 5 d\u00e9cembre 2025<\/strong>.<\/p>\n<\/li>\n<li data-start=\"678\" data-end=\"802\">\n<p data-start=\"680\" data-end=\"802\"><strong data-start=\"680\" data-end=\"700\">\u00c9preuves \u00e9crites<\/strong> (compr\u00e9hension de l\u2019oral, compr\u00e9hension de l\u2019\u00e9crit, expression \u00e9crite) :<br data-start=\"773\" data-end=\"776\">\u279c <strong data-start=\"780\" data-end=\"802\">Mardi 10 mars 2026<\/strong><\/p>\n<\/li>\n<li data-start=\"678\" data-end=\"802\"><strong>Les \u00e9preuves orales<\/strong> se d\u00e9rouleront entre le mercredi 28 janvier 2026 et le vendredi 3 avril 2026.<\/li>\n<\/ul>\n<p>&nbsp;<\/p>\n<p>Afin que vous puissiez organiser le planning des \u00e9preuves orales du DSD I dans vos \u00e9tablissements, voici les <strong>dates de&nbsp;correction des \u00e9preuves \u00e9crites<\/strong>&nbsp;:<\/p>\n<div>&#8211; Dans les&nbsp;<strong>AM<\/strong>, la correction aura lieu&nbsp;<strong><span id=\"OBJ_PREFIX_DWT52_com_zimbra_date\" class=\"Object\" role=\"link\">jeudi<\/span>&nbsp;26 Mars<\/strong>, au <strong>lyc\u00e9e des Eucalyptus \u00e0 Nice<\/strong> (9h-17h)<\/div>\n<div>&#8211; Dans le&nbsp;<strong>Var<\/strong>, la correction aura lieu&nbsp;<strong><span id=\"OBJ_PREFIX_DWT53_com_zimbra_date\" class=\"Object\" role=\"link\">vendredi<\/span>&nbsp;27 Mars,<\/strong> au <strong>lyc\u00e9e Raynouard \u00e0 Brignoles<\/strong> (9h-17h)<\/div>\n<div>&nbsp;<\/div>\n","protected":false},"excerpt":{"rendered":"<p>La circulaire relative aux inscriptions \u00e0 la certification en allemand pour la session 2026 est parue. P\u00e9riode d\u2019inscription : du lundi 17 novembre 2025 au vendredi 5 d\u00e9cembre 2025\u279c Inscriptions sur Cyclades, sous la responsabilit\u00e9 du chef d\u2019\u00e9tablissement. \u00c9l\u00e8ves en situation de handicap :Les formulaires \u00ab demande d\u2019adaptation des supports d\u2019\u00e9preuves \u00bb (sujets adapt\u00e9s) sont &hellip; <\/p>\n<p><a class=\"more-link btn\" href=\"https:\/\/www.pedagogie.ac-nice.fr\/allemand\/certification-en-allemand-session-2026\/\">Lire la suite<\/a><\/p>\n","protected":false},"author":370,"featured_media":0,"comment_status":"closed","ping_status":"closed","sticky":false,"template":"","format":"standard","meta":{"ngg_post_thumbnail":0,"footnotes":""},"categories":[1],"tags":[],"class_list":["post-2138","post","type-post","status-publish","format-standard","hentry","category-non-classe","item-wrap"],"rttpg_featured_image_url":null,"rttpg_author":{"display_name":"katjatert","author_link":"https:\/\/www.pedagogie.ac-nice.fr\/allemand\/author\/katjatert\/"},"rttpg_comment":0,"rttpg_category":"<a href=\"https:\/\/www.pedagogie.ac-nice.fr\/allemand\/category\/non-classe\/\" rel=\"category tag\">Non class\u00e9<\/a>","rttpg_excerpt":"La circulaire relative aux inscriptions \u00e0 la certification en allemand pour la session 2026 est parue. P\u00e9riode d\u2019inscription : du lundi 17 novembre 2025 au vendredi 5 d\u00e9cembre 2025\u279c Inscriptions sur Cyclades, sous la responsabilit\u00e9 du chef d\u2019\u00e9tablissement. \u00c9l\u00e8ves en situation de handicap :Les formulaires \u00ab demande d\u2019adaptation des supports d\u2019\u00e9preuves \u00bb (sujets adapt\u00e9s) sont\u2026","post_mailing_queue_ids":[],"_links":{"self":[{"href":"https:\/\/www.pedagogie.ac-nice.fr\/allemand\/wp-json\/wp\/v2\/posts\/2138","targetHints":{"allow":["GET"]}}],"collection":[{"href":"https:\/\/www.pedagogie.ac-nice.fr\/allemand\/wp-json\/wp\/v2\/posts"}],"about":[{"href":"https:\/\/www.pedagogie.ac-nice.fr\/allemand\/wp-json\/wp\/v2\/types\/post"}],"author":[{"embeddable":true,"href":"https:\/\/www.pedagogie.ac-nice.fr\/allemand\/wp-json\/wp\/v2\/users\/370"}],"replies":[{"embeddable":true,"href":"https:\/\/www.pedagogie.ac-nice.fr\/allemand\/wp-json\/wp\/v2\/comments?post=2138"}],"version-history":[{"count":6,"href":"https:\/\/www.pedagogie.ac-nice.fr\/allemand\/wp-json\/wp\/v2\/posts\/2138\/revisions"}],"predecessor-version":[{"id":2186,"href":"https:\/\/www.pedagogie.ac-nice.fr\/allemand\/wp-json\/wp\/v2\/posts\/2138\/revisions\/2186"}],"wp:attachment":[{"href":"https:\/\/www.pedagogie.ac-nice.fr\/allemand\/wp-json\/wp\/v2\/media?parent=2138"}],"wp:term":[{"taxonomy":"category","embeddable":true,"href":"https:\/\/www.pedagogie.ac-nice.fr\/allemand\/wp-json\/wp\/v2\/categories?post=2138"},{"taxonomy":"post_tag","embeddable":true,"href":"https:\/\/www.pedagogie.ac-nice.fr\/allemand\/wp-json\/wp\/v2\/tags?post=2138"}],"curies":[{"name":"wp","href":"https:\/\/api.w.org\/{rel}","templated":true}]}}