{"id":2158,"date":"2025-12-17T12:00:32","date_gmt":"2025-12-17T11:00:32","guid":{"rendered":"https:\/\/www.pedagogie.ac-nice.fr\/allemand\/?p=2158"},"modified":"2026-01-09T12:03:33","modified_gmt":"2026-01-09T11:03:33","slug":"petite-annonce-brigitte-sauzay","status":"publish","type":"post","link":"https:\/\/www.pedagogie.ac-nice.fr\/allemand\/petite-annonce-brigitte-sauzay\/","title":{"rendered":"Petite annonce : Brigitte Sauzay"},"content":{"rendered":"<p class=\"v1v1v1v1isSelectedEnd\"><strong>Brigitte Sauzay<\/strong>&nbsp;: Max, 15 ans (Bonn), recherche un correspondant pour un \u00e9change avec un s\u00e9jour \u00e0 Bonn \u00e0 partir du<strong>&nbsp;<\/strong>12 ou 19 avril 2026 (3 mois), puis un s\u00e9jour en France entre le 18 septembre et le 19 d\u00e9cembre 2026. Max pratique le volley, aime le sport, les jeux vid\u00e9o et la nature.&nbsp;<\/p>\n<p class=\"v1v1v1v1isSelectedEnd\">Je vous transmets sa pr\u00e9sentation d\u00e9taill\u00e9e avec plaisir.<\/p>\n","protected":false},"excerpt":{"rendered":"<p>Brigitte Sauzay&nbsp;: Max, 15 ans (Bonn), recherche un correspondant pour un \u00e9change avec un s\u00e9jour \u00e0 Bonn \u00e0 partir du&nbsp;12 ou 19 avril 2026 (3 mois), puis un s\u00e9jour en France entre le 18 septembre et le 19 d\u00e9cembre 2026. Max pratique le volley, aime le sport, les jeux vid\u00e9o et la nature.&nbsp; Je vous &hellip; <\/p>\n<p><a class=\"more-link btn\" href=\"https:\/\/www.pedagogie.ac-nice.fr\/allemand\/petite-annonce-brigitte-sauzay\/\">Lire la suite<\/a><\/p>\n","protected":false},"author":370,"featured_media":0,"comment_status":"closed","ping_status":"closed","sticky":false,"template":"","format":"standard","meta":{"ngg_post_thumbnail":0,"footnotes":""},"categories":[41,11,81],"tags":[],"class_list":["post-2158","post","type-post","status-publish","format-standard","hentry","category-actualites","category-petites-annonces","category-programme-brigitte-sauzay","item-wrap"],"rttpg_featured_image_url":null,"rttpg_author":{"display_name":"katjatert","author_link":"https:\/\/www.pedagogie.ac-nice.fr\/allemand\/author\/katjatert\/"},"rttpg_comment":0,"rttpg_category":"<a href=\"https:\/\/www.pedagogie.ac-nice.fr\/allemand\/category\/actualites\/\" rel=\"category tag\">Actualit\u00e9s<\/a> <a href=\"https:\/\/www.pedagogie.ac-nice.fr\/allemand\/category\/programmedechanges\/petites-annonces\/\" rel=\"category tag\">Echanges, voyages, petites annonces<\/a> <a href=\"https:\/\/www.pedagogie.ac-nice.fr\/allemand\/category\/programme-brigitte-sauzay\/\" rel=\"category tag\">Programme Brigitte Sauzay<\/a>","rttpg_excerpt":"Brigitte Sauzay&nbsp;: Max, 15 ans (Bonn), recherche un correspondant pour un \u00e9change avec un s\u00e9jour \u00e0 Bonn \u00e0 partir du&nbsp;12 ou 19 avril 2026 (3 mois), puis un s\u00e9jour en France entre le 18 septembre et le 19 d\u00e9cembre 2026. Max pratique le volley, aime le sport, les jeux vid\u00e9o et la nature.&nbsp; Je vous\u2026","post_mailing_queue_ids":[],"_links":{"self":[{"href":"https:\/\/www.pedagogie.ac-nice.fr\/allemand\/wp-json\/wp\/v2\/posts\/2158","targetHints":{"allow":["GET"]}}],"collection":[{"href":"https:\/\/www.pedagogie.ac-nice.fr\/allemand\/wp-json\/wp\/v2\/posts"}],"about":[{"href":"https:\/\/www.pedagogie.ac-nice.fr\/allemand\/wp-json\/wp\/v2\/types\/post"}],"author":[{"embeddable":true,"href":"https:\/\/www.pedagogie.ac-nice.fr\/allemand\/wp-json\/wp\/v2\/users\/370"}],"replies":[{"embeddable":true,"href":"https:\/\/www.pedagogie.ac-nice.fr\/allemand\/wp-json\/wp\/v2\/comments?post=2158"}],"version-history":[{"count":2,"href":"https:\/\/www.pedagogie.ac-nice.fr\/allemand\/wp-json\/wp\/v2\/posts\/2158\/revisions"}],"predecessor-version":[{"id":2161,"href":"https:\/\/www.pedagogie.ac-nice.fr\/allemand\/wp-json\/wp\/v2\/posts\/2158\/revisions\/2161"}],"wp:attachment":[{"href":"https:\/\/www.pedagogie.ac-nice.fr\/allemand\/wp-json\/wp\/v2\/media?parent=2158"}],"wp:term":[{"taxonomy":"category","embeddable":true,"href":"https:\/\/www.pedagogie.ac-nice.fr\/allemand\/wp-json\/wp\/v2\/categories?post=2158"},{"taxonomy":"post_tag","embeddable":true,"href":"https:\/\/www.pedagogie.ac-nice.fr\/allemand\/wp-json\/wp\/v2\/tags?post=2158"}],"curies":[{"name":"wp","href":"https:\/\/api.w.org\/{rel}","templated":true}]}}