{"id":2241,"date":"2026-04-03T11:01:58","date_gmt":"2026-04-03T09:01:58","guid":{"rendered":"https:\/\/www.pedagogie.ac-nice.fr\/allemand\/?p=2241"},"modified":"2026-04-03T11:03:03","modified_gmt":"2026-04-03T09:03:03","slug":"flyer-programmes-de-mobilite","status":"publish","type":"post","link":"https:\/\/www.pedagogie.ac-nice.fr\/allemand\/flyer-programmes-de-mobilite\/","title":{"rendered":"Flyer Programmes de mobilit\u00e9"},"content":{"rendered":"<p>Mettez facilement en avant la richesse des mobilit\u00e9s individuelles quand vous faites la promotion pour l&rsquo;allemand :&nbsp;<\/p>\n<p>Pauline Fiard a cr\u00e9\u00e9 un flyer r\u00e9capitulant les diff\u00e9rents programmes de mobilit\u00e9 en Allemagne et Autriche : Brigitte Sauzay, Barbara et Dohnal-Veil. Pour en faire un livret, vous pouvez simplement imprimer deux pages par feuille en recto-verso !<\/p>\n<a href=\"https:\/\/www.pedagogie.ac-nice.fr\/allemand\/wp-content\/uploads\/sites\/42\/2026\/04\/Flyer-Mobilites-2026.pdf\" class=\"pdfemb-viewer\" style=\"\" data-width=\"max\" data-height=\"max\" data-toolbar=\"bottom\" data-toolbar-fixed=\"off\">Flyer-Mobilites-2026<\/a>\n","protected":false},"excerpt":{"rendered":"<p>Mettez facilement en avant la richesse des mobilit\u00e9s individuelles quand vous faites la promotion pour l&rsquo;allemand :&nbsp; Pauline Fiard a cr\u00e9\u00e9 un flyer r\u00e9capitulant les diff\u00e9rents programmes de mobilit\u00e9 en Allemagne et Autriche : Brigitte Sauzay, Barbara et Dohnal-Veil. Pour en faire un livret, vous pouvez simplement imprimer deux pages par feuille en recto-verso !<\/p>\n","protected":false},"author":370,"featured_media":0,"comment_status":"closed","ping_status":"closed","sticky":false,"template":"","format":"standard","meta":{"ngg_post_thumbnail":0,"footnotes":""},"categories":[1],"tags":[],"class_list":["post-2241","post","type-post","status-publish","format-standard","hentry","category-non-classe","item-wrap"],"rttpg_featured_image_url":null,"rttpg_author":{"display_name":"katjatert","author_link":"https:\/\/www.pedagogie.ac-nice.fr\/allemand\/author\/katjatert\/"},"rttpg_comment":0,"rttpg_category":"<a href=\"https:\/\/www.pedagogie.ac-nice.fr\/allemand\/category\/non-classe\/\" rel=\"category tag\">Non class\u00e9<\/a>","rttpg_excerpt":"Mettez facilement en avant la richesse des mobilit\u00e9s individuelles quand vous faites la promotion pour l&rsquo;allemand :&nbsp; Pauline Fiard a cr\u00e9\u00e9 un flyer r\u00e9capitulant les diff\u00e9rents programmes de mobilit\u00e9 en Allemagne et Autriche : Brigitte Sauzay, Barbara et Dohnal-Veil. Pour en faire un livret, vous pouvez simplement imprimer deux pages par feuille en recto-verso !","post_mailing_queue_ids":[],"_links":{"self":[{"href":"https:\/\/www.pedagogie.ac-nice.fr\/allemand\/wp-json\/wp\/v2\/posts\/2241","targetHints":{"allow":["GET"]}}],"collection":[{"href":"https:\/\/www.pedagogie.ac-nice.fr\/allemand\/wp-json\/wp\/v2\/posts"}],"about":[{"href":"https:\/\/www.pedagogie.ac-nice.fr\/allemand\/wp-json\/wp\/v2\/types\/post"}],"author":[{"embeddable":true,"href":"https:\/\/www.pedagogie.ac-nice.fr\/allemand\/wp-json\/wp\/v2\/users\/370"}],"replies":[{"embeddable":true,"href":"https:\/\/www.pedagogie.ac-nice.fr\/allemand\/wp-json\/wp\/v2\/comments?post=2241"}],"version-history":[{"count":4,"href":"https:\/\/www.pedagogie.ac-nice.fr\/allemand\/wp-json\/wp\/v2\/posts\/2241\/revisions"}],"predecessor-version":[{"id":2253,"href":"https:\/\/www.pedagogie.ac-nice.fr\/allemand\/wp-json\/wp\/v2\/posts\/2241\/revisions\/2253"}],"wp:attachment":[{"href":"https:\/\/www.pedagogie.ac-nice.fr\/allemand\/wp-json\/wp\/v2\/media?parent=2241"}],"wp:term":[{"taxonomy":"category","embeddable":true,"href":"https:\/\/www.pedagogie.ac-nice.fr\/allemand\/wp-json\/wp\/v2\/categories?post=2241"},{"taxonomy":"post_tag","embeddable":true,"href":"https:\/\/www.pedagogie.ac-nice.fr\/allemand\/wp-json\/wp\/v2\/tags?post=2241"}],"curies":[{"name":"wp","href":"https:\/\/api.w.org\/{rel}","templated":true}]}}