{"id":240,"date":"2012-07-03T09:37:47","date_gmt":"2012-07-03T07:37:47","guid":{"rendered":"https:\/\/www.pedagogie.ac-nice.fr\/allemand\/2012\/07\/03\/programmes-2012\/"},"modified":"2012-07-03T09:37:47","modified_gmt":"2012-07-03T07:37:47","slug":"programmes-2012","status":"publish","type":"post","link":"https:\/\/www.pedagogie.ac-nice.fr\/allemand\/programmes-2012\/","title":{"rendered":"Programmes 2012"},"content":{"rendered":"<p><span style=\"color: #3366ff;\"><strong><span style=\"font-size: x-large;\">Programmes enseignants 2012 propos\u00e9s par l&rsquo;OFAJ<\/span><\/strong><\/span><\/p>\n<p>\u00a0<\/p>\n<p>\u00a0<\/p>\n<p><span style=\"font-size: large;\">Veuillez trouver joint en annexe les appels d\u2019offres et descriptifs pour <span style=\"text-decoration: underline;\"><strong><span style=\"color: #993366;\">six formations franco-allemandes<\/span><\/strong><\/span> s\u2019adressant en automne 2012 aux <strong><span style=\"color: #993366;\"><span style=\"text-decoration: underline;\">enseignants et formateurs<\/span><\/span><\/strong> int\u00e9ress\u00e9s par les \u00e9changes scolaires\u00a0:<\/span><\/p>\n<p><span style=\"font-size: large;\"><br \/><\/span><\/p>\n<table style=\"width: 62%;\" border=\"0\" cellspacing=\"0\" cellpadding=\"0\">\n<tbody>\n<tr>\n<td width=\"61%\" valign=\"top\">\n<p><span style=\"font-size: large;\">Stage   d\u2018approfondissement<br \/> Tele-Tandem\u00a9<\/span><\/p>\n<\/td>\n<td width=\"38%\" valign=\"top\">\n<p><span style=\"font-size: large;\">30.9.-3.10.2012   \u00e0 Metz<\/span><\/p>\n<\/td>\n<\/tr>\n<tr>\n<td width=\"61%\" valign=\"top\">\n<p><span style=\"font-size: large;\">L\u2019\u00e9change   scolaire\u00a0: <br \/> tout un projet\u00a0!<\/span><\/p>\n<\/td>\n<td width=\"38%\" valign=\"top\">\n<p><span style=\"font-size: large;\">28.10-2.11.2012   \u00e0 Berlin<\/span><\/p>\n<\/td>\n<\/tr>\n<tr>\n<td width=\"61%\" valign=\"top\">\n<p><span style=\"font-size: large;\">Approfondissement<\/span><\/p>\n<p><span style=\"font-size: large;\">Animation   linguistique et Poetry Slam<\/span><\/p>\n<\/td>\n<td width=\"38%\" valign=\"top\">\n<p><span style=\"font-size: large;\">31.10.-4.11.2012   \u00e0 Berlin<\/span><\/p>\n<\/td>\n<\/tr>\n<tr>\n<td width=\"61%\" valign=\"top\">\n<p><span style=\"font-size: large;\">\u201eD\u00e9veloppement   durable\u201c- de nouvelles approches pour l\u2019\u00e9change scolaire<\/span><\/p>\n<\/td>\n<td width=\"38%\" valign=\"top\">\n<p><span style=\"font-size: large;\">28.10-2.11.2012   \u00e0 Otzenhausen (Sarre)<\/span><\/p>\n<\/td>\n<\/tr>\n<tr>\n<td width=\"61%\" valign=\"top\">\n<p><span style=\"font-size: large;\">Formation   pour tuteurs Voltaire et Sauzay<\/span><\/p>\n<\/td>\n<td width=\"38%\" valign=\"top\">\n<p><span style=\"font-size: large;\">2.-6.11.2012   \u00e0 Berlin<\/span><\/p>\n<\/td>\n<\/tr>\n<tr>\n<td width=\"61%\" valign=\"top\">\n<p><span style=\"font-size: large;\">Coop\u00e9rer   et construire un projet<strong> <\/strong><\/span><\/p>\n<p><span style=\"font-size: large;\">(formation   professionnelle)<\/span><\/p>\n<\/td>\n<td width=\"38%\" valign=\"top\">\n<p><span style=\"font-size: large;\">18.-23.11.2012   \u00e0 Strasbourg<\/span><\/p>\n<\/td>\n<\/tr>\n<\/tbody>\n<\/table>\n<p><span style=\"font-size: large;\"> <\/span><\/p>\n<p><span style=\"font-size: large;\">La fiche d\u2019inscription est \u00e9galement jointe en annexe ainsi qu\u2019un appel \u00e0 candidature pour le prix Tele-Tandem\u00a9 2012.<\/span><\/p>\n<p><span style=\"font-size: large;\">Nous vous remercions de bien vouloir faire suivre l\u2019information. Veuillez cependant noter que le nombre de places est en r\u00e8gle g\u00e9n\u00e9rale limit\u00e9 \u00e0 12 personnes par pays, nous vous prions donc de bien vouloir cibler la communication.<\/span><\/p>\n<p><span style=\"font-size: large;\">Nous restons \u00e0 votre disposition pour tout renseignement compl\u00e9mentaire et vous souhaitons une bonne fin de l\u2019ann\u00e9e scolaire.<\/span><\/p>\n<p><span style=\"font-size: large;\">Meilleures salutations,<\/span><\/p>\n<p><span style=\"font-size: large;\"> <\/span><\/p>\n<p><span style=\"font-size: large;\">Dominique Granoux<\/span><\/p>\n<p><span style=\"font-size: large;\"> <\/span><\/p>\n<p><span style=\"font-size: large;\">Formation interculturelle<\/span><\/p>\n<p><span style=\"font-size: large;\">Interkulturelle Aus- und <br \/> Fortbildung<\/span><\/p>\n<p><span style=\"font-size: large;\"> <\/span><\/p>\n<p><span style=\"font-size: large;\">Office franco-allemand<\/span><\/p>\n<p><span style=\"font-size: large;\">pour la Jeunesse<\/span><\/p>\n<p><span style=\"font-size: large;\">Deutsch-Franz\u00f6sisches<\/span><\/p>\n<p><span style=\"font-size: large;\">Jugendwerk<\/span><\/p>\n<p><span style=\"font-size: large;\"> <\/span><\/p>\n<p><span style=\"font-size: large;\">Molkenmarkt 1<\/span><\/p>\n<p><span style=\"font-size: large;\">10179 Berlin<\/span><\/p>\n<p><span style=\"font-size: large;\">Tel.: +49 30 288 757-22<\/span><\/p>\n<p><span style=\"font-size: large;\"><a href=\"mailto:granoux@dfjw.org\">granoux@dfjw.org<\/a><\/span><\/p>\n<p><span style=\"font-size: large;\"> <\/span><\/p>\n","protected":false},"excerpt":{"rendered":"<p>Programmes enseignants 2012 propos\u00e9s par l&rsquo;OFAJ \u00a0 \u00a0 Veuillez trouver joint en annexe les appels d\u2019offres et descriptifs pour six formations franco-allemandes s\u2019adressant en automne 2012 aux enseignants et formateurs int\u00e9ress\u00e9s par les \u00e9changes scolaires\u00a0: Stage d\u2018approfondissement Tele-Tandem\u00a9 30.9.-3.10.2012 \u00e0 Metz L\u2019\u00e9change scolaire\u00a0: tout un projet\u00a0! 28.10-2.11.2012 \u00e0 Berlin Approfondissement Animation linguistique et Poetry Slam &hellip; <\/p>\n<p><a class=\"more-link btn\" href=\"https:\/\/www.pedagogie.ac-nice.fr\/allemand\/programmes-2012\/\">Lire la suite<\/a><\/p>\n","protected":false},"author":1,"featured_media":0,"comment_status":"closed","ping_status":"closed","sticky":false,"template":"","format":"standard","meta":{"ngg_post_thumbnail":0,"footnotes":""},"categories":[15],"tags":[],"class_list":["post-240","post","type-post","status-publish","format-standard","hentry","category-programmes-ofaj","item-wrap"],"rttpg_featured_image_url":null,"rttpg_author":{"display_name":"norco","author_link":"https:\/\/www.pedagogie.ac-nice.fr\/allemand\/author\/norco\/"},"rttpg_comment":0,"rttpg_category":"<a href=\"https:\/\/www.pedagogie.ac-nice.fr\/allemand\/category\/programmedechanges\/programmes-ofaj\/\" rel=\"category tag\">Programmes OFAJ<\/a>","rttpg_excerpt":"Programmes enseignants 2012 propos\u00e9s par l&rsquo;OFAJ \u00a0 \u00a0 Veuillez trouver joint en annexe les appels d\u2019offres et descriptifs pour six formations franco-allemandes s\u2019adressant en automne 2012 aux enseignants et formateurs int\u00e9ress\u00e9s par les \u00e9changes scolaires\u00a0: Stage d\u2018approfondissement Tele-Tandem\u00a9 30.9.-3.10.2012 \u00e0 Metz L\u2019\u00e9change scolaire\u00a0: tout un projet\u00a0! 28.10-2.11.2012 \u00e0 Berlin Approfondissement Animation linguistique et Poetry Slam\u2026","post_mailing_queue_ids":[],"_links":{"self":[{"href":"https:\/\/www.pedagogie.ac-nice.fr\/allemand\/wp-json\/wp\/v2\/posts\/240","targetHints":{"allow":["GET"]}}],"collection":[{"href":"https:\/\/www.pedagogie.ac-nice.fr\/allemand\/wp-json\/wp\/v2\/posts"}],"about":[{"href":"https:\/\/www.pedagogie.ac-nice.fr\/allemand\/wp-json\/wp\/v2\/types\/post"}],"author":[{"embeddable":true,"href":"https:\/\/www.pedagogie.ac-nice.fr\/allemand\/wp-json\/wp\/v2\/users\/1"}],"replies":[{"embeddable":true,"href":"https:\/\/www.pedagogie.ac-nice.fr\/allemand\/wp-json\/wp\/v2\/comments?post=240"}],"version-history":[{"count":0,"href":"https:\/\/www.pedagogie.ac-nice.fr\/allemand\/wp-json\/wp\/v2\/posts\/240\/revisions"}],"wp:attachment":[{"href":"https:\/\/www.pedagogie.ac-nice.fr\/allemand\/wp-json\/wp\/v2\/media?parent=240"}],"wp:term":[{"taxonomy":"category","embeddable":true,"href":"https:\/\/www.pedagogie.ac-nice.fr\/allemand\/wp-json\/wp\/v2\/categories?post=240"},{"taxonomy":"post_tag","embeddable":true,"href":"https:\/\/www.pedagogie.ac-nice.fr\/allemand\/wp-json\/wp\/v2\/tags?post=240"}],"curies":[{"name":"wp","href":"https:\/\/api.w.org\/{rel}","templated":true}]}}