{"id":320,"date":"2014-10-29T21:33:06","date_gmt":"2014-10-29T20:33:06","guid":{"rendered":"https:\/\/www.pedagogie.ac-nice.fr\/allemand\/2014\/10\/29\/presenter-l-allemand-aux-parents-des-eleves-de-cm2\/"},"modified":"2014-10-29T21:33:06","modified_gmt":"2014-10-29T20:33:06","slug":"presenter-l-allemand-aux-parents-des-eleves-de-cm2","status":"publish","type":"post","link":"https:\/\/www.pedagogie.ac-nice.fr\/allemand\/presenter-l-allemand-aux-parents-des-eleves-de-cm2\/","title":{"rendered":"Pr\u00e9senter l&rsquo;allemand aux parents des \u00e9l\u00e8ves de CM2"},"content":{"rendered":"<p style=\"margin-top: 0.49cm; margin-bottom: 0.49cm; line-height: 0.42cm\"> \t<font color=\"#ff0000\" style=\"font-size: 12pt; font-family: 'Times New Roman', serif; line-height: 0.42cm;\"><font face=\"Tahoma, sans-serif\"><font style=\"font-size: 18pt\">Pr\u00e9senter l&rsquo;allemand<\/font><\/font><\/font><font color=\"#333333\" style=\"font-size: 12pt; font-family: 'Times New Roman', serif; line-height: 0.42cm;\"><font face=\"Tahoma, sans-serif\"><font style=\"font-size: 18pt\">&nbsp;<\/font><\/font><\/font><font color=\"#333333\" style=\"font-size: 12pt; font-family: 'Times New Roman', serif; line-height: 0.42cm;\"><font face=\"Tahoma, sans-serif\"><font style=\"font-size: 18pt\">aux parents des \u00e9l\u00e8ves de CM2: un document r\u00e9alis\u00e9 par des coll\u00e8gues : cliquer<\/font><\/font><\/font><font color=\"#333333\" style=\"font-size: 12pt; font-family: 'Times New Roman', serif; line-height: 0.42cm;\"><font face=\"Tahoma, sans-serif\"><font style=\"font-size: 18pt\">&nbsp;<\/font><\/font><\/font><font color=\"#0000ff\" style=\"font-size: 12pt; font-family: 'Times New Roman', serif; line-height: 0.42cm;\"><a href=\"http:\/\/www.ac-nice.fr\/portail-de-langues\/portl_allemand\/images\/stories\/ressources\/allbilangCM2pdf.odp\" target=\"_blank\" rel=\"noopener noreferrer\"><font color=\"#ff0000\"><font face=\"Tahoma, sans-serif\"><font style=\"font-size: 18pt\"><span style=\"text-decoration: none\">ici<\/span><\/font><\/font><\/font><\/a><\/font><\/p>\n<div id=\"ckimgrsz\" style=\"left: 406.250030517578px; top: 18.5069446563721px;\">\n<div class=\"preview\"> \t\t&nbsp;<\/div>\n<\/p><\/div>\n","protected":false},"excerpt":{"rendered":"<p>Pr\u00e9senter l&rsquo;allemand&nbsp;aux parents des \u00e9l\u00e8ves de CM2: un document r\u00e9alis\u00e9 par des coll\u00e8gues : cliquer&nbsp;ici &nbsp;<\/p>\n","protected":false},"author":1,"featured_media":0,"comment_status":"closed","ping_status":"closed","sticky":false,"template":"","format":"standard","meta":{"ngg_post_thumbnail":0,"footnotes":""},"categories":[3],"tags":[],"class_list":["post-320","post","type-post","status-publish","format-standard","hentry","category-primaire","item-wrap"],"rttpg_featured_image_url":null,"rttpg_author":{"display_name":"norco","author_link":"https:\/\/www.pedagogie.ac-nice.fr\/allemand\/author\/norco\/"},"rttpg_comment":0,"rttpg_category":"<a href=\"https:\/\/www.pedagogie.ac-nice.fr\/allemand\/category\/ressources\/primaire\/\" rel=\"category tag\">Primaire<\/a>","rttpg_excerpt":"Pr\u00e9senter l&rsquo;allemand&nbsp;aux parents des \u00e9l\u00e8ves de CM2: un document r\u00e9alis\u00e9 par des coll\u00e8gues : cliquer&nbsp;ici &nbsp;","post_mailing_queue_ids":[],"_links":{"self":[{"href":"https:\/\/www.pedagogie.ac-nice.fr\/allemand\/wp-json\/wp\/v2\/posts\/320","targetHints":{"allow":["GET"]}}],"collection":[{"href":"https:\/\/www.pedagogie.ac-nice.fr\/allemand\/wp-json\/wp\/v2\/posts"}],"about":[{"href":"https:\/\/www.pedagogie.ac-nice.fr\/allemand\/wp-json\/wp\/v2\/types\/post"}],"author":[{"embeddable":true,"href":"https:\/\/www.pedagogie.ac-nice.fr\/allemand\/wp-json\/wp\/v2\/users\/1"}],"replies":[{"embeddable":true,"href":"https:\/\/www.pedagogie.ac-nice.fr\/allemand\/wp-json\/wp\/v2\/comments?post=320"}],"version-history":[{"count":0,"href":"https:\/\/www.pedagogie.ac-nice.fr\/allemand\/wp-json\/wp\/v2\/posts\/320\/revisions"}],"wp:attachment":[{"href":"https:\/\/www.pedagogie.ac-nice.fr\/allemand\/wp-json\/wp\/v2\/media?parent=320"}],"wp:term":[{"taxonomy":"category","embeddable":true,"href":"https:\/\/www.pedagogie.ac-nice.fr\/allemand\/wp-json\/wp\/v2\/categories?post=320"},{"taxonomy":"post_tag","embeddable":true,"href":"https:\/\/www.pedagogie.ac-nice.fr\/allemand\/wp-json\/wp\/v2\/tags?post=320"}],"curies":[{"name":"wp","href":"https:\/\/api.w.org\/{rel}","templated":true}]}}