{"id":339,"date":"2014-12-06T15:06:05","date_gmt":"2014-12-06T14:06:05","guid":{"rendered":"https:\/\/www.pedagogie.ac-nice.fr\/allemand\/2014\/12\/06\/organisation-de-la-journee-franco-allemande-2015\/"},"modified":"2014-12-06T15:06:05","modified_gmt":"2014-12-06T14:06:05","slug":"organisation-de-la-journee-franco-allemande-2015","status":"publish","type":"post","link":"https:\/\/www.pedagogie.ac-nice.fr\/allemand\/organisation-de-la-journee-franco-allemande-2015\/","title":{"rendered":"Organisation de la journ\u00e9e franco-allemande 2015"},"content":{"rendered":"<p style=\"text-align: center;\"> \t<u><strong><img loading=\"lazy\" decoding=\"async\" class=\" size-full wp-image-334\" alt=\"\" src=\"https:\/\/www.pedagogie.ac-nice.fr\/allemand\/wp-content\/uploads\/sites\/42\/2014\/12\/0f52419a.gif\" style=\"width: 87px; height: 87px;\" width=\"370\" height=\"369\" \/><img loading=\"lazy\" decoding=\"async\" class=\" alignright size-full wp-image-335\" alt=\"\" src=\"https:\/\/www.pedagogie.ac-nice.fr\/allemand\/wp-content\/uploads\/sites\/42\/2014\/12\/sans-titre.png\" style=\"width: 50px; height: 63px; float: right;\" width=\"184\" height=\"232\" \/>ORGANISATION DE LA JOURNEE FRANCO-ALLEMANDE DU 22 JANVIER 2015:<\/strong><\/u><\/p>\n<p> \t&#8211; Lire le BO \u00e0 ce sujet: <a href=\"http:\/\/www.education.gouv.fr\/pid25535\/bulletin_officiel.html?cid_bo=84151\" target=\"_blank\" title=\"\" rel=\"noopener noreferrer\"><img loading=\"lazy\" decoding=\"async\" class=\" size-full wp-image-107\" alt=\"\" src=\"https:\/\/www.pedagogie.ac-nice.fr\/allemand\/wp-content\/uploads\/sites\/42\/2011\/09\/BO.jpg\" style=\"width: 146px; height: 64px;\" width=\"212\" height=\"93\" \/><\/a><\/p>\n<p> \t<img loading=\"lazy\" decoding=\"async\" class=\" size-full wp-image-287\" alt=\"\" src=\"https:\/\/www.pedagogie.ac-nice.fr\/allemand\/wp-content\/uploads\/sites\/42\/2017\/03\/neu.jpg\" style=\"width: 76px; height: 55px;\" width=\"264\" height=\"191\" \/>&#8211;<strong> Interventions possibles de l&rsquo;OFAJ<\/strong> dans les AM et dans le Var (cliquez sur la banderole) &nbsp;:&nbsp;<\/p>\n<p> \t<a href=\"http:\/\/www.ac-nice.fr\/portail-de-langues\/portl_allemand\/index.php\/actions-en-faveur-de-lallemand\/199-interventions-de-l-ofaj\" target=\"_blank\" title=\"\" rel=\"noopener noreferrer\"><img decoding=\"async\" alt=\"\" src=\"images\/BANDEROLE ofaj.bmp\" style=\"width: 423px; height: 61px;\" \/><\/a><\/p>\n<p> \t<strong>D&rsquo;autres ressources importantes et utiles pour l&rsquo;organisation de cette journ\u00e9e ci-dessous:<\/strong><\/p>\n<p>  <!--more-->  <\/p>\n<p> \t<img loading=\"lazy\" decoding=\"async\" class=\" size-full wp-image-336\" alt=\"\" src=\"https:\/\/www.pedagogie.ac-nice.fr\/allemand\/wp-content\/uploads\/sites\/42\/2014\/12\/logogoethe.jpg\" style=\"width: 120px; height: 60px;\" width=\"600\" height=\"280\" \/><img loading=\"lazy\" decoding=\"async\" class=\" size-full wp-image-287\" alt=\"\" src=\"https:\/\/www.pedagogie.ac-nice.fr\/allemand\/wp-content\/uploads\/sites\/42\/2017\/03\/neu.jpg\" style=\"width: 80px; height: 60px;\" width=\"264\" height=\"191\" \/>&nbsp;Une vid\u00e9o du Goethe Institut &nbsp;int\u00e9ressante \u00e0 pr\u00e9senter lors de la journ\u00e9e franco-allemande afin de montrer aux \u00e9l\u00e8ves non seulement l&rsquo;importance des relations \u00e9conomiques entre l&rsquo;Allemagne et la France mais \u00e9galement les projets concrets auxquels peuvent aboutir l&rsquo;apprentissage de la langue (en l&rsquo;occurence la participation \u00e0 un stage dans une grande entreprise allemande dans le cadre du projet \u00ab\u00a0Unternehmen Deutsch\u00a0\u00bb): &nbsp;<a href=\"https:\/\/www.youtube.com\/watch?v=U2SVHmiM2Xk\" target=\"_blank\" rel=\"noopener noreferrer\">https:\/\/www.youtube.com\/watch?v=U2SVHmiM2Xk<\/a><\/p>\n<p> \t<img loading=\"lazy\" decoding=\"async\" class=\" size-full wp-image-287\" alt=\"\" class=\"cke-resize\" src=\"https:\/\/www.pedagogie.ac-nice.fr\/allemand\/wp-content\/uploads\/sites\/42\/2017\/03\/neu.jpg\" style=\"width: 80px; height: 60px;\" width=\"264\" height=\"191\" \/>&nbsp; Si vous organisez des quizz ou concours \u00e0 l&rsquo;occastion de la journ\u00e9e franco-allemande, le Goethe Institut de Lyon peut vous faire parvenir des petits lots (stylos, porte-cl\u00e9s, broches&#8230;), ainsi que des brochures \u00ab\u00a0Einmal Freunde, immer Freunde\u00a0\u00bb et affiches utiles dans le cadre de cette manifestation. &nbsp;Contact: &nbsp;<span style=\"font-family: Helvetica, Arial, sans-serif; font-size: 13px; line-height: 15.8599996566772px;\">cours@lyon.goethe.org<\/span><\/p>\n<p> \t&#8211; L&rsquo;\u00e9norme contribution de Muriel Carrillo &#8211; Exemple d&rsquo;organisation de journ\u00e9e franco-allemande:&nbsp;<a href=\"files\/journe_murielcarillo.doc\" target=\"_blank\" rel=\"noopener noreferrer\"><img loading=\"lazy\" decoding=\"async\" class=\" size-full wp-image-337\" alt=\"\" src=\"https:\/\/www.pedagogie.ac-nice.fr\/allemand\/wp-content\/uploads\/sites\/42\/2014\/12\/word.jpg\" style=\"width: 48px; height: 47px;\" width=\"227\" height=\"222\" \/><\/a><\/p>\n<p> \t&#8211; D&rsquo;autres supports (quizz, drapeaux, menus, sets de table, etc&#8230;):<\/p>\n<p> \t<a href=\"files\/MENU.docx\" target=\"_blank\" rel=\"noopener noreferrer\"><img loading=\"lazy\" decoding=\"async\" class=\" size-full wp-image-337\" alt=\"\" src=\"https:\/\/www.pedagogie.ac-nice.fr\/allemand\/wp-content\/uploads\/sites\/42\/2014\/12\/word.jpg\" style=\"height: 49px; width: 50px;\" width=\"227\" height=\"222\" \/><\/a><a href=\"files\/journe_murielcarillo.doc\" target=\"_blank\" rel=\"noopener noreferrer\">&nbsp; &nbsp;&nbsp;<\/a><a href=\"files\/Guten_Appetit_DRAPEAU.doc\" target=\"_blank\" rel=\"noopener noreferrer\"><img loading=\"lazy\" decoding=\"async\" class=\" size-full wp-image-337\" alt=\"\" src=\"https:\/\/www.pedagogie.ac-nice.fr\/allemand\/wp-content\/uploads\/sites\/42\/2014\/12\/word.jpg\" style=\"height: 49px; width: 50px;\" width=\"227\" height=\"222\" \/><\/a><a href=\"files\/journe_murielcarillo.doc\" target=\"_blank\" rel=\"noopener noreferrer\">&nbsp; &nbsp; &nbsp;<\/a><a href=\"files\/DRAPEAUX.doc\" target=\"_blank\" rel=\"noopener noreferrer\"><img loading=\"lazy\" decoding=\"async\" class=\" size-full wp-image-337\" alt=\"\" src=\"https:\/\/www.pedagogie.ac-nice.fr\/allemand\/wp-content\/uploads\/sites\/42\/2014\/12\/word.jpg\" style=\"height: 49px; width: 50px;\" width=\"227\" height=\"222\" \/><\/a><a href=\"files\/journe_murielcarillo.doc\" target=\"_blank\" rel=\"noopener noreferrer\">&nbsp; &nbsp;<\/a><a href=\"files\/DIPLOM.doc\" target=\"_blank\" rel=\"noopener noreferrer\"><img loading=\"lazy\" decoding=\"async\" class=\" size-full wp-image-337\" alt=\"\" src=\"https:\/\/www.pedagogie.ac-nice.fr\/allemand\/wp-content\/uploads\/sites\/42\/2014\/12\/word.jpg\" style=\"height: 49px; width: 50px;\" width=\"227\" height=\"222\" \/><\/a><a href=\"files\/journe_murielcarillo.doc\" target=\"_blank\" rel=\"noopener noreferrer\">&nbsp; &nbsp;&nbsp;<\/a><a href=\"files\/PROGRAMM.docx\" target=\"_blank\" rel=\"noopener noreferrer\"><img loading=\"lazy\" decoding=\"async\" class=\" size-full wp-image-337\" alt=\"\" src=\"https:\/\/www.pedagogie.ac-nice.fr\/allemand\/wp-content\/uploads\/sites\/42\/2014\/12\/word.jpg\" style=\"height: 49px; width: 50px;\" width=\"227\" height=\"222\" \/><\/a><a href=\"files\/journe_murielcarillo.doc\" target=\"_blank\" rel=\"noopener noreferrer\">&nbsp;<\/a><a href=\"files\/journe_murielcarillo.doc\" target=\"_blank\" rel=\"noopener noreferrer\">&nbsp; &nbsp;&nbsp;<\/a><a href=\"files\/QUIZ.ppt\" target=\"_blank\" rel=\"noopener noreferrer\"><img loading=\"lazy\" decoding=\"async\" class=\" size-full wp-image-337\" alt=\"\" src=\"https:\/\/www.pedagogie.ac-nice.fr\/allemand\/wp-content\/uploads\/sites\/42\/2014\/12\/word.jpg\" style=\"height: 49px; width: 50px;\" width=\"227\" height=\"222\" \/><\/a><a href=\"files\/journe_murielcarillo.doc\" target=\"_blank\" rel=\"noopener noreferrer\">&nbsp; &nbsp; &nbsp;<\/a><img loading=\"lazy\" decoding=\"async\" class=\" size-full wp-image-338\" alt=\"\" src=\"https:\/\/www.pedagogie.ac-nice.fr\/allemand\/wp-content\/uploads\/sites\/42\/2014\/12\/Set_de_table_deutsche_Spezialitaeten.jpg\" style=\"width: 148px; height: 105px;\" width=\"1754\" height=\"1240\" srcset=\"https:\/\/www.pedagogie.ac-nice.fr\/allemand\/wp-content\/uploads\/sites\/42\/2014\/12\/Set_de_table_deutsche_Spezialitaeten.jpg 1754w, https:\/\/www.pedagogie.ac-nice.fr\/allemand\/wp-content\/uploads\/sites\/42\/2014\/12\/Set_de_table_deutsche_Spezialitaeten-300x212.jpg 300w, https:\/\/www.pedagogie.ac-nice.fr\/allemand\/wp-content\/uploads\/sites\/42\/2014\/12\/Set_de_table_deutsche_Spezialitaeten-1024x724.jpg 1024w, https:\/\/www.pedagogie.ac-nice.fr\/allemand\/wp-content\/uploads\/sites\/42\/2014\/12\/Set_de_table_deutsche_Spezialitaeten-768x543.jpg 768w, https:\/\/www.pedagogie.ac-nice.fr\/allemand\/wp-content\/uploads\/sites\/42\/2014\/12\/Set_de_table_deutsche_Spezialitaeten-1536x1086.jpg 1536w, https:\/\/www.pedagogie.ac-nice.fr\/allemand\/wp-content\/uploads\/sites\/42\/2014\/12\/Set_de_table_deutsche_Spezialitaeten-1200x848.jpg 1200w\" sizes=\"auto, (max-width: 1754px) 100vw, 1754px\" \/><\/p>\n<p> \t&nbsp;<\/p>\n<p> \t&nbsp;<\/p>\n<p> \t&nbsp;<\/p>\n<p> \t&nbsp;<\/p>\n<p> \t&nbsp;<\/p>\n<p> \t&nbsp;<\/p>\n<p> \t&nbsp;<\/p>\n<p> \t&nbsp; &nbsp; &nbsp;&nbsp;<\/p>\n<p> \t&nbsp;<\/p>\n<div id=\"ckimgrsz\" style=\"left: 8px; top: 305px;\">\n<div class=\"preview\" style=\"display: none; top: -22px; left: 0px; width: 423px; height: 83px; background-image: url(http:\/\/www.ac-nice.fr\/portail-de-langues\/portl_allemand\/images\/BANDEROLE%20ofaj.bmp);\"> \t\t&nbsp;<\/div>\n<div class=\"preview\" style=\"display: none; top: -22px; left: 0px; width: 423px; height: 83px; background-image: url(http:\/\/www.ac-nice.fr\/portail-de-langues\/portl_allemand\/images\/BANDEROLE%20ofaj.bmp);\"> \t\t&nbsp;<\/div>\n<\/p><\/div>\n<div id=\"ckimgrsz\" style=\"left: 640.203125px; top: 709px;\">\n<div class=\"preview\" style=\"display: none; top: 125px; left: 0px; width: 99px; height: 97px; background-image: url(http:\/\/www.ac-nice.fr\/portail-de-langues\/portl_allemand\/images\/word.jpg);\"> \t\t&nbsp;<\/div>\n<\/p><\/div>\n","protected":false},"excerpt":{"rendered":"<p>ORGANISATION DE LA JOURNEE FRANCO-ALLEMANDE DU 22 JANVIER 2015: &#8211; Lire le BO \u00e0 ce sujet: &#8211; Interventions possibles de l&rsquo;OFAJ dans les AM et dans le Var (cliquez sur la banderole) &nbsp;:&nbsp; D&rsquo;autres ressources importantes et utiles pour l&rsquo;organisation de cette journ\u00e9e ci-dessous:<\/p><p><a class=\"more-link btn\" href=\"https:\/\/www.pedagogie.ac-nice.fr\/allemand\/organisation-de-la-journee-franco-allemande-2015\/\">Lire la suite<\/a><\/p>\n","protected":false},"author":1,"featured_media":334,"comment_status":"closed","ping_status":"closed","sticky":false,"template":"","format":"standard","meta":{"ngg_post_thumbnail":0,"footnotes":""},"categories":[28],"tags":[],"class_list":["post-339","post","type-post","status-publish","format-standard","has-post-thumbnail","hentry","category-actions-en-faveur-de-lallemand","item-wrap"],"rttpg_featured_image_url":{"full":["https:\/\/www.pedagogie.ac-nice.fr\/allemand\/wp-content\/uploads\/sites\/42\/2014\/12\/0f52419a.gif",370,369,false],"landscape":["https:\/\/www.pedagogie.ac-nice.fr\/allemand\/wp-content\/uploads\/sites\/42\/2014\/12\/0f52419a.gif",370,369,false],"portraits":["https:\/\/www.pedagogie.ac-nice.fr\/allemand\/wp-content\/uploads\/sites\/42\/2014\/12\/0f52419a.gif",370,369,false],"thumbnail":["https:\/\/www.pedagogie.ac-nice.fr\/allemand\/wp-content\/uploads\/sites\/42\/2014\/12\/0f52419a-150x150.gif",150,150,true],"medium":["https:\/\/www.pedagogie.ac-nice.fr\/allemand\/wp-content\/uploads\/sites\/42\/2014\/12\/0f52419a-300x300.gif",300,300,true],"large":["https:\/\/www.pedagogie.ac-nice.fr\/allemand\/wp-content\/uploads\/sites\/42\/2014\/12\/0f52419a.gif",370,369,false],"1536x1536":["https:\/\/www.pedagogie.ac-nice.fr\/allemand\/wp-content\/uploads\/sites\/42\/2014\/12\/0f52419a.gif",370,369,false],"2048x2048":["https:\/\/www.pedagogie.ac-nice.fr\/allemand\/wp-content\/uploads\/sites\/42\/2014\/12\/0f52419a.gif",370,369,false],"graphene_slider":["https:\/\/www.pedagogie.ac-nice.fr\/allemand\/wp-content\/uploads\/sites\/42\/2014\/12\/0f52419a.gif",370,369,false],"graphene_featured_image":["https:\/\/www.pedagogie.ac-nice.fr\/allemand\/wp-content\/uploads\/sites\/42\/2014\/12\/0f52419a.gif",370,369,false],"post-thumbnail":["https:\/\/www.pedagogie.ac-nice.fr\/allemand\/wp-content\/uploads\/sites\/42\/2014\/12\/0f52419a.gif",256,255,false],"advps-thumb-one":["https:\/\/www.pedagogie.ac-nice.fr\/allemand\/wp-content\/uploads\/sites\/42\/2014\/12\/0f52419a.gif",221,220,false]},"rttpg_author":{"display_name":"norco","author_link":"https:\/\/www.pedagogie.ac-nice.fr\/allemand\/author\/norco\/"},"rttpg_comment":0,"rttpg_category":"<a href=\"https:\/\/www.pedagogie.ac-nice.fr\/allemand\/category\/ressources\/actions-en-faveur-de-lallemand\/\" rel=\"category tag\">Actions en faveur de l'allemand<\/a>","rttpg_excerpt":"ORGANISATION DE LA JOURNEE FRANCO-ALLEMANDE DU 22 JANVIER 2015: &#8211; Lire le BO \u00e0 ce sujet: &#8211; Interventions possibles de l&rsquo;OFAJ dans les AM et dans le Var (cliquez sur la banderole) &nbsp;:&nbsp; D&rsquo;autres ressources importantes et utiles pour l&rsquo;organisation de cette journ\u00e9e ci-dessous:","post_mailing_queue_ids":[],"_links":{"self":[{"href":"https:\/\/www.pedagogie.ac-nice.fr\/allemand\/wp-json\/wp\/v2\/posts\/339","targetHints":{"allow":["GET"]}}],"collection":[{"href":"https:\/\/www.pedagogie.ac-nice.fr\/allemand\/wp-json\/wp\/v2\/posts"}],"about":[{"href":"https:\/\/www.pedagogie.ac-nice.fr\/allemand\/wp-json\/wp\/v2\/types\/post"}],"author":[{"embeddable":true,"href":"https:\/\/www.pedagogie.ac-nice.fr\/allemand\/wp-json\/wp\/v2\/users\/1"}],"replies":[{"embeddable":true,"href":"https:\/\/www.pedagogie.ac-nice.fr\/allemand\/wp-json\/wp\/v2\/comments?post=339"}],"version-history":[{"count":0,"href":"https:\/\/www.pedagogie.ac-nice.fr\/allemand\/wp-json\/wp\/v2\/posts\/339\/revisions"}],"wp:featuredmedia":[{"embeddable":true,"href":"https:\/\/www.pedagogie.ac-nice.fr\/allemand\/wp-json\/wp\/v2\/media\/334"}],"wp:attachment":[{"href":"https:\/\/www.pedagogie.ac-nice.fr\/allemand\/wp-json\/wp\/v2\/media?parent=339"}],"wp:term":[{"taxonomy":"category","embeddable":true,"href":"https:\/\/www.pedagogie.ac-nice.fr\/allemand\/wp-json\/wp\/v2\/categories?post=339"},{"taxonomy":"post_tag","embeddable":true,"href":"https:\/\/www.pedagogie.ac-nice.fr\/allemand\/wp-json\/wp\/v2\/tags?post=339"}],"curies":[{"name":"wp","href":"https:\/\/api.w.org\/{rel}","templated":true}]}}