{"id":342,"date":"2015-01-10T21:31:06","date_gmt":"2015-01-10T20:31:06","guid":{"rendered":"https:\/\/www.pedagogie.ac-nice.fr\/allemand\/2015\/01\/10\/interventions-de-l-ofaj\/"},"modified":"2015-01-10T21:31:06","modified_gmt":"2015-01-10T20:31:06","slug":"interventions-de-l-ofaj","status":"publish","type":"post","link":"https:\/\/www.pedagogie.ac-nice.fr\/allemand\/interventions-de-l-ofaj\/","title":{"rendered":"Interventions de l&rsquo;OFAJ"},"content":{"rendered":"<p style=\"text-align: center;\"> \t<img decoding=\"async\" alt=\"\" src=\"images\/BANDEROLE ofaj.bmp\" style=\"height: 78px; width: 518px;\" \/><\/p>\n<p> \t<strong>Franck Pascal, jeune ambassadeur de l&rsquo;OFAJ<\/strong>, se propose d&rsquo;intervenir dans vos classes (dans les Alpes-Maritimes et dans le Var) afin de pr\u00e9senter les projets initi\u00e9s par l&rsquo;OFAJ.<\/p>\n<p> \tVoici le lien du club OFAJ:&nbsp;<a class=\"yiv3212629987\" href=\"http:\/\/club.ofaj.org\/\" rel=\"nofollow noopener noreferrer\" style=\"color: rgb(0, 0, 0); line-height: 15.6000003814697px; outline: none; font-family: Helvetica, Arial, sans-serif; font-size: 13px;\" target=\"_blank\">club.ofaj.org<\/a><a href=\"club.ofaj.org\" target=\"_blank\" rel=\"noopener noreferrer\">&nbsp;<\/a>ainsi que la page Facebook des jeunes ambassadeurs de l&rsquo;OFAJ:&nbsp;<a class=\"yiv3212629987\" href=\"https:\/\/www.facebook.com\/ja.ofaj\" rel=\"nofollow noopener noreferrer\" style=\"color: rgb(0, 0, 0); line-height: 15.6000003814697px; outline: none; font-family: Helvetica, Arial, sans-serif; font-size: 13px;\" target=\"_blank\">https:\/\/www.facebook.com\/ja.ofaj<\/a><\/p>\n<p> \tainsi que ces coordonn\u00e9es:&nbsp;<\/p>\n<p> \tfranck.pascal@jeunesambassadeurs-ofaj.org<\/p>\n<p> \t<strong>N&rsquo;h\u00e9sitez pas \u00e0 la contacter!<\/strong><\/p>\n<p> \t<img loading=\"lazy\" decoding=\"async\" class=\" size-full wp-image-341\" alt=\"\" src=\"https:\/\/www.pedagogie.ac-nice.fr\/allemand\/wp-content\/uploads\/sites\/42\/2015\/01\/securedownload.png\" width=\"520\" height=\"994\" srcset=\"https:\/\/www.pedagogie.ac-nice.fr\/allemand\/wp-content\/uploads\/sites\/42\/2015\/01\/securedownload.png 520w, https:\/\/www.pedagogie.ac-nice.fr\/allemand\/wp-content\/uploads\/sites\/42\/2015\/01\/securedownload-157x300.png 157w\" sizes=\"auto, (max-width: 520px) 100vw, 520px\" \/><\/p>\n","protected":false},"excerpt":{"rendered":"<p>Franck Pascal, jeune ambassadeur de l&rsquo;OFAJ, se propose d&rsquo;intervenir dans vos classes (dans les Alpes-Maritimes et dans le Var) afin de pr\u00e9senter les projets initi\u00e9s par l&rsquo;OFAJ. Voici le lien du club OFAJ:&nbsp;club.ofaj.org&nbsp;ainsi que la page Facebook des jeunes ambassadeurs de l&rsquo;OFAJ:&nbsp;https:\/\/www.facebook.com\/ja.ofaj ainsi que ces coordonn\u00e9es:&nbsp; franck.pascal@jeunesambassadeurs-ofaj.org N&rsquo;h\u00e9sitez pas \u00e0 la contacter!<\/p>\n","protected":false},"author":1,"featured_media":0,"comment_status":"closed","ping_status":"closed","sticky":false,"template":"","format":"standard","meta":{"ngg_post_thumbnail":0,"footnotes":""},"categories":[28],"tags":[],"class_list":["post-342","post","type-post","status-publish","format-standard","hentry","category-actions-en-faveur-de-lallemand","item-wrap"],"rttpg_featured_image_url":null,"rttpg_author":{"display_name":"norco","author_link":"https:\/\/www.pedagogie.ac-nice.fr\/allemand\/author\/norco\/"},"rttpg_comment":0,"rttpg_category":"<a href=\"https:\/\/www.pedagogie.ac-nice.fr\/allemand\/category\/ressources\/actions-en-faveur-de-lallemand\/\" rel=\"category tag\">Actions en faveur de l'allemand<\/a>","rttpg_excerpt":"Franck Pascal, jeune ambassadeur de l&rsquo;OFAJ, se propose d&rsquo;intervenir dans vos classes (dans les Alpes-Maritimes et dans le Var) afin de pr\u00e9senter les projets initi\u00e9s par l&rsquo;OFAJ. Voici le lien du club OFAJ:&nbsp;club.ofaj.org&nbsp;ainsi que la page Facebook des jeunes ambassadeurs de l&rsquo;OFAJ:&nbsp;https:\/\/www.facebook.com\/ja.ofaj ainsi que ces coordonn\u00e9es:&nbsp; franck.pascal@jeunesambassadeurs-ofaj.org N&rsquo;h\u00e9sitez pas \u00e0 la contacter!","post_mailing_queue_ids":[],"_links":{"self":[{"href":"https:\/\/www.pedagogie.ac-nice.fr\/allemand\/wp-json\/wp\/v2\/posts\/342","targetHints":{"allow":["GET"]}}],"collection":[{"href":"https:\/\/www.pedagogie.ac-nice.fr\/allemand\/wp-json\/wp\/v2\/posts"}],"about":[{"href":"https:\/\/www.pedagogie.ac-nice.fr\/allemand\/wp-json\/wp\/v2\/types\/post"}],"author":[{"embeddable":true,"href":"https:\/\/www.pedagogie.ac-nice.fr\/allemand\/wp-json\/wp\/v2\/users\/1"}],"replies":[{"embeddable":true,"href":"https:\/\/www.pedagogie.ac-nice.fr\/allemand\/wp-json\/wp\/v2\/comments?post=342"}],"version-history":[{"count":0,"href":"https:\/\/www.pedagogie.ac-nice.fr\/allemand\/wp-json\/wp\/v2\/posts\/342\/revisions"}],"wp:attachment":[{"href":"https:\/\/www.pedagogie.ac-nice.fr\/allemand\/wp-json\/wp\/v2\/media?parent=342"}],"wp:term":[{"taxonomy":"category","embeddable":true,"href":"https:\/\/www.pedagogie.ac-nice.fr\/allemand\/wp-json\/wp\/v2\/categories?post=342"},{"taxonomy":"post_tag","embeddable":true,"href":"https:\/\/www.pedagogie.ac-nice.fr\/allemand\/wp-json\/wp\/v2\/tags?post=342"}],"curies":[{"name":"wp","href":"https:\/\/api.w.org\/{rel}","templated":true}]}}