{"id":352,"date":"2015-02-05T20:03:06","date_gmt":"2015-02-05T19:03:06","guid":{"rendered":"https:\/\/www.pedagogie.ac-nice.fr\/allemand\/2015\/02\/05\/programme-d-echange-franco-allemand-d-assistants-parlementaires-stagiaires-a-berlin-2015-2016\/"},"modified":"2015-02-05T20:03:06","modified_gmt":"2015-02-05T19:03:06","slug":"programme-d-echange-franco-allemand-d-assistants-parlementaires-stagiaires-a-berlin-2015-2016","status":"publish","type":"post","link":"https:\/\/www.pedagogie.ac-nice.fr\/allemand\/programme-d-echange-franco-allemand-d-assistants-parlementaires-stagiaires-a-berlin-2015-2016\/","title":{"rendered":"PROGRAMME D\u2019\u00c9CHANGE FRANCO-ALLEMAND D\u2019ASSISTANTS PARLEMENTAIRES STAGIAIRES \u00c0 BERLIN &#8211; 2015-2016"},"content":{"rendered":"<p> \t<a href=\"http:\/\/www.enseignementsup-recherche.gouv.fr\/pid20536\/bulletin-officiel.html?cid_bo=85538&amp;cbo=1\" target=\"_blank\" rel=\"noopener noreferrer\"><img loading=\"lazy\" decoding=\"async\" class=\" size-full wp-image-107\" alt=\"\" src=\"https:\/\/www.pedagogie.ac-nice.fr\/allemand\/wp-content\/uploads\/sites\/42\/2011\/09\/BO.jpg\" style=\"width: 134px; height: 59px;\" width=\"212\" height=\"93\" \/><\/a>&nbsp; cliquez sur le BO<\/p>\n<p>  <!--more-->  <\/p>\n<p style=\"margin: 0px; padding: 0px; border: 0px; outline: 0px; font-size: 12px; vertical-align: baseline; line-height: 15px; font-family: Arial, Verdana, sans-serif; text-align: justify; background-image: initial; background-attachment: initial; background-size: initial; background-origin: initial; background-clip: initial; background-position: initial; background-repeat: initial;\"> \t&nbsp;<\/p>\n<p style=\"margin: 0px; padding: 0px; border: 0px; outline: 0px; font-size: 12px; vertical-align: baseline; line-height: 15px; font-family: Arial, Verdana, sans-serif; text-align: justify; background-image: initial; background-attachment: initial; background-size: initial; background-origin: initial; background-clip: initial; background-position: initial; background-repeat: initial;\"> \t&nbsp;<\/p>\n<p style=\"margin: 0px; padding: 0px; border: 0px; outline: 0px; font-size: 12px; vertical-align: baseline; line-height: 15px; font-family: Arial, Verdana, sans-serif; text-align: justify; background-image: initial; background-attachment: initial; background-size: initial; background-origin: initial; background-clip: initial; background-position: initial; background-repeat: initial;\"> \tMis en \u0153uvre par le minist\u00e8re de l&rsquo;\u00e9ducation nationale, de l&rsquo;enseignement sup\u00e9rieur et de la recherche, l&rsquo;Assembl\u00e9e nationale, l&rsquo;Office allemand d&rsquo;\u00e9changes universitaires (DAAD), l&rsquo;universit\u00e9 Humboldt de Berlin et le Deutsche Bundestag, le programme d&rsquo;\u00e9change franco-allemand d&rsquo;assistants parlementaires stagiaires offre \u00e0 cinq \u00e9tudiants fran\u00e7ais la possibilit\u00e9 d&rsquo;effectuer un stage de dix mois \u00e0 Berlin. Il comporte une p\u00e9riode d&rsquo;\u00e9tudes \u00e0 l&rsquo;universit\u00e9 Humboldt, puis un stage de cinq mois aupr\u00e8s d&rsquo;un parlementaire allemand.<\/p>\n<p style=\"margin: 0px; padding: 0px; border: 0px; outline: 0px; font-size: 12px; vertical-align: baseline; line-height: 15px; font-family: Arial, Verdana, sans-serif; text-align: justify; background-image: initial; background-attachment: initial; background-size: initial; background-origin: initial; background-clip: initial; background-position: initial; background-repeat: initial;\"> \tConditions de candidature<\/p>\n<p style=\"margin: 0px; padding: 0px; border: 0px; outline: 0px; font-size: 12px; vertical-align: baseline; line-height: 15px; font-family: Arial, Verdana, sans-serif; text-align: justify; background-image: initial; background-attachment: initial; background-size: initial; background-origin: initial; background-clip: initial; background-position: initial; background-repeat: initial;\"> \t&#8211; \u00eatre de nationalit\u00e9 fran\u00e7aise&nbsp;;<\/p>\n<p style=\"margin: 0px; padding: 0px; border: 0px; outline: 0px; font-size: 12px; vertical-align: baseline; line-height: 15px; font-family: Arial, Verdana, sans-serif; text-align: justify; background-image: initial; background-attachment: initial; background-size: initial; background-origin: initial; background-clip: initial; background-position: initial; background-repeat: initial;\"> \t&#8211; \u00eatre inscrit dans un \u00e9tablissement d&rsquo;enseignement sup\u00e9rieur&nbsp;;<\/p>\n<p style=\"margin: 0px; padding: 0px; border: 0px; outline: 0px; font-size: 12px; vertical-align: baseline; line-height: 15px; font-family: Arial, Verdana, sans-serif; text-align: justify; background-image: initial; background-attachment: initial; background-size: initial; background-origin: initial; background-clip: initial; background-position: initial; background-repeat: initial;\"> \t&#8211; \u00eatre titulaire de la licence ou d&rsquo;un dipl\u00f4me de niveau \u00e9quivalent avant le d\u00e9but du programme d&rsquo;\u00e9change&nbsp;;<\/p>\n<p style=\"margin: 0px; padding: 0px; border: 0px; outline: 0px; font-size: 12px; vertical-align: baseline; line-height: 15px; font-family: Arial, Verdana, sans-serif; text-align: justify; background-image: initial; background-attachment: initial; background-size: initial; background-origin: initial; background-clip: initial; background-position: initial; background-repeat: initial;\"> \t&#8211; attester d&rsquo;une tr\u00e8s bonne ma\u00eetrise de la langue allemande&nbsp;;<\/p>\n<p style=\"margin: 0px; padding: 0px; border: 0px; outline: 0px; font-size: 12px; vertical-align: baseline; line-height: 15px; font-family: Arial, Verdana, sans-serif; text-align: justify; background-image: initial; background-attachment: initial; background-size: initial; background-origin: initial; background-clip: initial; background-position: initial; background-repeat: initial;\"> \t&#8211; avoir s\u00e9journ\u00e9 un temps significatif dans un pays germanophone dans le cadre d&rsquo;\u00e9tudes ou de stages&nbsp;;<\/p>\n<p style=\"margin: 0px; padding: 0px; border: 0px; outline: 0px; font-size: 12px; vertical-align: baseline; line-height: 15px; font-family: Arial, Verdana, sans-serif; text-align: justify; background-image: initial; background-attachment: initial; background-size: initial; background-origin: initial; background-clip: initial; background-position: initial; background-repeat: initial;\"> \t&#8211; avoir de solides connaissances sur le r\u00f4le et le fonctionnement des institutions politiques tant allemandes et fran\u00e7aises qu&rsquo;europ\u00e9ennes, sur l&rsquo;actualit\u00e9 politique des deux pays, ainsi que sur les relations franco-allemandes&nbsp;;<\/p>\n<p style=\"margin: 0px; padding: 0px; border: 0px; outline: 0px; font-size: 12px; vertical-align: baseline; line-height: 15px; font-family: Arial, Verdana, sans-serif; text-align: justify; background-image: initial; background-attachment: initial; background-size: initial; background-origin: initial; background-clip: initial; background-position: initial; background-repeat: initial;\"> \t&#8211; conna\u00eetre l&rsquo;essentiel du droit constitutionnel et du droit \u00e9lectoral des deux pays. La lecture d&rsquo;un ouvrage sur les syst\u00e8mes politiques fran\u00e7ais et allemand est vivement conseill\u00e9e.<\/p>\n<p style=\"margin: 0px; padding: 0px; border: 0px; outline: 0px; font-size: 12px; vertical-align: baseline; line-height: 15px; font-family: Arial, Verdana, sans-serif; text-align: justify; background-image: initial; background-attachment: initial; background-size: initial; background-origin: initial; background-clip: initial; background-position: initial; background-repeat: initial;\"> \t&nbsp;<\/p>\n<p style=\"margin: 0px; padding: 0px; border: 0px; outline: 0px; font-size: 12px; vertical-align: baseline; line-height: 15px; font-family: Arial, Verdana, sans-serif; text-align: justify; background-image: initial; background-attachment: initial; background-size: initial; background-origin: initial; background-clip: initial; background-position: initial; background-repeat: initial;\"> \t<span style=\"margin: 0px; padding: 0px; border: 0px; outline: 0px; vertical-align: baseline; background: transparent;\">Dur\u00e9e et d\u00e9roulement du programme&nbsp;:<\/span>&nbsp;du 1er octobre 2015 au 31 juillet 2016<\/p>\n<p style=\"margin: 0px; padding: 0px; border: 0px; outline: 0px; font-size: 12px; vertical-align: baseline; line-height: 15px; font-family: Arial, Verdana, sans-serif; text-align: justify; background-image: initial; background-attachment: initial; background-size: initial; background-origin: initial; background-clip: initial; background-position: initial; background-repeat: initial;\"> \t&#8211; Octobre-f\u00e9vrier&nbsp;: p\u00e9riode d&rsquo;\u00e9tudes \u00e0 l&rsquo;universit\u00e9 Humboldt de Berlin&nbsp;;<\/p>\n<p style=\"margin: 0px; padding: 0px; border: 0px; outline: 0px; font-size: 12px; vertical-align: baseline; line-height: 15px; font-family: Arial, Verdana, sans-serif; text-align: justify; background-image: initial; background-attachment: initial; background-size: initial; background-origin: initial; background-clip: initial; background-position: initial; background-repeat: initial;\"> \t&#8211; Mars-juillet&nbsp;: activit\u00e9 d&rsquo;assistant aupr\u00e8s d&rsquo;un parlementaire allemand.<\/p>\n","protected":false},"excerpt":{"rendered":"<p>&nbsp; cliquez sur le BO<\/p><p><a class=\"more-link btn\" href=\"https:\/\/www.pedagogie.ac-nice.fr\/allemand\/programme-d-echange-franco-allemand-d-assistants-parlementaires-stagiaires-a-berlin-2015-2016\/\">Lire la suite<\/a><\/p>\n","protected":false},"author":1,"featured_media":107,"comment_status":"closed","ping_status":"closed","sticky":false,"template":"","format":"standard","meta":{"ngg_post_thumbnail":0,"footnotes":""},"categories":[29],"tags":[],"class_list":["post-352","post","type-post","status-publish","format-standard","has-post-thumbnail","hentry","category-nouveautes","item-wrap"],"rttpg_featured_image_url":{"full":["https:\/\/www.pedagogie.ac-nice.fr\/allemand\/wp-content\/uploads\/sites\/42\/2011\/09\/BO.jpg",212,93,false],"landscape":["https:\/\/www.pedagogie.ac-nice.fr\/allemand\/wp-content\/uploads\/sites\/42\/2011\/09\/BO.jpg",212,93,false],"portraits":["https:\/\/www.pedagogie.ac-nice.fr\/allemand\/wp-content\/uploads\/sites\/42\/2011\/09\/BO.jpg",212,93,false],"thumbnail":["https:\/\/www.pedagogie.ac-nice.fr\/allemand\/wp-content\/uploads\/sites\/42\/2011\/09\/BO-150x93.jpg",150,93,true],"medium":["https:\/\/www.pedagogie.ac-nice.fr\/allemand\/wp-content\/uploads\/sites\/42\/2011\/09\/BO.jpg",212,93,false],"large":["https:\/\/www.pedagogie.ac-nice.fr\/allemand\/wp-content\/uploads\/sites\/42\/2011\/09\/BO.jpg",212,93,false],"1536x1536":["https:\/\/www.pedagogie.ac-nice.fr\/allemand\/wp-content\/uploads\/sites\/42\/2011\/09\/BO.jpg",212,93,false],"2048x2048":["https:\/\/www.pedagogie.ac-nice.fr\/allemand\/wp-content\/uploads\/sites\/42\/2011\/09\/BO.jpg",212,93,false],"graphene_slider":["https:\/\/www.pedagogie.ac-nice.fr\/allemand\/wp-content\/uploads\/sites\/42\/2011\/09\/BO.jpg",212,93,false],"graphene_featured_image":["https:\/\/www.pedagogie.ac-nice.fr\/allemand\/wp-content\/uploads\/sites\/42\/2011\/09\/BO.jpg",212,93,false],"post-thumbnail":["https:\/\/www.pedagogie.ac-nice.fr\/allemand\/wp-content\/uploads\/sites\/42\/2011\/09\/BO.jpg",212,93,false],"advps-thumb-one":["https:\/\/www.pedagogie.ac-nice.fr\/allemand\/wp-content\/uploads\/sites\/42\/2011\/09\/BO.jpg",212,93,false]},"rttpg_author":{"display_name":"norco","author_link":"https:\/\/www.pedagogie.ac-nice.fr\/allemand\/author\/norco\/"},"rttpg_comment":0,"rttpg_category":"<a href=\"https:\/\/www.pedagogie.ac-nice.fr\/allemand\/category\/actualites\/nouveautes\/\" rel=\"category tag\">Nouveaut\u00e9s<\/a>","rttpg_excerpt":"&nbsp; cliquez sur le BO","post_mailing_queue_ids":[],"_links":{"self":[{"href":"https:\/\/www.pedagogie.ac-nice.fr\/allemand\/wp-json\/wp\/v2\/posts\/352","targetHints":{"allow":["GET"]}}],"collection":[{"href":"https:\/\/www.pedagogie.ac-nice.fr\/allemand\/wp-json\/wp\/v2\/posts"}],"about":[{"href":"https:\/\/www.pedagogie.ac-nice.fr\/allemand\/wp-json\/wp\/v2\/types\/post"}],"author":[{"embeddable":true,"href":"https:\/\/www.pedagogie.ac-nice.fr\/allemand\/wp-json\/wp\/v2\/users\/1"}],"replies":[{"embeddable":true,"href":"https:\/\/www.pedagogie.ac-nice.fr\/allemand\/wp-json\/wp\/v2\/comments?post=352"}],"version-history":[{"count":0,"href":"https:\/\/www.pedagogie.ac-nice.fr\/allemand\/wp-json\/wp\/v2\/posts\/352\/revisions"}],"wp:featuredmedia":[{"embeddable":true,"href":"https:\/\/www.pedagogie.ac-nice.fr\/allemand\/wp-json\/wp\/v2\/media\/107"}],"wp:attachment":[{"href":"https:\/\/www.pedagogie.ac-nice.fr\/allemand\/wp-json\/wp\/v2\/media?parent=352"}],"wp:term":[{"taxonomy":"category","embeddable":true,"href":"https:\/\/www.pedagogie.ac-nice.fr\/allemand\/wp-json\/wp\/v2\/categories?post=352"},{"taxonomy":"post_tag","embeddable":true,"href":"https:\/\/www.pedagogie.ac-nice.fr\/allemand\/wp-json\/wp\/v2\/tags?post=352"}],"curies":[{"name":"wp","href":"https:\/\/api.w.org\/{rel}","templated":true}]}}