{"id":376,"date":"2015-06-13T16:02:26","date_gmt":"2015-06-13T14:02:26","guid":{"rendered":"https:\/\/www.pedagogie.ac-nice.fr\/allemand\/2015\/06\/13\/mobilite-juin-2015\/"},"modified":"2020-09-22T15:07:29","modified_gmt":"2020-09-22T13:07:29","slug":"mobilite-juin-2015","status":"publish","type":"post","link":"https:\/\/www.pedagogie.ac-nice.fr\/allemand\/mobilite-juin-2015\/","title":{"rendered":"MOBILITE JUIN 2015"},"content":{"rendered":"<p style=\"margin-bottom: 0cm; line-height: 100%\"> \t<img decoding=\"async\" alt=\"\" src=\"images\/partner.bmp\" style=\"width: 335px; height: 48px;\" \/><\/p>\n<p style=\"margin-bottom: 0cm; line-height: 100%\"> \t&nbsp;<\/p>\n<p style=\"margin-bottom: 0cm; line-height: 100%\"> \t<font color=\"#c5000b\"><font face=\"Lucida Handwriting, cursive\"><font style=\"font-size: 14pt\"><u><b>DEMANDES D&rsquo;ECHANGES ET<\/b><\/u><\/font><\/font><\/font><\/p>\n<p style=\"margin-bottom: 0cm; line-height: 100%\"> \t&nbsp;<\/p>\n<p style=\"margin-bottom: 0cm; line-height: 100%\"> \t<font color=\"#c5000b\"><font face=\"Lucida Handwriting, cursive\"><font style=\"font-size: 14pt\"><u><b>DE PARTENARIATS- JUIN 2015<\/b><\/u><\/font><\/font><\/font><\/p>\n<p style=\"margin-bottom: 0cm; line-height: 100%\"> \t&nbsp;<\/p>\n<p style=\"margin-bottom: 0cm; line-height: 100%\"> \t&#8211; <strong>DEMANDE D&rsquo;ECHANGES FRANCO-AUTRICHIENS AVEC GRAZ:<\/strong><\/p>\n<p style=\"margin-bottom: 0cm; line-height: 100%\"> \t<a href=\"https:\/\/www.pedagogie.ac-nice.fr\/allemand\/2015\/06\/13\/demande-d-echanges-franco-autrichiens-avec-graz-juin-2015\/\">Demande d&rsquo;\u00e9changes franco-autrichiens avec Graz &#8211; juin 2015<\/a><\/p>\n<p style=\"margin-bottom: 0cm; line-height: 100%\"> \t&nbsp;<\/p>\n<p style=\"margin-bottom: 0cm; line-height: 100%\"> \t<strong style=\"line-height: 100%;\">&#8211; UNE DEUXIEME DEMANDE D&rsquo;ECHANGE AVEC GRAZ:<\/strong><\/p>\n<p style=\"margin-bottom: 0cm; line-height: 100%\"> \t<a href=\"https:\/\/www.pedagogie.ac-nice.fr\/allemand\/2015\/06\/13\/autre-demande-d-echange-avec-graz\/\">AUTRE DEMANDE D&rsquo;ECHANGE AVEC GRAZ<\/a><\/p>\n<p style=\"margin-bottom: 0cm; line-height: 100%\"> \t&nbsp;<\/p>\n<p style=\"margin-bottom: 0cm; line-height: 100%\"> \t<strong>&#8211; DEMANDE D&rsquo;ECHANGE AVEC HEIDELBERG:<\/strong><\/p>\n<p style=\"margin-bottom: 0cm; line-height: 100%\"> \t<a href=\"https:\/\/www.pedagogie.ac-nice.fr\/allemand\/2015\/06\/13\/demande-d-echange-avec-heidelberg-juin-2015\/\">Demande d&rsquo;\u00e9change avec Heidelberg -juin 2015<\/a><\/p>\n<p style=\"margin-bottom: 0cm; line-height: 100%\"> \t&nbsp;<\/p>\n<p style=\"margin-bottom: 0cm; line-height: 100%\"> \t<strong style=\"line-height: 100%;\">&#8211; RECHERCHE D&rsquo;ELEVE ALLEMANDE POUR UN ECHANGE SAUZAY EN 2016:<\/strong><\/p>\n<p style=\"margin-bottom: 0cm; line-height: 100%\"> \t<span style=\"line-height: 100%;\">&nbsp;&nbsp;<\/span><a href=\"https:\/\/www.pedagogie.ac-nice.fr\/allemand\/2015\/06\/06\/recherche-d-eleve-allemande-pour-un-echange-sauzay-en-2016\/\" style=\"line-height: 100%;\">Recherche d&rsquo;\u00e9l\u00e8ve allemande pour un \u00e9change Sauzay en 2016<\/a><\/p>\n<p style=\"margin-bottom: 0cm; line-height: 100%\"> \t&nbsp;<\/p>\n<p style=\"margin-bottom: 0cm; line-height: 100%\"> \t&nbsp;<\/p>\n","protected":false},"excerpt":{"rendered":"<p>&nbsp; DEMANDES D&rsquo;ECHANGES ET &nbsp; DE PARTENARIATS- JUIN 2015 &nbsp; &#8211; DEMANDE D&rsquo;ECHANGES FRANCO-AUTRICHIENS AVEC GRAZ: Demande d&rsquo;\u00e9changes franco-autrichiens avec Graz &#8211; juin 2015 &nbsp; &#8211; UNE DEUXIEME DEMANDE D&rsquo;ECHANGE AVEC GRAZ: AUTRE DEMANDE D&rsquo;ECHANGE AVEC GRAZ &nbsp; &#8211; DEMANDE D&rsquo;ECHANGE AVEC HEIDELBERG: Demande d&rsquo;\u00e9change avec Heidelberg -juin 2015 &nbsp; &#8211; RECHERCHE D&rsquo;ELEVE ALLEMANDE POUR &hellip; <\/p>\n<p><a class=\"more-link btn\" href=\"https:\/\/www.pedagogie.ac-nice.fr\/allemand\/mobilite-juin-2015\/\">Lire la suite<\/a><\/p>\n","protected":false},"author":1,"featured_media":0,"comment_status":"closed","ping_status":"closed","sticky":false,"template":"","format":"standard","meta":{"ngg_post_thumbnail":0,"footnotes":""},"categories":[11],"tags":[],"class_list":["post-376","post","type-post","status-publish","format-standard","hentry","category-petites-annonces","item-wrap"],"rttpg_featured_image_url":null,"rttpg_author":{"display_name":"norco","author_link":"https:\/\/www.pedagogie.ac-nice.fr\/allemand\/author\/norco\/"},"rttpg_comment":0,"rttpg_category":"<a href=\"https:\/\/www.pedagogie.ac-nice.fr\/allemand\/category\/programmedechanges\/petites-annonces\/\" rel=\"category tag\">Echanges, voyages, petites annonces<\/a>","rttpg_excerpt":"&nbsp; DEMANDES D&rsquo;ECHANGES ET &nbsp; DE PARTENARIATS- JUIN 2015 &nbsp; &#8211; DEMANDE D&rsquo;ECHANGES FRANCO-AUTRICHIENS AVEC GRAZ: Demande d&rsquo;\u00e9changes franco-autrichiens avec Graz &#8211; juin 2015 &nbsp; &#8211; UNE DEUXIEME DEMANDE D&rsquo;ECHANGE AVEC GRAZ: AUTRE DEMANDE D&rsquo;ECHANGE AVEC GRAZ &nbsp; &#8211; DEMANDE D&rsquo;ECHANGE AVEC HEIDELBERG: Demande d&rsquo;\u00e9change avec Heidelberg -juin 2015 &nbsp; &#8211; RECHERCHE D&rsquo;ELEVE ALLEMANDE POUR\u2026","post_mailing_queue_ids":[],"_links":{"self":[{"href":"https:\/\/www.pedagogie.ac-nice.fr\/allemand\/wp-json\/wp\/v2\/posts\/376","targetHints":{"allow":["GET"]}}],"collection":[{"href":"https:\/\/www.pedagogie.ac-nice.fr\/allemand\/wp-json\/wp\/v2\/posts"}],"about":[{"href":"https:\/\/www.pedagogie.ac-nice.fr\/allemand\/wp-json\/wp\/v2\/types\/post"}],"author":[{"embeddable":true,"href":"https:\/\/www.pedagogie.ac-nice.fr\/allemand\/wp-json\/wp\/v2\/users\/1"}],"replies":[{"embeddable":true,"href":"https:\/\/www.pedagogie.ac-nice.fr\/allemand\/wp-json\/wp\/v2\/comments?post=376"}],"version-history":[{"count":1,"href":"https:\/\/www.pedagogie.ac-nice.fr\/allemand\/wp-json\/wp\/v2\/posts\/376\/revisions"}],"predecessor-version":[{"id":655,"href":"https:\/\/www.pedagogie.ac-nice.fr\/allemand\/wp-json\/wp\/v2\/posts\/376\/revisions\/655"}],"wp:attachment":[{"href":"https:\/\/www.pedagogie.ac-nice.fr\/allemand\/wp-json\/wp\/v2\/media?parent=376"}],"wp:term":[{"taxonomy":"category","embeddable":true,"href":"https:\/\/www.pedagogie.ac-nice.fr\/allemand\/wp-json\/wp\/v2\/categories?post=376"},{"taxonomy":"post_tag","embeddable":true,"href":"https:\/\/www.pedagogie.ac-nice.fr\/allemand\/wp-json\/wp\/v2\/tags?post=376"}],"curies":[{"name":"wp","href":"https:\/\/api.w.org\/{rel}","templated":true}]}}