{"id":377,"date":"2015-06-13T16:25:04","date_gmt":"2015-06-13T14:25:04","guid":{"rendered":"https:\/\/www.pedagogie.ac-nice.fr\/allemand\/2015\/06\/13\/demande-d-echanges-franco-autrichiens-avec-graz-juin-2015\/"},"modified":"2015-06-13T16:25:04","modified_gmt":"2015-06-13T14:25:04","slug":"demande-d-echanges-franco-autrichiens-avec-graz-juin-2015","status":"publish","type":"post","link":"https:\/\/www.pedagogie.ac-nice.fr\/allemand\/demande-d-echanges-franco-autrichiens-avec-graz-juin-2015\/","title":{"rendered":"Demande d&rsquo;\u00e9changes franco-autrichiens avec Graz &#8211; juin 2015"},"content":{"rendered":"<p style=\"margin-left: 2.06cm; margin-right: 2.06cm; margin-bottom: 0.5cm; border: none; padding: 0cm; line-height: 0.4cm; orphans: 1;\"> \t<span style=\"line-height: 100%; display: inline-block; border: none; padding: 0cm;\"><font color=\"#000000\"><font face=\"Helvetica, Arial, sans-serif\"><font style=\"font-size: 9pt\">\u00ab\u00a0Mag. Elisabeth Glavic\u00a0\u00bb &lt;eliglavic@akademisches-graz.at&gt; , &nbsp;mariadilena15@gmail.com&nbsp;<\/font><\/font><\/font><\/span><\/p>\n<p align=\"left\" style=\"margin-bottom: 0cm; line-height: 100%\"> \t&nbsp;<\/p>\n<p align=\"justify\" style=\"margin-left: 2.06cm; margin-right: 2.06cm; margin-bottom: 0.5cm; border: none; padding: 0cm; line-height: 0.4cm; orphans: 1;\"> \t<span style=\"display: inline-block; border: none; padding: 0cm\"><font color=\"#000000\"><font face=\"Helvetica, Arial, sans-serif\"><font style=\"font-size: 9pt\"><span lang=\"fr-FR\">Bonjour,<\/span><\/font><\/font><\/font><\/span><\/p>\n<p align=\"justify\" style=\"margin-right: 2.06cm; margin-bottom: 0.5cm; border: none; padding: 0cm; line-height: 0.4cm; orphans: 1;\"> \t<span style=\"display: inline-block; border: none; padding: 0cm\"><font color=\"#000000\"><font face=\"Helvetica, Arial, sans-serif\"><font style=\"font-size: 9pt\"><span lang=\"fr-FR\">Je m\u2019adresse \u00e0 vous ayant re\u00e7u l\u2019information que de nouveaux contacts franco-autrichiens seraient possibles gr\u00e2ce \u00e0 votre aide.<\/span><\/font><\/font>&nbsp;<\/font><\/span><\/p>\n<p align=\"justify\" style=\"margin-right: 2.06cm; margin-bottom: 0.5cm; border: none; padding: 0cm; line-height: 0.4cm; orphans: 1;\"> \t<span style=\"display: inline-block; border: none; padding: 0cm\"><font face=\"Helvetica, Arial, sans-serif\"><font style=\"font-size: 9pt\">Je pr\u00e9sente donc un peu notre \u00e9cole&nbsp;: Il s\u2019agit d\u2019un lyc\u00e9e autrichien, Akademisches Gymnasium Graz&nbsp; (nos \u00e9l\u00e8ves ont de 10 \u00e0 18 ans) d\u2019une longue tradition et d\u2019une bonne qualit\u00e9. En ce moment, nous nous r\u00e9jouissons du partenariat avec le Coll\u00e8ge du Jardin des Plantes de Poitiers, qui \u2013 malheureusement \u2013 ne peut effectuer l\u2019\u00e9change que tous les deux ans. Cela veut dire que nous ne pouvons pas offrir cet \u00e9change \u00e0 tous nos \u00e9l\u00e8ves et nous serions fort int\u00e9ress\u00e9s \u00e0 trouver une autre \u00e9cole avec laquelle on pourrait \u00e9tablir un \u00e9change.<\/font><\/font><\/span><\/p>\n<p align=\"justify\" style=\"margin-right: 2.06cm; margin-bottom: 0.5cm; border: none; padding: 0cm; line-height: 0.4cm; orphans: 1;\"> \t<span style=\"display: inline-block; border: none; padding: 0cm\"><font color=\"#000000\"><font face=\"Helvetica, Arial, sans-serif\"><font style=\"font-size: 9pt\"><span lang=\"fr-FR\">Avec nous terminales nous avons la tradition de passer un s\u00e9jour linguistique \u00e0 Nice (ces derniers temps dans l\u2019\u00c9cole IDIOM) ou de r\u00e9aliser un projet th\u00e9matique avec une personne francophone.<\/span><\/font><\/font>&nbsp;<\/font><\/span><\/p>\n<p align=\"justify\" style=\"margin-right: 2.06cm; margin-bottom: 0.5cm; border: none; padding: 0cm; line-height: 0.4cm; orphans: 1;\"> \t<span style=\"display: inline-block; border: none; padding: 0cm\"><font color=\"#000000\"><font face=\"Helvetica, Arial, sans-serif\"><font style=\"font-size: 9pt\"><span lang=\"fr-FR\">De plus, il y aurait peut-\u00eatre aussi d\u2019autres projets que l\u2019on peut imaginer tel que des projets bilingues, culturels, linguistiques, &#8230;<\/span><\/font><\/font>&nbsp;<\/font><\/span><\/p>\n<p align=\"justify\" style=\"margin-right: 2.06cm; margin-bottom: 0.5cm; border: none; padding: 0cm; line-height: 0.4cm; orphans: 1;\"> \t<span style=\"display: inline-block; border: none; padding: 0cm\"><font color=\"#000000\"><font face=\"Helvetica, Arial, sans-serif\"><font style=\"font-size: 9pt\"><span lang=\"fr-FR\">Nous vous adressons notre int\u00e9r\u00eat \u00e0 \u00e9tablir une coop\u00e9ration dont la forme serait \u00e0 discuter et vous remercions d\u2019une r\u00e9ponse.<\/span><\/font><\/font>&nbsp;<\/font><\/span><\/p>\n<p align=\"justify\" style=\"margin-right: 2.06cm; margin-bottom: 0.5cm; border: none; padding: 0cm; line-height: 0.4cm; orphans: 1;\"> \t<span style=\"display: inline-block; border: none; padding: 0cm\"><font face=\"Helvetica, Arial, sans-serif\"><font style=\"font-size: 9pt\">Bien cordialement<\/font><\/font><\/span><\/p>\n<p align=\"justify\" style=\"margin-right: 2.06cm; margin-bottom: 0.5cm; border: none; padding: 0cm; line-height: 0.4cm; orphans: 1;\"> \t<span style=\"display: inline-block; border: none; padding: 0cm\"><font color=\"#000000\"><font face=\"Helvetica, Arial, sans-serif\"><font style=\"font-size: 9pt\"><span lang=\"fr-FR\">Elisabeth Glavic et Maria Dilena<\/span><\/font><\/font><\/font><\/span><\/p>\n<p align=\"justify\" style=\"margin-right: 2.06cm; margin-bottom: 0.5cm; border: none; padding: 0cm; line-height: 0.4cm; orphans: 1;\"> \t<span style=\"display: inline-block; border: none; padding: 0cm\"><font style=\"font-size: 12pt\"><b><font color=\"#ff0000\"><font face=\"Helvetica, Arial, sans-serif\"><span lang=\"fr-FR\">Reponse de Mme Cristina Avrand&nbsp;:<\/span><\/font><\/font><\/b><\/font><\/span><\/p>\n<p align=\"left\" style=\"margin-right: 2.06cm; margin-bottom: 0.5cm; border: none; padding: 0cm; line-height: 0.4cm; orphans: 1;\"> \t<span style=\"display: inline-block; border: none; padding: 0cm\"><font color=\"#000000\"><font face=\"serif\"><font style=\"font-size: 12pt\"><span lang=\"fr-FR\">D<\/span><\/font><\/font><font face=\"serif\"><font style=\"font-size: 12pt\"><span lang=\"fr-FR\">iff\u00e9rents types de programmes peuvent \u00eatre envisag\u00e9s :<\/span><\/font><\/font><br \/> \t<font face=\"serif\"><font style=\"font-size: 12pt\"><span lang=\"fr-FR\">Un partenariat avec un coll\u00e8ge et un lyc\u00e9e,&nbsp;<\/span><\/font><\/font><br \/> \t<font face=\"serif\"><font style=\"font-size: 12pt\"><span lang=\"fr-FR\">Des programmes d&rsquo;\u00e9changes individuels en famille sur la base de la r\u00e9ciprocit\u00e9 (type programme Brigitte Sauzay dans la programmation OFAJ ) Les frais \u00e0 envisager pour les familles sont alors les frais de transport et l&rsquo;argent de poche des \u00e9l\u00e8ves. Nous avons initi\u00e9 ce programme avec l&rsquo;\u00e9cole Schumpeter Schule de Vienne cette ann\u00e9e avec quelques \u00e9l\u00e8ves.<\/span><\/font><\/font><\/p>\n<p> \t<font face=\"serif\"><font style=\"font-size: 12pt\"><span lang=\"fr-FR\">Seriez-vous \u00e9galement int\u00e9ress\u00e9s par des projets Erasmus+ ?<\/span><\/font><\/font><\/p>\n<p> \t<font face=\"serif\"><font style=\"font-size: 12pt\"><span lang=\"fr-FR\">Dans l&rsquo;attente de vous lire et d&rsquo;un lien sur votre \u00e9tablissement.<\/span><\/font><\/font><br \/> \t<font face=\"serif\"><font style=\"font-size: 12pt\"><span lang=\"fr-FR\">Tr\u00e8s cordialement&nbsp;<\/span><\/font><\/font><br \/> \t<font face=\"serif\"><font style=\"font-size: 12pt\"><span lang=\"fr-FR\">Cristina Avrand<\/span><\/font><\/font><\/font><\/span><\/p>\n","protected":false},"excerpt":{"rendered":"<p>\u00ab\u00a0Mag. Elisabeth Glavic\u00a0\u00bb &lt;eliglavic@akademisches-graz.at&gt; , &nbsp;mariadilena15@gmail.com&nbsp; &nbsp; Bonjour, Je m\u2019adresse \u00e0 vous ayant re\u00e7u l\u2019information que de nouveaux contacts franco-autrichiens seraient possibles gr\u00e2ce \u00e0 votre aide.&nbsp; Je pr\u00e9sente donc un peu notre \u00e9cole&nbsp;: Il s\u2019agit d\u2019un lyc\u00e9e autrichien, Akademisches Gymnasium Graz&nbsp; (nos \u00e9l\u00e8ves ont de 10 \u00e0 18 ans) d\u2019une longue tradition et d\u2019une bonne &hellip; <\/p>\n<p><a class=\"more-link btn\" href=\"https:\/\/www.pedagogie.ac-nice.fr\/allemand\/demande-d-echanges-franco-autrichiens-avec-graz-juin-2015\/\">Lire la suite<\/a><\/p>\n","protected":false},"author":1,"featured_media":0,"comment_status":"closed","ping_status":"closed","sticky":false,"template":"","format":"standard","meta":{"ngg_post_thumbnail":0,"footnotes":""},"categories":[11],"tags":[],"class_list":["post-377","post","type-post","status-publish","format-standard","hentry","category-petites-annonces","item-wrap"],"rttpg_featured_image_url":null,"rttpg_author":{"display_name":"norco","author_link":"https:\/\/www.pedagogie.ac-nice.fr\/allemand\/author\/norco\/"},"rttpg_comment":0,"rttpg_category":"<a href=\"https:\/\/www.pedagogie.ac-nice.fr\/allemand\/category\/programmedechanges\/petites-annonces\/\" rel=\"category tag\">Echanges, voyages, petites annonces<\/a>","rttpg_excerpt":"\u00ab\u00a0Mag. Elisabeth Glavic\u00a0\u00bb &lt;eliglavic@akademisches-graz.at&gt; , &nbsp;mariadilena15@gmail.com&nbsp; &nbsp; Bonjour, Je m\u2019adresse \u00e0 vous ayant re\u00e7u l\u2019information que de nouveaux contacts franco-autrichiens seraient possibles gr\u00e2ce \u00e0 votre aide.&nbsp; Je pr\u00e9sente donc un peu notre \u00e9cole&nbsp;: Il s\u2019agit d\u2019un lyc\u00e9e autrichien, Akademisches Gymnasium Graz&nbsp; (nos \u00e9l\u00e8ves ont de 10 \u00e0 18 ans) d\u2019une longue tradition et d\u2019une bonne\u2026","post_mailing_queue_ids":[],"_links":{"self":[{"href":"https:\/\/www.pedagogie.ac-nice.fr\/allemand\/wp-json\/wp\/v2\/posts\/377","targetHints":{"allow":["GET"]}}],"collection":[{"href":"https:\/\/www.pedagogie.ac-nice.fr\/allemand\/wp-json\/wp\/v2\/posts"}],"about":[{"href":"https:\/\/www.pedagogie.ac-nice.fr\/allemand\/wp-json\/wp\/v2\/types\/post"}],"author":[{"embeddable":true,"href":"https:\/\/www.pedagogie.ac-nice.fr\/allemand\/wp-json\/wp\/v2\/users\/1"}],"replies":[{"embeddable":true,"href":"https:\/\/www.pedagogie.ac-nice.fr\/allemand\/wp-json\/wp\/v2\/comments?post=377"}],"version-history":[{"count":0,"href":"https:\/\/www.pedagogie.ac-nice.fr\/allemand\/wp-json\/wp\/v2\/posts\/377\/revisions"}],"wp:attachment":[{"href":"https:\/\/www.pedagogie.ac-nice.fr\/allemand\/wp-json\/wp\/v2\/media?parent=377"}],"wp:term":[{"taxonomy":"category","embeddable":true,"href":"https:\/\/www.pedagogie.ac-nice.fr\/allemand\/wp-json\/wp\/v2\/categories?post=377"},{"taxonomy":"post_tag","embeddable":true,"href":"https:\/\/www.pedagogie.ac-nice.fr\/allemand\/wp-json\/wp\/v2\/tags?post=377"}],"curies":[{"name":"wp","href":"https:\/\/api.w.org\/{rel}","templated":true}]}}