{"id":378,"date":"2015-06-13T16:27:21","date_gmt":"2015-06-13T14:27:21","guid":{"rendered":"https:\/\/www.pedagogie.ac-nice.fr\/allemand\/2015\/06\/13\/autre-demande-d-echange-avec-graz\/"},"modified":"2015-06-13T16:27:21","modified_gmt":"2015-06-13T14:27:21","slug":"autre-demande-d-echange-avec-graz","status":"publish","type":"post","link":"https:\/\/www.pedagogie.ac-nice.fr\/allemand\/autre-demande-d-echange-avec-graz\/","title":{"rendered":"AUTRE DEMANDE D&rsquo;ECHANGE AVEC GRAZ"},"content":{"rendered":"<blockquote style=\"margin-left: 0cm; margin-right: 0cm; margin-bottom: 0cm; border: none; padding: 0cm; line-height: 0.4cm; orphans: 1\"><p> \t<font color=\"#000000\"><font face=\"Helvetica, Arial, sans-serif\"><font style=\"font-size: 9pt\">Marion Radl-K\u00e4fer : marion.radl@gmail.com&nbsp;<\/font><\/font><\/font><font color=\"#000000\"><font face=\"Helvetica, Arial, sans-serif\"><font style=\"font-size: 9pt\">+ maria.pichlbauer@lsr-stmk.gv.at&nbsp;<\/font><\/font><\/font><\/p><\/blockquote>\n<blockquote style=\"margin-left: 0cm; margin-right: 0cm; margin-bottom: 0cm; border: none; padding: 0cm; line-height: 0.4cm; orphans: 1;\"><p> \t<span style=\"display: inline-block; border: none; padding: 0cm\"><font face=\"Helvetica, Arial, sans-serif\"><font style=\"font-size: 9pt\">ich habe gro\u00dfes Interesse an einer Kooperation mit Nizza (Sch\u00fclerInnenaustausch, Gegenseitiger Schulbesuch etc\u2026)<\/p>\n<p> \therzlichen Gruss<\/p>\n<p> \tmarion (GIBS)<\/font><\/font><\/span><\/p><\/blockquote>\n<blockquote style=\"margin-left: 0cm; margin-right: 0cm; margin-bottom: 0cm; border: none; padding: 0cm; line-height: 0.4cm; orphans: 1;\"><p> \t&nbsp;<\/p><\/blockquote>\n<p style=\"margin-bottom: 0.42cm; border: none; padding: 0cm; line-height: 0.4cm; orphans: 1\"> \t<span style=\"display: inline-block; border: none; padding: 0cm\"><font color=\"#000000\"><font face=\"Helvetica, Arial, sans-serif\"><font style=\"font-size: 12pt\">Mag. Maria PICHLBAUER<\/font><\/font><\/font><\/span><font color=\"#000000\"><font face=\"Helvetica, Arial, sans-serif\"><font style=\"font-size: 9pt\"><u>&nbsp;&nbsp;&nbsp;&nbsp;&nbsp;&nbsp;&nbsp;&nbsp;&nbsp;&nbsp;&nbsp;&nbsp;&nbsp;&nbsp;&nbsp;&nbsp;<\/u><\/font><\/font><\/font><br \/> \t<font color=\"#ff0000\"><font face=\"Helvetica, Arial, sans-serif\"><font style=\"font-size: 12pt\"><b>Landesschulrat f\u00fcr Steiermark<\/b><\/font><\/font><\/font><br \/> \t<font color=\"#000000\"><font face=\"Helvetica, Arial, sans-serif\"><font style=\"font-size: 9pt\">&nbsp; <\/font><\/font><\/font><font color=\"#000000\"><font face=\"Helvetica, Arial, sans-serif\"><font style=\"font-size: 12pt\">Servicereferat EU-\/ Internationalisierung<\/font><\/font><\/font><br \/> \t<font color=\"#000000\"><font face=\"Helvetica, Arial, sans-serif\"><font style=\"font-size: 9pt\">K\u00f6rblergasse 23, Postfach 663<\/font><\/font><\/font><br \/> \t<font color=\"#000000\"><font face=\"Helvetica, Arial, sans-serif\"><font style=\"font-size: 9pt\"><span lang=\"pt-BR\">A-8011 Graz<br \/> \ttel.: (0316) 345 \u2013 333<br \/> \tfax: (0316) 345 \u2013 323<\/span><\/font><\/font><\/font><\/p>\n<p style=\"margin-bottom: 0.42cm; border: none; padding: 0cm; line-height: 0.4cm; orphans: 1\"> \tmaria.pichlbauer@lsr.stmk.gv.at<br \/> \t<font face=\"Helvetica, Arial, sans-serif\"><span style=\"font-size: 12px;\"><u>http:\/\/www.lsr-stmk.gv.at<\/u><\/span><\/font><br \/> \t&nbsp;<\/p>\n","protected":false},"excerpt":{"rendered":"<p>Marion Radl-K\u00e4fer : marion.radl@gmail.com&nbsp;+ maria.pichlbauer@lsr-stmk.gv.at&nbsp; ich habe gro\u00dfes Interesse an einer Kooperation mit Nizza (Sch\u00fclerInnenaustausch, Gegenseitiger Schulbesuch etc\u2026) herzlichen Gruss marion (GIBS) &nbsp; Mag. Maria PICHLBAUER&nbsp;&nbsp;&nbsp;&nbsp;&nbsp;&nbsp;&nbsp;&nbsp;&nbsp;&nbsp;&nbsp;&nbsp;&nbsp;&nbsp;&nbsp;&nbsp; Landesschulrat f\u00fcr Steiermark &nbsp; Servicereferat EU-\/ Internationalisierung K\u00f6rblergasse 23, Postfach 663 A-8011 Graz tel.: (0316) 345 \u2013 333 fax: (0316) 345 \u2013 323 maria.pichlbauer@lsr.stmk.gv.at http:\/\/www.lsr-stmk.gv.at &nbsp;<\/p>\n","protected":false},"author":1,"featured_media":0,"comment_status":"closed","ping_status":"closed","sticky":false,"template":"","format":"standard","meta":{"ngg_post_thumbnail":0,"footnotes":""},"categories":[11],"tags":[],"class_list":["post-378","post","type-post","status-publish","format-standard","hentry","category-petites-annonces","item-wrap"],"rttpg_featured_image_url":null,"rttpg_author":{"display_name":"norco","author_link":"https:\/\/www.pedagogie.ac-nice.fr\/allemand\/author\/norco\/"},"rttpg_comment":0,"rttpg_category":"<a href=\"https:\/\/www.pedagogie.ac-nice.fr\/allemand\/category\/programmedechanges\/petites-annonces\/\" rel=\"category tag\">Echanges, voyages, petites annonces<\/a>","rttpg_excerpt":"Marion Radl-K\u00e4fer : marion.radl@gmail.com&nbsp;+ maria.pichlbauer@lsr-stmk.gv.at&nbsp; ich habe gro\u00dfes Interesse an einer Kooperation mit Nizza (Sch\u00fclerInnenaustausch, Gegenseitiger Schulbesuch etc\u2026) herzlichen Gruss marion (GIBS) &nbsp; Mag. Maria PICHLBAUER&nbsp;&nbsp;&nbsp;&nbsp;&nbsp;&nbsp;&nbsp;&nbsp;&nbsp;&nbsp;&nbsp;&nbsp;&nbsp;&nbsp;&nbsp;&nbsp; Landesschulrat f\u00fcr Steiermark &nbsp; Servicereferat EU-\/ Internationalisierung K\u00f6rblergasse 23, Postfach 663 A-8011 Graz tel.: (0316) 345 \u2013 333 fax: (0316) 345 \u2013 323 maria.pichlbauer@lsr.stmk.gv.at http:\/\/www.lsr-stmk.gv.at &nbsp;","post_mailing_queue_ids":[],"_links":{"self":[{"href":"https:\/\/www.pedagogie.ac-nice.fr\/allemand\/wp-json\/wp\/v2\/posts\/378","targetHints":{"allow":["GET"]}}],"collection":[{"href":"https:\/\/www.pedagogie.ac-nice.fr\/allemand\/wp-json\/wp\/v2\/posts"}],"about":[{"href":"https:\/\/www.pedagogie.ac-nice.fr\/allemand\/wp-json\/wp\/v2\/types\/post"}],"author":[{"embeddable":true,"href":"https:\/\/www.pedagogie.ac-nice.fr\/allemand\/wp-json\/wp\/v2\/users\/1"}],"replies":[{"embeddable":true,"href":"https:\/\/www.pedagogie.ac-nice.fr\/allemand\/wp-json\/wp\/v2\/comments?post=378"}],"version-history":[{"count":0,"href":"https:\/\/www.pedagogie.ac-nice.fr\/allemand\/wp-json\/wp\/v2\/posts\/378\/revisions"}],"wp:attachment":[{"href":"https:\/\/www.pedagogie.ac-nice.fr\/allemand\/wp-json\/wp\/v2\/media?parent=378"}],"wp:term":[{"taxonomy":"category","embeddable":true,"href":"https:\/\/www.pedagogie.ac-nice.fr\/allemand\/wp-json\/wp\/v2\/categories?post=378"},{"taxonomy":"post_tag","embeddable":true,"href":"https:\/\/www.pedagogie.ac-nice.fr\/allemand\/wp-json\/wp\/v2\/tags?post=378"}],"curies":[{"name":"wp","href":"https:\/\/api.w.org\/{rel}","templated":true}]}}