{"id":380,"date":"2021-03-04T21:43:20","date_gmt":"2021-03-04T20:43:20","guid":{"rendered":"https:\/\/www.pedagogie.ac-nice.fr\/allemand\/2015\/06\/13\/formations-franco-allemandes-pour-enseignants-et-formateurs-automne-2015\/"},"modified":"2021-03-17T19:04:24","modified_gmt":"2021-03-17T18:04:24","slug":"formations-franco-allemandes-pour-enseignants-et-formateurs-automne-2015","status":"publish","type":"post","link":"https:\/\/www.pedagogie.ac-nice.fr\/allemand\/formations-franco-allemandes-pour-enseignants-et-formateurs-automne-2015\/","title":{"rendered":"Formations franco-allemandes pour enseignants et formateurs\/ Webinaires 2021"},"content":{"rendered":"<p><a href=\"https:\/\/www.ofaj.org\/programmes-formations\/formations-pour-enseignants.html\" target=\"_blank\" rel=\"noopener noreferrer\"><img loading=\"lazy\" decoding=\"async\" class=\"wp-image-309 aligncenter\" src=\"https:\/\/www.pedagogie.ac-nice.fr\/allemand\/wp-content\/uploads\/sites\/42\/2014\/09\/OFAJ_DFJW_Logo_1000px_Web.jpg\" alt=\"\" width=\"291\" height=\"191\"><\/a><\/p>\n<p><!--more--><\/p>\n<p class=\"MsoNormal\" style=\"color: #000000; font-family: 'Times New Roman'; font-size: medium; margin: 0px !important;\"><b><span style=\"font-size: 10pt; font-family: Verdana, sans-serif; color: #162a83;\">Formations<\/span><\/b><\/p>\n<table class=\"yiv4664477116MsoNormalTable\" border=\"0\" width=\"96%\" cellspacing=\"0\" cellpadding=\"0\">\n<tbody>\n<tr>\n<td valign=\"top\" width=\"33%\">\n<p class=\"yiv4664477116MsoNormal\">Du 3 au 6 juin 2021, Berlin<\/p>\n<\/td>\n<td valign=\"top\" width=\"66%\">\n<p class=\"yiv4664477116MsoNormal\"><a href=\"https:\/\/www.ofaj.org\/media\/echange-scolaire-primhybride.pdf\" target=\"_blank\" rel=\"nofollow noopener noreferrer\">Formation \u201cPremiers \u00e9changes \u2013 mode d\u2018emploi\u201c<\/a>&nbsp;(2<sup>\u00e8me<\/sup>&nbsp;partie, complet)<\/p>\n<\/td>\n<\/tr>\n<tr>\n<td valign=\"top\" width=\"33%\">\n<p class=\"yiv4664477116MsoNormal\">Du 2 au 7 juillet 2021, Berlin<\/p>\n<\/td>\n<td valign=\"top\" width=\"66%\">\n<p class=\"yiv4664477116MsoNormal\"><a href=\"https:\/\/www.ofaj.org\/media\/invitation-stage-de-base-al-2021-enseignants.pdf\" target=\"_blank\" rel=\"nofollow noopener noreferrer\">Animation linguistique \u2013 stage de base<\/a><\/p>\n<\/td>\n<\/tr>\n<\/tbody>\n<\/table>\n<p class=\"yiv4664477116MsoNormal\">Ces formations sont propos\u00e9es sous r\u00e9serve des conditions sanitaires n\u00e9cessaires.<\/p>\n<p class=\"yiv4664477116MsoNormal\">Plus d\u2019informations et inscriptions&nbsp;:&nbsp;<a href=\"https:\/\/www.ofaj.org\/programmes-formations\/formations-pour-enseignants.html\" target=\"_blank\" rel=\"nofollow noopener noreferrer\">https:\/\/www.ofaj.org\/programmes-formations\/formations-pour-enseignants.html<\/a><\/p>\n<p class=\"yiv4664477116MsoNormal\"><b>Webinaires<\/b><\/p>\n<p class=\"yiv4664477116MsoNormal\">L\u2019OFAJ propose de nombreux webinaires gratuits sur le th\u00e8me de l\u2019\u00e9change scolaire. Prochains webinaires :<\/p>\n<p>Soutien pour monter un \u00e9change scolaire num\u00e9rique<b><br \/>\n<\/b>11 mars 2021, 20:00 &#8211; 21:30 h&nbsp;<a href=\"https:\/\/www.edudip.com\/de\/webinar\/unterstutzung-bei-digitalen-projekten-soutien-pour-monter-un-projet-numerique\/965650\" target=\"_blank\" rel=\"nofollow noopener noreferrer\">Inscription<\/a><\/p>\n<p>D\u2019abord chez toi et ensuite chez moi ! (\u00c9changes individuels)<br \/>\n18 mars 2021, 19:00 &#8211; 20:00 h&nbsp;<span lang=\"DE\"><a href=\"https:\/\/www.edudip.com\/de\/webinar\/dabord-chez-toi-et-ensuite-chez-moi-erst-bei-dir-dann-bei-mir-das-machen-wir\/972136\" target=\"_blank\" rel=\"nofollow noopener noreferrer\"><span lang=\"FR\">Inscription<\/span><\/a><\/span><\/p>\n<p>Les \u00e9changes virtuels avec Tele-Tandem<br \/>\n16 mars 2021, 20:00 &#8211; 21:30 h<br \/>\n23 mars 2021, 20:00 &#8211; 21:30 h<br \/>\n30 mars 2021, 20:00 &#8211; 21:00 h<br \/>\n<a href=\"https:\/\/www.edudip.com\/de\/webinar\/einfuhrung-in-die-digitale-lernplattform-des-dfjw-tele-tandem\/749066\" target=\"_blank\" rel=\"nofollow noopener noreferrer\">Inscription<\/a><\/p>\n<p class=\"yiv4664477116MsoNormal\">Soutien pour monter un projet num\u00e9rique en formation professionnelle<b><br \/>\n<\/b>30 mars 2021, 16:00 &#8211; 17:30 h (en fran\u00e7ais)&nbsp;<a href=\"https:\/\/www.edudip.com\/de\/webinar\/soutien-pour-monter-un-projet-numerique-en-formation-professionnelle-en-francais\/963242\" target=\"_blank\" rel=\"nofollow noopener noreferrer\">Inscription<\/a><br \/>\n1er avril 2021, 16:00 &#8211; 17:30 h (en allemand)&nbsp;<a href=\"https:\/\/www.edudip.com\/de\/webinar\/unterstutzung-fur-digitale-austauschprojekte-im-berufsbildenden-bereich-auf-deutsch\/963278\" target=\"_blank\" rel=\"nofollow noopener noreferrer\">Inscription<\/a><\/p>\n<p class=\"MsoNormal\" style=\"color: #000000; font-family: 'Times New Roman'; font-size: medium; margin: 0px !important;\">&nbsp;<\/p>\n<p class=\"MsoNormal\" style=\"color: #000000; font-family: 'Times New Roman'; font-size: medium; margin: 0px !important;\">&nbsp;<\/p>\n<p class=\"MsoNormal\" style=\"color: #000000; font-family: 'Times New Roman'; font-size: medium; margin: 0px !important;\"><span style=\"font-size: 9pt; font-family: Verdana, sans-serif; color: #162a83;\">&nbsp;<\/span><\/p>\n<div id=\"ckimgrsz\" style=\"left: 8px; top: 16px;\">\n<div class=\"preview\">&nbsp;<\/div>\n<\/div>\n","protected":false},"excerpt":{"rendered":"","protected":false},"author":1,"featured_media":309,"comment_status":"closed","ping_status":"closed","sticky":false,"template":"","format":"standard","meta":{"ngg_post_thumbnail":0,"footnotes":""},"categories":[41,15],"tags":[],"class_list":["post-380","post","type-post","status-publish","format-standard","has-post-thumbnail","hentry","category-actualites","category-programmes-ofaj","item-wrap"],"rttpg_featured_image_url":{"full":["https:\/\/www.pedagogie.ac-nice.fr\/allemand\/wp-content\/uploads\/sites\/42\/2014\/09\/OFAJ_DFJW_Logo_1000px_Web.jpg",992,641,false],"landscape":["https:\/\/www.pedagogie.ac-nice.fr\/allemand\/wp-content\/uploads\/sites\/42\/2014\/09\/OFAJ_DFJW_Logo_1000px_Web.jpg",992,641,false],"portraits":["https:\/\/www.pedagogie.ac-nice.fr\/allemand\/wp-content\/uploads\/sites\/42\/2014\/09\/OFAJ_DFJW_Logo_1000px_Web.jpg",992,641,false],"thumbnail":["https:\/\/www.pedagogie.ac-nice.fr\/allemand\/wp-content\/uploads\/sites\/42\/2014\/09\/OFAJ_DFJW_Logo_1000px_Web-150x150.jpg",150,150,true],"medium":["https:\/\/www.pedagogie.ac-nice.fr\/allemand\/wp-content\/uploads\/sites\/42\/2014\/09\/OFAJ_DFJW_Logo_1000px_Web-300x194.jpg",300,194,true],"large":["https:\/\/www.pedagogie.ac-nice.fr\/allemand\/wp-content\/uploads\/sites\/42\/2014\/09\/OFAJ_DFJW_Logo_1000px_Web.jpg",555,359,false],"1536x1536":["https:\/\/www.pedagogie.ac-nice.fr\/allemand\/wp-content\/uploads\/sites\/42\/2014\/09\/OFAJ_DFJW_Logo_1000px_Web.jpg",992,641,false],"2048x2048":["https:\/\/www.pedagogie.ac-nice.fr\/allemand\/wp-content\/uploads\/sites\/42\/2014\/09\/OFAJ_DFJW_Logo_1000px_Web.jpg",992,641,false],"graphene_slider":["https:\/\/www.pedagogie.ac-nice.fr\/allemand\/wp-content\/uploads\/sites\/42\/2014\/09\/OFAJ_DFJW_Logo_1000px_Web.jpg",555,359,false],"graphene_featured_image":["https:\/\/www.pedagogie.ac-nice.fr\/allemand\/wp-content\/uploads\/sites\/42\/2014\/09\/OFAJ_DFJW_Logo_1000px_Web.jpg",555,359,false],"post-thumbnail":["https:\/\/www.pedagogie.ac-nice.fr\/allemand\/wp-content\/uploads\/sites\/42\/2014\/09\/OFAJ_DFJW_Logo_1000px_Web.jpg",395,255,false],"advps-thumb-one":["https:\/\/www.pedagogie.ac-nice.fr\/allemand\/wp-content\/uploads\/sites\/42\/2014\/09\/OFAJ_DFJW_Logo_1000px_Web.jpg",340,220,false]},"rttpg_author":{"display_name":"norco","author_link":"https:\/\/www.pedagogie.ac-nice.fr\/allemand\/author\/norco\/"},"rttpg_comment":0,"rttpg_category":"<a href=\"https:\/\/www.pedagogie.ac-nice.fr\/allemand\/category\/actualites\/\" rel=\"category tag\">Actualit\u00e9s<\/a> <a href=\"https:\/\/www.pedagogie.ac-nice.fr\/allemand\/category\/programmedechanges\/programmes-ofaj\/\" rel=\"category tag\">Programmes OFAJ<\/a>","rttpg_excerpt":null,"post_mailing_queue_ids":[],"_links":{"self":[{"href":"https:\/\/www.pedagogie.ac-nice.fr\/allemand\/wp-json\/wp\/v2\/posts\/380","targetHints":{"allow":["GET"]}}],"collection":[{"href":"https:\/\/www.pedagogie.ac-nice.fr\/allemand\/wp-json\/wp\/v2\/posts"}],"about":[{"href":"https:\/\/www.pedagogie.ac-nice.fr\/allemand\/wp-json\/wp\/v2\/types\/post"}],"author":[{"embeddable":true,"href":"https:\/\/www.pedagogie.ac-nice.fr\/allemand\/wp-json\/wp\/v2\/users\/1"}],"replies":[{"embeddable":true,"href":"https:\/\/www.pedagogie.ac-nice.fr\/allemand\/wp-json\/wp\/v2\/comments?post=380"}],"version-history":[{"count":2,"href":"https:\/\/www.pedagogie.ac-nice.fr\/allemand\/wp-json\/wp\/v2\/posts\/380\/revisions"}],"predecessor-version":[{"id":927,"href":"https:\/\/www.pedagogie.ac-nice.fr\/allemand\/wp-json\/wp\/v2\/posts\/380\/revisions\/927"}],"wp:featuredmedia":[{"embeddable":true,"href":"https:\/\/www.pedagogie.ac-nice.fr\/allemand\/wp-json\/wp\/v2\/media\/309"}],"wp:attachment":[{"href":"https:\/\/www.pedagogie.ac-nice.fr\/allemand\/wp-json\/wp\/v2\/media?parent=380"}],"wp:term":[{"taxonomy":"category","embeddable":true,"href":"https:\/\/www.pedagogie.ac-nice.fr\/allemand\/wp-json\/wp\/v2\/categories?post=380"},{"taxonomy":"post_tag","embeddable":true,"href":"https:\/\/www.pedagogie.ac-nice.fr\/allemand\/wp-json\/wp\/v2\/tags?post=380"}],"curies":[{"name":"wp","href":"https:\/\/api.w.org\/{rel}","templated":true}]}}