{"id":384,"date":"2015-06-16T19:08:28","date_gmt":"2015-06-16T17:08:28","guid":{"rendered":"https:\/\/www.pedagogie.ac-nice.fr\/allemand\/2015\/06\/16\/label-europeen-des-langues\/"},"modified":"2015-06-16T19:08:28","modified_gmt":"2015-06-16T17:08:28","slug":"label-europeen-des-langues","status":"publish","type":"post","link":"https:\/\/www.pedagogie.ac-nice.fr\/allemand\/label-europeen-des-langues\/","title":{"rendered":"Label europ\u00e9en des langues"},"content":{"rendered":"<h1 style=\"font-family: Arial, Verdana, Helvetica, sans-serif; font-size: 14pt; color: rgb(112, 146, 198); line-height: 14pt; height: auto; margin-top: 0px; margin-bottom: 0px; padding-left: 20px; padding-top: 20px; padding-bottom: 10px; background-color: transparent;\"> \t<img loading=\"lazy\" decoding=\"async\" class=\" size-full wp-image-382\" alt=\"\" src=\"https:\/\/www.pedagogie.ac-nice.fr\/allemand\/wp-content\/uploads\/sites\/42\/2015\/06\/label.jpg\" style=\"width: 157px; height: 80px;\" width=\"394\" height=\"199\" srcset=\"https:\/\/www.pedagogie.ac-nice.fr\/allemand\/wp-content\/uploads\/sites\/42\/2015\/06\/label.jpg 394w, https:\/\/www.pedagogie.ac-nice.fr\/allemand\/wp-content\/uploads\/sites\/42\/2015\/06\/label-300x152.jpg 300w\" sizes=\"auto, (max-width: 394px) 100vw, 394px\" \/><\/h1>\n<h1 style=\"font-family: Arial, Verdana, Helvetica, sans-serif; font-size: 14pt; color: rgb(112, 146, 198); line-height: 14pt; height: auto; margin-top: 0px; margin-bottom: 0px; padding-left: 20px; padding-top: 20px; padding-bottom: 10px; background-color: transparent;\"> \t<img loading=\"lazy\" decoding=\"async\" class=\" size-full wp-image-361\" alt=\"\" src=\"https:\/\/www.pedagogie.ac-nice.fr\/allemand\/wp-content\/uploads\/sites\/42\/2015\/03\/erasmus-plus.jpg\" style=\"width: 112px; height: 32px;\" width=\"420\" height=\"120\" \/><\/h1>\n<h1 class=\"csc-firstHeader\" style=\"font-family: Arial, Verdana, Helvetica, sans-serif; font-size: 10pt; line-height: 17.3333339691162px; height: auto; margin-top: 0px; margin-bottom: 10px;\"> \t&nbsp;<\/h1>\n<p align=\"justify\" style=\"margin-bottom: 0cm; line-height: 100%\"> \tValorisez votre projet linguistique avec le Label Europ\u00e9en des Langues&nbsp;! Candidatures \u00e0 d\u00e9poser avant le <font color=\"#ff0000\"><b>15 JUILLET<\/b><\/font>.<\/p>\n<p align=\"justify\" style=\"margin-bottom: 0cm; line-height: 100%\"> \t&nbsp;<\/p>\n<p>  <!--more-->  <\/p>\n<h1 class=\"csc-firstHeader\" style=\"font-family: Arial, Verdana, Helvetica, sans-serif; font-size: 10pt; line-height: 17.3333339691162px; height: auto; margin-top: 0px; margin-bottom: 10px;\"> \t<span style=\"font-size: 13.3333330154419px; line-height: 17.3333339691162px; text-align: justify;\">Depuis plus de 10 ans maintenant, l\u2019Agence Erasmus+ France\/Education &amp; Formation, r\u00e9compense les projets les plus innovants en mati\u00e8re d\u2019apprentissage et d\u2019enseignement des langues \u00e9trang\u00e8res. Cette r\u00e9compense concerne toutes les langues, tous les types de structures et tous les publics&nbsp;!<\/span><\/h1>\n<p class=\"align-justify\" style=\"text-align: justify; font-family: Arial, Verdana, Helvetica, sans-serif; font-size: 13.3333330154419px; line-height: 17.3333339691162px;\"> \t&nbsp;<\/p>\n<p class=\"align-justify\" style=\"text-align: justify; font-family: Arial, Verdana, Helvetica, sans-serif; font-size: 13.3333330154419px; line-height: 17.3333339691162px;\"> \tTrois crit\u00e8res pour \u00eatre labellis\u00e9&nbsp;: INNOVATION, PERTINENCE, TRANSFERABILIT\u00c9.<\/p>\n<p class=\"align-justify\" style=\"text-align: justify; font-family: Arial, Verdana, Helvetica, sans-serif; font-size: 13.3333330154419px; line-height: 17.3333339691162px;\"> \tEnvoyez votre candidature pour votre projet le plus linguistique innovant avant le&nbsp;<b style=\"color: rgb(255, 0, 0);\">15 juillet 2015 (minuit).<\/b><\/p>\n<p class=\"align-justify\" style=\"text-align: justify; font-family: Arial, Verdana, Helvetica, sans-serif; font-size: 13.3333330154419px; line-height: 17.3333339691162px;\"> \tSi votre projet est s\u00e9lectionn\u00e9, le Label vous sera remis lors d\u2019un \u00e9v\u00e9nement organis\u00e9 par &nbsp;l\u2019Agence Erasmus+ France\/Education &amp; Formation&nbsp;; vous serez&nbsp;\u00e9galement invit\u00e9s \u00e0 le d\u00e9fendre sur le stand de la Commission Europ\u00e9enne au salon Expolangues 2016.<\/p>\n<p class=\"bodytext\" style=\"font-family: Arial, Verdana, Helvetica, sans-serif; font-size: 13.3333330154419px; line-height: 17.3333339691162px;\"> \tPour tout renseignement et pour candidater, rendez-vous ici&nbsp;:&nbsp;<\/p>\n<p class=\"bodytext\" style=\"font-family: Arial, Verdana, Helvetica, sans-serif; font-size: 13.3333330154419px; line-height: 17.3333339691162px;\"> \t<a href=\"http:\/\/www.agence-erasmus.fr\/page\/label-langues\" style=\"font-size: 13.3333330154419px; line-height: 17.3333339691162px; text-decoration: none; color: rgb(0, 0, 128); background-color: transparent;\" target=\"_blank\" title=\"Acc\u00e9der \u00e0 une ressource externe.\" rel=\"noopener noreferrer\">http:\/\/www.agence-erasmus.fr\/page\/label-langues<\/a><\/p>\n<p class=\"bodytext\" style=\"font-family: Arial, Verdana, Helvetica, sans-serif; font-size: 13.3333330154419px; line-height: 17.3333339691162px;\"> \t<img loading=\"lazy\" decoding=\"async\" class=\" size-full wp-image-383\" alt=\"\" src=\"https:\/\/www.pedagogie.ac-nice.fr\/allemand\/wp-content\/uploads\/sites\/42\/2015\/06\/RTEmagicC_Label_affiche.png.png\" width=\"400\" height=\"468\" srcset=\"https:\/\/www.pedagogie.ac-nice.fr\/allemand\/wp-content\/uploads\/sites\/42\/2015\/06\/RTEmagicC_Label_affiche.png.png 400w, https:\/\/www.pedagogie.ac-nice.fr\/allemand\/wp-content\/uploads\/sites\/42\/2015\/06\/RTEmagicC_Label_affiche.png-256x300.png 256w\" sizes=\"auto, (max-width: 400px) 100vw, 400px\" \/><\/p>\n","protected":false},"excerpt":{"rendered":"<p>&nbsp; Valorisez votre projet linguistique avec le Label Europ\u00e9en des Langues&nbsp;! Candidatures \u00e0 d\u00e9poser avant le 15 JUILLET. &nbsp;<\/p><p><a class=\"more-link btn\" href=\"https:\/\/www.pedagogie.ac-nice.fr\/allemand\/label-europeen-des-langues\/\">Lire la suite<\/a><\/p>\n","protected":false},"author":1,"featured_media":382,"comment_status":"closed","ping_status":"closed","sticky":false,"template":"","format":"standard","meta":{"ngg_post_thumbnail":0,"footnotes":""},"categories":[41],"tags":[],"class_list":["post-384","post","type-post","status-publish","format-standard","has-post-thumbnail","hentry","category-actualites","item-wrap"],"rttpg_featured_image_url":{"full":["https:\/\/www.pedagogie.ac-nice.fr\/allemand\/wp-content\/uploads\/sites\/42\/2015\/06\/label.jpg",394,199,false],"landscape":["https:\/\/www.pedagogie.ac-nice.fr\/allemand\/wp-content\/uploads\/sites\/42\/2015\/06\/label.jpg",394,199,false],"portraits":["https:\/\/www.pedagogie.ac-nice.fr\/allemand\/wp-content\/uploads\/sites\/42\/2015\/06\/label.jpg",394,199,false],"thumbnail":["https:\/\/www.pedagogie.ac-nice.fr\/allemand\/wp-content\/uploads\/sites\/42\/2015\/06\/label-150x150.jpg",150,150,true],"medium":["https:\/\/www.pedagogie.ac-nice.fr\/allemand\/wp-content\/uploads\/sites\/42\/2015\/06\/label-300x152.jpg",300,152,true],"large":["https:\/\/www.pedagogie.ac-nice.fr\/allemand\/wp-content\/uploads\/sites\/42\/2015\/06\/label.jpg",394,199,false],"1536x1536":["https:\/\/www.pedagogie.ac-nice.fr\/allemand\/wp-content\/uploads\/sites\/42\/2015\/06\/label.jpg",394,199,false],"2048x2048":["https:\/\/www.pedagogie.ac-nice.fr\/allemand\/wp-content\/uploads\/sites\/42\/2015\/06\/label.jpg",394,199,false],"graphene_slider":["https:\/\/www.pedagogie.ac-nice.fr\/allemand\/wp-content\/uploads\/sites\/42\/2015\/06\/label.jpg",394,199,false],"graphene_featured_image":["https:\/\/www.pedagogie.ac-nice.fr\/allemand\/wp-content\/uploads\/sites\/42\/2015\/06\/label.jpg",394,199,false],"post-thumbnail":["https:\/\/www.pedagogie.ac-nice.fr\/allemand\/wp-content\/uploads\/sites\/42\/2015\/06\/label.jpg",394,199,false],"advps-thumb-one":["https:\/\/www.pedagogie.ac-nice.fr\/allemand\/wp-content\/uploads\/sites\/42\/2015\/06\/label.jpg",394,199,false]},"rttpg_author":{"display_name":"norco","author_link":"https:\/\/www.pedagogie.ac-nice.fr\/allemand\/author\/norco\/"},"rttpg_comment":0,"rttpg_category":"<a href=\"https:\/\/www.pedagogie.ac-nice.fr\/allemand\/category\/actualites\/\" rel=\"category tag\">Actualit\u00e9s<\/a>","rttpg_excerpt":"&nbsp; Valorisez votre projet linguistique avec le Label Europ\u00e9en des Langues&nbsp;! Candidatures \u00e0 d\u00e9poser avant le 15 JUILLET. &nbsp;","post_mailing_queue_ids":[],"_links":{"self":[{"href":"https:\/\/www.pedagogie.ac-nice.fr\/allemand\/wp-json\/wp\/v2\/posts\/384","targetHints":{"allow":["GET"]}}],"collection":[{"href":"https:\/\/www.pedagogie.ac-nice.fr\/allemand\/wp-json\/wp\/v2\/posts"}],"about":[{"href":"https:\/\/www.pedagogie.ac-nice.fr\/allemand\/wp-json\/wp\/v2\/types\/post"}],"author":[{"embeddable":true,"href":"https:\/\/www.pedagogie.ac-nice.fr\/allemand\/wp-json\/wp\/v2\/users\/1"}],"replies":[{"embeddable":true,"href":"https:\/\/www.pedagogie.ac-nice.fr\/allemand\/wp-json\/wp\/v2\/comments?post=384"}],"version-history":[{"count":0,"href":"https:\/\/www.pedagogie.ac-nice.fr\/allemand\/wp-json\/wp\/v2\/posts\/384\/revisions"}],"wp:featuredmedia":[{"embeddable":true,"href":"https:\/\/www.pedagogie.ac-nice.fr\/allemand\/wp-json\/wp\/v2\/media\/382"}],"wp:attachment":[{"href":"https:\/\/www.pedagogie.ac-nice.fr\/allemand\/wp-json\/wp\/v2\/media?parent=384"}],"wp:term":[{"taxonomy":"category","embeddable":true,"href":"https:\/\/www.pedagogie.ac-nice.fr\/allemand\/wp-json\/wp\/v2\/categories?post=384"},{"taxonomy":"post_tag","embeddable":true,"href":"https:\/\/www.pedagogie.ac-nice.fr\/allemand\/wp-json\/wp\/v2\/tags?post=384"}],"curies":[{"name":"wp","href":"https:\/\/api.w.org\/{rel}","templated":true}]}}