{"id":40,"date":"2009-06-12T17:11:57","date_gmt":"2009-06-12T15:11:57","guid":{"rendered":"https:\/\/www.pedagogie.ac-nice.fr\/allemand\/2009\/06\/12\/le-site-de-reference\/"},"modified":"2009-06-12T17:11:57","modified_gmt":"2009-06-12T15:11:57","slug":"le-site-de-reference","status":"publish","type":"post","link":"https:\/\/www.pedagogie.ac-nice.fr\/allemand\/le-site-de-reference\/","title":{"rendered":"Le site de r\u00e9f\u00e9rence"},"content":{"rendered":"<ul> <span style=\"font-size: small;\">Sur le site Emilangues, vous trouverez tout si vous \u00eates enseignant ou souhaitez \u00eatre enseignant en section europ\u00e9enne : d\u00e9finition, conseils de formation, des ressources&#8230; <\/span> <\/ul>\n<ul>\n<li><a href=\"http:\/\/www.emilangues.education.fr\/\" target=\"_blank\" rel=\"noopener noreferrer\"><span style=\"font-size: small;\">Acc\u00e8s au site<\/span><\/a><\/li>\n<\/ul>\n","protected":false},"excerpt":{"rendered":"<p>Sur le site Emilangues, vous trouverez tout si vous \u00eates enseignant ou souhaitez \u00eatre enseignant en section europ\u00e9enne : d\u00e9finition, conseils de formation, des ressources&#8230; Acc\u00e8s au site<\/p>\n","protected":false},"author":1,"featured_media":0,"comment_status":"closed","ping_status":"closed","sticky":false,"template":"","format":"standard","meta":{"ngg_post_thumbnail":0,"footnotes":""},"categories":[13],"tags":[],"class_list":["post-40","post","type-post","status-publish","format-standard","hentry","category-sections-europeennes","item-wrap"],"rttpg_featured_image_url":null,"rttpg_author":{"display_name":"norco","author_link":"https:\/\/www.pedagogie.ac-nice.fr\/allemand\/author\/norco\/"},"rttpg_comment":0,"rttpg_category":"<a href=\"https:\/\/www.pedagogie.ac-nice.fr\/allemand\/category\/programmedechanges\/sections-europeennes\/\" rel=\"category tag\">Sections europ\u00e9ennes<\/a>","rttpg_excerpt":"Sur le site Emilangues, vous trouverez tout si vous \u00eates enseignant ou souhaitez \u00eatre enseignant en section europ\u00e9enne : d\u00e9finition, conseils de formation, des ressources&#8230; Acc\u00e8s au site","post_mailing_queue_ids":[],"_links":{"self":[{"href":"https:\/\/www.pedagogie.ac-nice.fr\/allemand\/wp-json\/wp\/v2\/posts\/40","targetHints":{"allow":["GET"]}}],"collection":[{"href":"https:\/\/www.pedagogie.ac-nice.fr\/allemand\/wp-json\/wp\/v2\/posts"}],"about":[{"href":"https:\/\/www.pedagogie.ac-nice.fr\/allemand\/wp-json\/wp\/v2\/types\/post"}],"author":[{"embeddable":true,"href":"https:\/\/www.pedagogie.ac-nice.fr\/allemand\/wp-json\/wp\/v2\/users\/1"}],"replies":[{"embeddable":true,"href":"https:\/\/www.pedagogie.ac-nice.fr\/allemand\/wp-json\/wp\/v2\/comments?post=40"}],"version-history":[{"count":0,"href":"https:\/\/www.pedagogie.ac-nice.fr\/allemand\/wp-json\/wp\/v2\/posts\/40\/revisions"}],"wp:attachment":[{"href":"https:\/\/www.pedagogie.ac-nice.fr\/allemand\/wp-json\/wp\/v2\/media?parent=40"}],"wp:term":[{"taxonomy":"category","embeddable":true,"href":"https:\/\/www.pedagogie.ac-nice.fr\/allemand\/wp-json\/wp\/v2\/categories?post=40"},{"taxonomy":"post_tag","embeddable":true,"href":"https:\/\/www.pedagogie.ac-nice.fr\/allemand\/wp-json\/wp\/v2\/tags?post=40"}],"curies":[{"name":"wp","href":"https:\/\/api.w.org\/{rel}","templated":true}]}}