{"id":497,"date":"2018-03-14T20:13:11","date_gmt":"2018-03-14T19:13:11","guid":{"rendered":"https:\/\/www.pedagogie.ac-nice.fr\/allemand\/2018\/03\/14\/demande-d-echange-avec-berlin-mars-2018-2\/"},"modified":"2018-03-14T20:13:11","modified_gmt":"2018-03-14T19:13:11","slug":"demande-d-echange-avec-berlin-mars-2018-2","status":"publish","type":"post","link":"https:\/\/www.pedagogie.ac-nice.fr\/allemand\/demande-d-echange-avec-berlin-mars-2018-2\/","title":{"rendered":"Demande d&rsquo;\u00e9change avec Berlin &#8211; Mars 2018"},"content":{"rendered":"<p>Demande \u00e9manant du\u00a0<span lang=\"fr-FR\">\u00ab\u00a0Leibniz-Gymnasium\u00a0\u00bb de Berlin<\/span><\/p>\n<p>  <!--more-->  <\/p>\n<p style=\"margin-bottom: 0.35cm; line-height: 115%;\"><span lang=\"fr-FR\">Chers coll\u00e8gues, <\/span><\/p>\n<p style=\"margin-bottom: 0.35cm; line-height: 115%;\"><span lang=\"fr-FR\">nous sommes le coll\u00e8ge \u00ab\u00a0Leibniz-Gymnasium\u00a0\u00bb \u00e0 Berlin et nous cherchons un coll\u00e8ge partenaire en France pour \u00e9tablir un \u00e9change scolaire avec notre classe de quatri\u00e8me (8. Klasse). Nous souhaitons \u00e9tablir un \u00e9change r\u00e9gulier \u00e0 partir de l\u2019ann\u00e9e scolaire 2018\/2019. Notre \u00e9tablissement scolaire se trouve \u00e0 Kreuzberg, un quartier tr\u00e8s anim\u00e9 dans le centre de Berlin. Les \u00e9l\u00e8ves apprennent le fran<\/span><span style=\"font-family: 'Times New Roman', serif;\"><span lang=\"fr-FR\">\u04ab<\/span><\/span><span lang=\"fr-FR\">ais comme premi\u00e8re langue \u00e9trang\u00e8re. Nous int\u00e9grons aux cours de fran<\/span><span style=\"font-family: 'Times New Roman', serif;\"><span lang=\"fr-FR\">\u04ab<\/span><\/span><span lang=\"fr-FR\">ais des ateliers de th\u00e9\u00e2tre avec des intervenants de langue maternelle fran<\/span><span style=\"font-family: 'Times New Roman', serif;\"><span lang=\"fr-FR\">\u04ab<\/span><\/span><span lang=\"fr-FR\">aise et nous avons des modules d\u2019enseignement bilingue fran<\/span><span style=\"font-family: 'Times New Roman', serif;\"><span lang=\"fr-FR\">\u04ab<\/span><\/span><span lang=\"fr-FR\">ais \u2013 SVT et fran\u00e7ais \u2013 histoire. Vous pouvez trouver encore plus d\u2019information sur notre site Internet\u00a0: http:\/\/leibnizschule-berlin.de\/<\/span><\/p>\n<p style=\"margin-bottom: 0cm; line-height: 100%;\"><span lang=\"fr-FR\">Si vous \u00eates int\u00e9ress\u00e9, vous pouvez me contacter\u00a0: giese_leibniz@gmx.de<\/span><\/p>\n<p style=\"margin-bottom: 0.35cm; line-height: 115%;\"><span lang=\"fr-FR\">Tr\u00e8s cordialement, <\/span><\/p>\n<p style=\"margin-bottom: 0.35cm; line-height: 115%;\"><span lang=\"fr-FR\">Agnes Giese <\/span><\/p>\n<p style=\"margin-bottom: 0cm; line-height: 100%;\">(Fachleitung Franz\u00f6sisch)<\/p>\n<p style=\"margin-bottom: 0cm; line-height: 100%;\">Leibniz-Gymnasium<\/p>\n","protected":false},"excerpt":{"rendered":"<p>Demande \u00e9manant du\u00a0\u00ab\u00a0Leibniz-Gymnasium\u00a0\u00bb de Berlin<\/p><p><a class=\"more-link btn\" href=\"https:\/\/www.pedagogie.ac-nice.fr\/allemand\/demande-d-echange-avec-berlin-mars-2018-2\/\">Lire la suite<\/a><\/p>\n","protected":false},"author":1,"featured_media":0,"comment_status":"closed","ping_status":"closed","sticky":false,"template":"","format":"standard","meta":{"ngg_post_thumbnail":0,"footnotes":""},"categories":[11],"tags":[],"class_list":["post-497","post","type-post","status-publish","format-standard","hentry","category-petites-annonces","item-wrap"],"rttpg_featured_image_url":null,"rttpg_author":{"display_name":"norco","author_link":"https:\/\/www.pedagogie.ac-nice.fr\/allemand\/author\/norco\/"},"rttpg_comment":0,"rttpg_category":"<a href=\"https:\/\/www.pedagogie.ac-nice.fr\/allemand\/category\/programmedechanges\/petites-annonces\/\" rel=\"category tag\">Echanges, voyages, petites annonces<\/a>","rttpg_excerpt":"Demande \u00e9manant du\u00a0\u00ab\u00a0Leibniz-Gymnasium\u00a0\u00bb de Berlin","post_mailing_queue_ids":[],"_links":{"self":[{"href":"https:\/\/www.pedagogie.ac-nice.fr\/allemand\/wp-json\/wp\/v2\/posts\/497","targetHints":{"allow":["GET"]}}],"collection":[{"href":"https:\/\/www.pedagogie.ac-nice.fr\/allemand\/wp-json\/wp\/v2\/posts"}],"about":[{"href":"https:\/\/www.pedagogie.ac-nice.fr\/allemand\/wp-json\/wp\/v2\/types\/post"}],"author":[{"embeddable":true,"href":"https:\/\/www.pedagogie.ac-nice.fr\/allemand\/wp-json\/wp\/v2\/users\/1"}],"replies":[{"embeddable":true,"href":"https:\/\/www.pedagogie.ac-nice.fr\/allemand\/wp-json\/wp\/v2\/comments?post=497"}],"version-history":[{"count":0,"href":"https:\/\/www.pedagogie.ac-nice.fr\/allemand\/wp-json\/wp\/v2\/posts\/497\/revisions"}],"wp:attachment":[{"href":"https:\/\/www.pedagogie.ac-nice.fr\/allemand\/wp-json\/wp\/v2\/media?parent=497"}],"wp:term":[{"taxonomy":"category","embeddable":true,"href":"https:\/\/www.pedagogie.ac-nice.fr\/allemand\/wp-json\/wp\/v2\/categories?post=497"},{"taxonomy":"post_tag","embeddable":true,"href":"https:\/\/www.pedagogie.ac-nice.fr\/allemand\/wp-json\/wp\/v2\/tags?post=497"}],"curies":[{"name":"wp","href":"https:\/\/api.w.org\/{rel}","templated":true}]}}