{"id":592,"date":"2020-02-25T23:33:56","date_gmt":"2020-02-25T22:33:56","guid":{"rendered":"https:\/\/www.pedagogie.ac-nice.fr\/allemand\/2020\/02\/25\/pix\/"},"modified":"2020-11-13T20:32:25","modified_gmt":"2020-11-13T19:32:25","slug":"pix","status":"publish","type":"post","link":"https:\/\/www.pedagogie.ac-nice.fr\/allemand\/pix\/","title":{"rendered":"PIX et CRCN"},"content":{"rendered":"<p style=\"margin: 0px 0px 9px; overflow-wrap: break-word; font-family: 'Helvetica Neue', Helvetica, Arial, sans-serif; font-size: 13px; text-align: justify;\"><span style=\"font-size: 12pt; font-family: verdana, geneva;\"><span style=\"font-size: 12pt;\"><img loading=\"lazy\" decoding=\"async\" class=\" size-full wp-image-5\" style=\"max-width: 100%; height: auto; vertical-align: middle; border: 0px;\" src=\"https:\/\/www.pedagogie.ac-nice.fr\/allemand\/wp-content\/uploads\/sites\/42\/2020\/09\/flch.gif\" alt=\"flch\" width=\"13\" height=\"18\" \/> <\/span><strong>Pr\u00e9sentation de<\/strong><a style=\"color: #0088cc;\" href=\"..\/..\/histgeo\/index.php\/ressources-tice\/91-ressources-tice\/crcn\/595-comprendre-pix\"> <img loading=\"lazy\" decoding=\"async\" class=\" size-full wp-image-6\" style=\"max-width: 100%; height: auto; vertical-align: middle; border: 0px;\" src=\"https:\/\/www.pedagogie.ac-nice.fr\/allemand\/wp-content\/uploads\/sites\/42\/2020\/09\/pix_logo.png\" alt=\"pix logo\" width=\"50\" height=\"50\" \/><\/a><\/span><\/p>\n<p>Pix est un service public pour \u00e9valuer, d\u00e9velopper et certifier les comp\u00e9tences num\u00e9riques \u00e0 destination de tous, coll\u00e9giens, lyc\u00e9ens, \u00e9tudiants, professionnels et plus g\u00e9n\u00e9ralement \u00e0 tous les citoyens.<\/p>\n<ul>\n<li>Pr\u00e9sentation de la <a href=\"https:\/\/www.youtube.com\/watch?v=1B8fBmLIsh8&amp;feature=emb_title\"><strong>Plateforme Pix <\/strong><\/a>en vid\u00e9o<img loading=\"lazy\" decoding=\"async\" class=\" alignright size-full wp-image-4\" style=\"margin-left: 20px; float: right;\" src=\"https:\/\/www.pedagogie.ac-nice.fr\/allemand\/wp-content\/uploads\/sites\/42\/2020\/09\/pix_affiche.jpg\" alt=\"pix affiche\" width=\"214\" height=\"261\" \/><\/li>\n<li>Pr\u00e9sentation de la <a href=\"https:\/\/www.dailymotion.com\/video\/x78gwjv\"><strong>Certification Pix <\/strong><\/a>en vid\u00e9o<\/li>\n<\/ul>\n<p style=\"margin: 0px 0px 9px; overflow-wrap: break-word; font-family: 'Helvetica Neue', Helvetica, Arial, sans-serif; font-size: 13px; text-align: justify;\"><span style=\"font-size: 12pt; font-family: verdana, geneva;\"><span style=\"font-size: 12pt;\"><img loading=\"lazy\" decoding=\"async\" class=\" size-full wp-image-5\" style=\"max-width: 100%; height: auto; vertical-align: middle; border: 0px;\" src=\"https:\/\/www.pedagogie.ac-nice.fr\/allemand\/wp-content\/uploads\/sites\/42\/2020\/09\/flch.gif\" alt=\"flch\" width=\"13\" height=\"18\" \/> <\/span><strong>Textes officiels<\/strong><br \/>\n<\/span><\/p>\n<p style=\"margin: 0px 0px 9px; overflow-wrap: break-word; font-family: 'Helvetica Neue', Helvetica, Arial, sans-serif; font-size: 13px; text-align: justify;\"><span style=\"font-size: 12pt; font-family: verdana, geneva;\">Page Eduscol sur\u00a0<a href=\"https:\/\/eduscol.education.fr\/pid38816\/certification-des-competences-numeriques.html\"><strong>le cadre de r\u00e9f\u00e9rence des comp\u00e9tences num\u00e9riques <\/strong><\/a>entr\u00e9 en vigueur \u00e0 la rentr\u00e9e 2019.<\/span><\/p>\n<p style=\"margin: 0px 0px 9px; overflow-wrap: break-word; font-family: 'Helvetica Neue', Helvetica, Arial, sans-serif; font-size: 13px; text-align: justify;\"><span style=\"font-size: 12pt; font-family: verdana, geneva;\"><span style=\"font-size: 12pt;\"><img loading=\"lazy\" decoding=\"async\" class=\" size-full wp-image-5\" style=\"max-width: 100%; height: auto; vertical-align: middle; border: 0px;\" src=\"https:\/\/www.pedagogie.ac-nice.fr\/allemand\/wp-content\/uploads\/sites\/42\/2020\/09\/flch.gif\" alt=\"flch\" width=\"13\" height=\"18\" \/><a href=\"https:\/\/www.pedagogie.ac-nice.fr\/dane\/pix\/4-protection-et-securite-4-3-proteger-la-sante-le-bien-etre-et-l-environnement-langues\">\u00a0<\/a><\/span><a href=\"https:\/\/www.pedagogie.ac-nice.fr\/dane\/pix\/4-protection-et-securite-4-3-proteger-la-sante-le-bien-etre-et-l-environnement-langues\" target=\"_blank\" rel=\"noopener noreferrer\">Le CRCN en cours d&rsquo;allemand<\/a><\/span><\/p>\n","protected":false},"excerpt":{"rendered":"<p>Pr\u00e9sentation de Pix est un service public pour \u00e9valuer, d\u00e9velopper et certifier les comp\u00e9tences num\u00e9riques \u00e0 destination de tous, coll\u00e9giens, lyc\u00e9ens, \u00e9tudiants, professionnels et plus g\u00e9n\u00e9ralement \u00e0 tous les citoyens. Pr\u00e9sentation de la Plateforme Pix en vid\u00e9o Pr\u00e9sentation de la Certification Pix en vid\u00e9o Textes officiels Page Eduscol sur\u00a0le cadre de r\u00e9f\u00e9rence des comp\u00e9tences num\u00e9riques &hellip; <\/p>\n<p><a class=\"more-link btn\" href=\"https:\/\/www.pedagogie.ac-nice.fr\/allemand\/pix\/\">Lire la suite<\/a><\/p>\n","protected":false},"author":1,"featured_media":5,"comment_status":"closed","ping_status":"closed","sticky":false,"template":"","format":"standard","meta":{"ngg_post_thumbnail":0,"footnotes":""},"categories":[19,52],"tags":[],"class_list":["post-592","post","type-post","status-publish","format-standard","has-post-thumbnail","hentry","category-pix-crcn","category-pix-et-allemand","item-wrap"],"rttpg_featured_image_url":{"full":["https:\/\/www.pedagogie.ac-nice.fr\/allemand\/wp-content\/uploads\/sites\/42\/2020\/09\/flch.gif",13,18,false],"landscape":["https:\/\/www.pedagogie.ac-nice.fr\/allemand\/wp-content\/uploads\/sites\/42\/2020\/09\/flch.gif",13,18,false],"portraits":["https:\/\/www.pedagogie.ac-nice.fr\/allemand\/wp-content\/uploads\/sites\/42\/2020\/09\/flch.gif",13,18,false],"thumbnail":["https:\/\/www.pedagogie.ac-nice.fr\/allemand\/wp-content\/uploads\/sites\/42\/2020\/09\/flch.gif",13,18,false],"medium":["https:\/\/www.pedagogie.ac-nice.fr\/allemand\/wp-content\/uploads\/sites\/42\/2020\/09\/flch.gif",13,18,false],"large":["https:\/\/www.pedagogie.ac-nice.fr\/allemand\/wp-content\/uploads\/sites\/42\/2020\/09\/flch.gif",13,18,false],"1536x1536":["https:\/\/www.pedagogie.ac-nice.fr\/allemand\/wp-content\/uploads\/sites\/42\/2020\/09\/flch.gif",13,18,false],"2048x2048":["https:\/\/www.pedagogie.ac-nice.fr\/allemand\/wp-content\/uploads\/sites\/42\/2020\/09\/flch.gif",13,18,false],"graphene_slider":["https:\/\/www.pedagogie.ac-nice.fr\/allemand\/wp-content\/uploads\/sites\/42\/2020\/09\/flch.gif",13,18,false],"graphene_featured_image":["https:\/\/www.pedagogie.ac-nice.fr\/allemand\/wp-content\/uploads\/sites\/42\/2020\/09\/flch.gif",13,18,false],"post-thumbnail":["https:\/\/www.pedagogie.ac-nice.fr\/allemand\/wp-content\/uploads\/sites\/42\/2020\/09\/flch.gif",13,18,false],"advps-thumb-one":["https:\/\/www.pedagogie.ac-nice.fr\/allemand\/wp-content\/uploads\/sites\/42\/2020\/09\/flch.gif",13,18,false]},"rttpg_author":{"display_name":"norco","author_link":"https:\/\/www.pedagogie.ac-nice.fr\/allemand\/author\/norco\/"},"rttpg_comment":0,"rttpg_category":"<a href=\"https:\/\/www.pedagogie.ac-nice.fr\/allemand\/category\/numerique\/pix-crcn\/\" rel=\"category tag\">PIX CRCN<\/a> <a href=\"https:\/\/www.pedagogie.ac-nice.fr\/allemand\/category\/numerique\/pix-et-allemand\/\" rel=\"category tag\">PIX et allemand<\/a>","rttpg_excerpt":"Pr\u00e9sentation de Pix est un service public pour \u00e9valuer, d\u00e9velopper et certifier les comp\u00e9tences num\u00e9riques \u00e0 destination de tous, coll\u00e9giens, lyc\u00e9ens, \u00e9tudiants, professionnels et plus g\u00e9n\u00e9ralement \u00e0 tous les citoyens. Pr\u00e9sentation de la Plateforme Pix en vid\u00e9o Pr\u00e9sentation de la Certification Pix en vid\u00e9o Textes officiels Page Eduscol sur\u00a0le cadre de r\u00e9f\u00e9rence des comp\u00e9tences num\u00e9riques\u2026","post_mailing_queue_ids":[],"_links":{"self":[{"href":"https:\/\/www.pedagogie.ac-nice.fr\/allemand\/wp-json\/wp\/v2\/posts\/592","targetHints":{"allow":["GET"]}}],"collection":[{"href":"https:\/\/www.pedagogie.ac-nice.fr\/allemand\/wp-json\/wp\/v2\/posts"}],"about":[{"href":"https:\/\/www.pedagogie.ac-nice.fr\/allemand\/wp-json\/wp\/v2\/types\/post"}],"author":[{"embeddable":true,"href":"https:\/\/www.pedagogie.ac-nice.fr\/allemand\/wp-json\/wp\/v2\/users\/1"}],"replies":[{"embeddable":true,"href":"https:\/\/www.pedagogie.ac-nice.fr\/allemand\/wp-json\/wp\/v2\/comments?post=592"}],"version-history":[{"count":2,"href":"https:\/\/www.pedagogie.ac-nice.fr\/allemand\/wp-json\/wp\/v2\/posts\/592\/revisions"}],"predecessor-version":[{"id":830,"href":"https:\/\/www.pedagogie.ac-nice.fr\/allemand\/wp-json\/wp\/v2\/posts\/592\/revisions\/830"}],"wp:featuredmedia":[{"embeddable":true,"href":"https:\/\/www.pedagogie.ac-nice.fr\/allemand\/wp-json\/wp\/v2\/media\/5"}],"wp:attachment":[{"href":"https:\/\/www.pedagogie.ac-nice.fr\/allemand\/wp-json\/wp\/v2\/media?parent=592"}],"wp:term":[{"taxonomy":"category","embeddable":true,"href":"https:\/\/www.pedagogie.ac-nice.fr\/allemand\/wp-json\/wp\/v2\/categories?post=592"},{"taxonomy":"post_tag","embeddable":true,"href":"https:\/\/www.pedagogie.ac-nice.fr\/allemand\/wp-json\/wp\/v2\/tags?post=592"}],"curies":[{"name":"wp","href":"https:\/\/api.w.org\/{rel}","templated":true}]}}