{"id":602,"date":"2020-03-09T14:10:04","date_gmt":"2020-03-09T13:10:04","guid":{"rendered":"https:\/\/www.pedagogie.ac-nice.fr\/allemand\/2020\/03\/09\/information-de-l-ofaj-concernant-l-annulation-ou-le-report-des-voyages\/"},"modified":"2020-03-09T14:10:04","modified_gmt":"2020-03-09T13:10:04","slug":"information-de-l-ofaj-concernant-l-annulation-ou-le-report-des-voyages","status":"publish","type":"post","link":"https:\/\/www.pedagogie.ac-nice.fr\/allemand\/information-de-l-ofaj-concernant-l-annulation-ou-le-report-des-voyages\/","title":{"rendered":"Information de l&rsquo;OFAJ concernant l&rsquo;annulation ou le report des \u00e9changes avec l&rsquo;Allemagne ET DES MOBILITES INDIVIDUELLES"},"content":{"rendered":"<p><img loading=\"lazy\" decoding=\"async\" class=\" size-full wp-image-309\" src=\"https:\/\/www.pedagogie.ac-nice.fr\/allemand\/wp-content\/uploads\/sites\/42\/2014\/09\/OFAJ_DFJW_Logo_1000px_Web.jpg\" alt=\"\" width=\"201\" height=\"130\" \/><\/p>\n<p>Cliquer sur le lien ci-dessous pour acc\u00e9der \u00e0 la FAQ:<\/p>\n<p><a href=\"https:\/\/www.ofaj.org\/media\/coronavirus-faq-fr.pdf\" target=\"_blank\" rel=\"noopener noreferrer\">https:\/\/www.ofaj.org\/media\/coronavirus-faq-fr.pdf<\/a><\/p>\n<p>  <!--more-->  <\/p>\n<p><span style=\"text-decoration: underline;\"><strong>\u00a0INFORMATIONS DU 17\/03 concernant les mobilit\u00e9s individuelles:\u00a0<\/strong><\/span><\/p>\n<p class=\"MsoNormal\" style=\"color: #000000; font-family: 'Times New Roman'; font-size: medium; margin: 0px !important;\"><span style=\"font-size: 10pt; font-family: Verdana, sans-serif; color: #162a84;\">Ch\u00e8res et chers correspondantes et correspondants acad\u00e9miques,<\/span><\/p>\n<p class=\"MsoNormal\" style=\"color: #000000; font-family: 'Times New Roman'; font-size: medium; margin: 0px !important;\"><span style=\"font-size: 10pt; font-family: Verdana, sans-serif; color: #162a84;\">\u00a0<\/span><\/p>\n<p class=\"MsoNormal\" style=\"color: #000000; font-family: 'Times New Roman'; font-size: medium; margin: 0px !important;\"><span style=\"font-size: 10pt; font-family: Verdana, sans-serif; color: #162a83;\">Nous nous adressons aujourd\u2019hui \u00e0 vous concernant les \u00e9l\u00e8ves mineurs qui se trouvent actuellement en \u00e9change individuel en Allemagne.<\/span><\/p>\n<p class=\"MsoNormal\" style=\"color: #000000; font-family: 'Times New Roman'; font-size: medium; margin: 0px !important;\"><span style=\"font-size: 10pt; font-family: Verdana, sans-serif; color: #162a83;\">\u00a0<\/span><\/p>\n<p class=\"MsoNormal\" style=\"color: #000000; font-family: 'Times New Roman'; font-size: medium; margin: 0px !important;\"><span style=\"font-size: 10pt; font-family: Verdana, sans-serif; color: #162a84;\">Nous sommes confront\u00e9s tout comme vous \u00e0 une situation exceptionnelle et devons r\u00e9pondre depuis deux semaines \u00e0 des questions de toutes sortes concernant les \u00e9l\u00e8ves en mobilit\u00e9 et particuli\u00e8rement\u00a0<\/span><span style=\"font-size: 10pt; font-family: Verdana, sans-serif; color: #162a83;\">aux \u00e9l\u00e8ves mineurs\u00a0<\/span><span style=\"font-size: 10pt; font-family: Verdana, sans-serif; color: #162a84;\">en mobilit\u00e9 individuelle.<\/span><\/p>\n<p class=\"MsoNormal\" style=\"color: #000000; font-family: 'Times New Roman'; font-size: medium; margin: 0px !important;\"><span style=\"font-size: 10pt; font-family: Verdana, sans-serif; color: #162a84;\">La situation \u00e9voluant sans cesse, tant qu\u2019il n\u2019y a pas encore d\u2019ordre de rapatriement par les instances officielles, nous invitons pour l\u2019instant chaque famille concern\u00e9e de prendre contact avec la famille qui accueille afin de d\u00e9cider ensemble si l\u2019accueil de l\u2019\u00e9l\u00e8ve h\u00f4te peut \u00eatre maintenu ou si un retour pr\u00e9matur\u00e9 est n\u00e9cessaire. Les familles trouveront de plus amples informations dans les FAQ de l\u2019OFAJ (<a style=\"color: black;\" href=\"https:\/\/www.ofaj.org\/ressources\/coronavirus-faq.html\" target=\"_blank\" rel=\"noopener noreferrer\"><span style=\"color: #162a84;\">https:\/\/www.ofaj.org\/ressources\/coronavirus-faq.html<\/span><\/a>).<\/span><\/p>\n<p class=\"MsoNormal\" style=\"color: #000000; font-family: 'Times New Roman'; font-size: medium; margin: 0px !important;\"><span style=\"font-size: 10pt; font-family: Verdana, sans-serif; color: #162a84;\">\u00a0<\/span><\/p>\n<p class=\"MsoNormal\" style=\"color: #000000; font-family: 'Times New Roman'; font-size: medium; margin: 0px !important;\"><span style=\"font-size: 10pt; font-family: Verdana, sans-serif; color: #162a84;\">Pour ceux qui d\u00e9cident de rapatrier leurs enfants, nous y rajouterons sous peu le conseil de privil\u00e9gier le retour par voie a\u00e9rienne tant que cela est possible et pour ne pas \u00eatre refoul\u00e9 \u00e0 la fronti\u00e8re.<\/span><\/p>\n<p class=\"MsoNormal\" style=\"color: #000000; font-family: 'Times New Roman'; font-size: medium; margin: 0px !important;\"><span style=\"font-size: 10pt; font-family: Verdana, sans-serif; color: #162a84;\">\u00a0<\/span><\/p>\n<p class=\"MsoNormal\" style=\"color: #000000; font-family: 'Times New Roman'; font-size: medium; margin: 0px !important;\"><span style=\"font-size: 10pt; font-family: Verdana, sans-serif; color: #162a84;\">Afin de coordonner nos actions et pour permettre une diffusion rapide de cette information, nous vous demandons de transmettre celle-ci aupr\u00e8s des \u00e9tablissements scolaires qui pourront eux-m\u00eames prendre contact avec les familles concern\u00e9es.<\/span><\/p>\n<p class=\"MsoNormal\" style=\"color: #000000; font-family: 'Times New Roman'; font-size: medium; margin: 0px !important;\"><span style=\"font-size: 10pt; font-family: Verdana, sans-serif; color: #162a84;\">\u00a0<\/span><\/p>\n<p class=\"MsoNormal\" style=\"color: #000000; font-family: 'Times New Roman'; font-size: medium; margin: 0px !important;\"><span style=\"font-size: 10pt; font-family: Verdana, sans-serif; color: #162a84;\">Pour que les ambassades aient connaissances des personnes concern\u00e9es nous invitons toute personne en dehors de son pays d\u2019origine \u00e0 s\u2019enregistrer sur les sites des minist\u00e8res des affaires \u00e9trang\u00e8res respectives\u00a0:<\/span><\/p>\n<p class=\"MsoNormal\" style=\"color: #000000; font-family: 'Times New Roman'; font-size: medium; margin: 0px !important;\"><span style=\"font-size: 10pt; font-family: Verdana, sans-serif; color: #162a84;\">pour les Fran\u00e7ais en Allemagne\u00a0:\u00a0<a style=\"color: black;\" href=\"https:\/\/pastel.diplomatie.gouv.fr\/fildariane\/dyn\/public\/login.html\" target=\"_blank\" rel=\"noopener noreferrer\"><span style=\"color: #162a84;\">https:\/\/pastel.diplomatie.gouv.fr\/fildariane\/dyn\/public\/login.html<\/span><\/a><\/span><\/p>\n<p class=\"MsoNormal\" style=\"color: #000000; font-family: 'Times New Roman'; font-size: medium; margin: 0px !important;\"><span style=\"font-size: 10pt; font-family: Verdana, sans-serif; color: #162a84;\">pour les Allemands en France\u00a0:\u00a0<a style=\"color: black;\" href=\"https:\/\/elefand.diplo.de\/elefandextern\/home\/login!form.action\" target=\"_blank\" rel=\"noopener noreferrer\"><span style=\"color: #162a84;\">https:\/\/elefand.diplo.de\/elefandextern\/home\/login!form.action<\/span><\/a><\/span><\/p>\n<p class=\"MsoNormal\" style=\"color: #000000; font-family: 'Times New Roman'; font-size: medium; margin: 0px !important;\"><span style=\"font-size: 10pt; font-family: Verdana, sans-serif; color: #162a83;\">\u00a0<\/span><\/p>\n<p class=\"MsoNormal\" style=\"color: #000000; font-family: 'Times New Roman'; font-size: medium; margin: 0px !important;\"><span style=\"font-size: 10pt; font-family: Verdana, sans-serif; color: #162a83;\">Des informations suppl\u00e9mentaires se trouvent sur les sites suivants\u00a0:<\/span><\/p>\n<p class=\"MsoNormal\" style=\"color: #000000; font-family: 'Times New Roman'; font-size: medium; margin: 0px !important;\"><span style=\"font-size: 10pt; font-family: Verdana, sans-serif; color: #162a83;\">\u00a0<\/span><\/p>\n<p class=\"MsoNormal\" style=\"color: #000000; font-family: 'Times New Roman'; font-size: medium; margin: 0px !important;\"><span lang=\"DE\" style=\"font-size: 10pt; font-family: Verdana, sans-serif; color: #162a83;\"><a style=\"color: black;\" href=\"https:\/\/www.gouvernement.fr\/info-coronavirus\" target=\"_blank\" rel=\"noopener noreferrer\"><span lang=\"FR\" style=\"color: blue;\">https:\/\/www.gouvernement.fr\/info-coronavirus<\/span><\/a><\/span><\/p>\n<p class=\"MsoNormal\" style=\"color: #000000; font-family: 'Times New Roman'; font-size: medium; margin: 0px !important;\"><span style=\"font-size: 10pt; font-family: Verdana, sans-serif; color: #162a83;\"><a style=\"color: black;\" href=\"https:\/\/www.auswaertiges-amt.de\/de\/ReiseUndSicherheit\/covid-19\/2296762\" target=\"_blank\" rel=\"noopener noreferrer\"><span style=\"color: blue;\">https:\/\/www.auswaertiges-amt.de\/de\/ReiseUndSicherheit\/covid-19\/2296762<\/span><\/a><\/span><\/p>\n<p class=\"MsoNormal\" style=\"color: #000000; font-family: 'Times New Roman'; font-size: medium; margin: 0px !important;\"><span style=\"font-size: 10pt; font-family: Verdana, sans-serif; color: #162a83;\">\u00a0<\/span><\/p>\n<p class=\"MsoNormal\" style=\"color: #000000; font-family: 'Times New Roman'; font-size: medium; margin: 0px !important;\"><span style=\"font-size: 10pt; font-family: Verdana, sans-serif; color: #162a84;\">Nous ne connaissons que les \u00e9l\u00e8ves qui se sont inscrits sur la plateforme de demande de subvention pour le programme Brigitte Sauzay et les \u00e9l\u00e8ves en programme Voltaire \u2013 qui recevront ces m\u00eames consignes \u2013 mais nombreux sont ceux que vous pouvez identifier qui sont partis dans un autre cadre. C\u2019est la raison pour laquelle nous avons besoin de votre soutien en transmettant ce message \u00e0 vos r\u00e9seaux d\u2019\u00e9tablissements scolaires \/ aux chefs d\u2019\u00e9tablissement.<\/span><\/p>\n<p class=\"MsoNormal\" style=\"color: #000000; font-family: 'Times New Roman'; font-size: medium; margin: 0px !important;\"><span style=\"font-size: 10pt; font-family: Verdana, sans-serif; color: #162a84;\">\u00a0<\/span><\/p>\n<p class=\"MsoNormal\" style=\"color: #000000; font-family: 'Times New Roman'; font-size: medium; margin: 0px !important;\"><span style=\"font-size: 10pt; font-family: Verdana, sans-serif; color: #162a84;\">Nos \u00e9quipes restent mobilis\u00e9es en t\u00e9l\u00e9travail pour r\u00e9pondre \u00e0 vos questions \u2013 pour le programme Brigitte Sauzay vous pouvez vous adresser par mail \u00e0\u00a0<a style=\"color: black;\" title=\"Composer un message \u00e0 sauzay@ofaj.org\"><span style=\"color: #162a84;\">sauzay@ofaj.org<\/span><\/a>\u00a0pour le programme Voltaire \u00e0\u00a0<a style=\"color: black;\" title=\"Composer un message \u00e0 voltaire@centre-berlin.de\"><span style=\"color: #162a84;\">voltaire@centre-berlin.de<\/span><\/a>.<\/span><\/p>\n<p class=\"MsoNormal\" style=\"color: #000000; font-family: 'Times New Roman'; font-size: medium; margin: 0px !important;\"><span style=\"font-size: 10pt; font-family: Verdana, sans-serif; color: #162a84;\">\u00a0<\/span><\/p>\n<p class=\"MsoNormal\" style=\"color: #000000; font-family: 'Times New Roman'; font-size: medium; margin: 0px !important;\"><span style=\"font-size: 10pt; font-family: Verdana, sans-serif; color: #162a84;\">\u00a0<\/span><\/p>\n<p class=\"MsoNormal\" style=\"color: #000000; font-family: 'Times New Roman'; font-size: medium; margin: 0px !important;\"><span style=\"font-size: 10pt; font-family: Verdana, sans-serif; color: #162a84;\">Solidairement,<\/span><\/p>\n<p class=\"MsoNormal\" style=\"color: #000000; font-family: 'Times New Roman'; font-size: medium; margin: 0px !important;\"><span style=\"font-size: 10pt; font-family: Verdana, sans-serif; color: #162a84;\">\u00a0<\/span><\/p>\n<p class=\"MsoNormal\" style=\"color: #000000; font-family: 'Times New Roman'; font-size: medium; margin: 0px !important;\"><span style=\"font-size: 10pt; font-family: Verdana, sans-serif; color: #162a84;\">Anne Tallineau et Tobias B\u00fctow<\/span><\/p>\n<p class=\"MsoNormal\" style=\"color: #000000; font-family: 'Times New Roman'; font-size: medium; margin: 0px !important;\"><span style=\"font-size: 10pt; font-family: Verdana, sans-serif; color: #162a84;\">Secr\u00e9taires g\u00e9n\u00e9raux de l\u2019OFAJ<\/span><\/p>\n<p class=\"MsoNormal\" style=\"color: #000000; font-family: 'Times New Roman'; font-size: medium; margin: 0px !important;\"><span style=\"font-size: 10pt; font-family: Verdana, sans-serif; color: #162a83;\">\u00a0<\/span><\/p>\n<p><span style=\"text-decoration: underline;\"><strong>INFORMATIONS DU 10\/03 CONCERNANT LE REMBOURSEMENT DES ECHANGES<\/strong><\/span><\/p>\n<p class=\"MsoNormal\">Madame, Monsieur,<\/p>\n<p>\u00a0<\/p>\n<p class=\"MsoNormal\">\u00a0<\/p>\n<p>\u00a0<\/p>\n<p class=\"MsoNormal\"><a href=\"https:\/\/www.ofaj.org\/ressources\/coronavirus-faq.html\" target=\"_blank\" rel=\"noopener noreferrer\">Vous trouverez en suivant ce lien une FAQ qui fait le point sur les informations les plus importantes concernant les \u00e9changes financ\u00e9s par l\u2019OFAJ. \u00a0<\/a>Nous vous prions de bien vouloir la diffuser largement \u00e0 vos \u00e9tablissements. Nous esp\u00e9rons que cela permettra de r\u00e9pondre utilement \u00e0 un certain nombre de questions qui se posent et facilitera ainsi votre travail.<\/p>\n<p>\u00a0<\/p>\n<p class=\"MsoNormal\">Cette diffusion est importante car compte tenu de l\u2019exp\u00e9rience de ces derniers jours, nous devons apporter quelques pr\u00e9cisions.<\/p>\n<p>\u00a0<\/p>\n<p class=\"MsoNormal\">\u00a0<\/p>\n<p>\u00a0<\/p>\n<p class=\"MsoListParagraph\">&#8211;\u00a0\u00a0\u00a0\u00a0\u00a0 Si l\u2019\u00e9change est annul\u00e9 mais qu\u2019une subvention sera n\u00e9anmoins accord\u00e9e \u00e0 l\u2019\u00e9tablissement, il faut finaliser\/d\u00e9compter le dossier sur la plateforme en indiquant \u00ab\u00a01\u00a0\u00bb dans le nombre de participants (et non \u00ab\u00a00\u00a0\u00bb comme nous vous l\u2019avions initialement indiqu\u00e9, car cela engendre une erreur bloquante pour la finalisation de votre dossier). Les documents \u00e0 t\u00e9l\u00e9charger sur la plateforme pour finaliser le dossier devront \u00eatre\u00a0: la facture de l\u2019agence de voyage, une explication d\u2019annulation et de maintien des frais, assurance manquante ou couverture par un tiers &#8211; \u00e0 la place de la liste des participants et le formulaire de d\u00e9compte d\u2019utilisation. Le compte-rendu et le programme de la rencontre pourront \u00eatre des documents vides.<\/p>\n<p>\u00a0<\/p>\n<p class=\"MsoListParagraph\">&#8211;\u00a0\u00a0\u00a0\u00a0\u00a0 Si l\u2019\u00e9change est annul\u00e9 sans subvention accord\u00e9e \u00e0 l\u2019\u00e9tablissement (car aucun frais n\u2019a \u00e9t\u00e9 engag\u00e9), il ne faut pas supprimer ou annuler le dossier sur la plateforme car aucun motif pour l\u2019annulation ne peut \u00eatre indiqu\u00e9 et donc aucun suivi ne pourra \u00eatre fait.<\/p>\n<p>\u00a0<\/p>\n<p class=\"MsoListParagraph\">o\u00a0\u00a0\u00a0 Si la demande n\u2019avait pas encore \u00e9t\u00e9 valid\u00e9e et envoy\u00e9e par le rectorat \u00e0 l\u2019OFAJ depuis ONLINE, le rectorat doit valider la demande et l\u2019envoyer \u00e0 l\u2019OFAJ. Au moment du traitement du dossier, l\u2019OFAJ refuse le dossier et indique le motif \u00ab\u00a0coronavirus\u00a0\u00bb\u00a0<\/p>\n<p>\u00a0<\/p>\n<p class=\"MsoListParagraph\">o\u00a0\u00a0\u00a0 Si la demande avait \u00e9t\u00e9 engag\u00e9e par l\u2019OFAJ, le rectorat doit annuler le dossier dans ONLINE (menu \u00ab\u00a0Dossier &gt; Annulation &gt; Saisie\u00a0\u00bb) en indiquant le motif \u00ab\u00a0coronavirus\u00a0\u00bb puis valider l\u2019annulation dans le menu \u00ab\u00a0Dossier &gt; Annulation &gt; Validation centrale\u00a0\u00bb.<\/p>\n<p>\u00a0<\/p>\n<p class=\"MsoNormal\">\u00a0<\/p>\n<p>\u00a0<\/p>\n<p class=\"MsoNormal\">Tous les coll\u00e8gues de l\u2019OFAJ restent \u00e0 votre disposition en cas de question.<\/p>\n<p>\u00a0<\/p>\n<p class=\"MsoNormal\">\u00a0<\/p>\n<p>\u00a0<\/p>\n<p class=\"MsoNormal\"><span lang=\"DE\">Bien cordialement<\/span><\/p>\n<p>\u00a0<\/p>\n<p class=\"MsoNormal\"><span lang=\"DE\">\u00a0<\/span><\/p>\n<p>\u00a0<\/p>\n<table class=\"MsoNormalTable\" width=\"0\">\n<tbody>\n<tr>\n<td width=\"19%\">\n<p class=\"MsoNormal\"><img loading=\"lazy\" decoding=\"async\" id=\"Image_x0020_1\" class=\"\" src=\"https:\/\/esterel.ac-nice.fr\/iwc\/svc\/wmap\/attach\/image001.png?token=nsIHAXbUnR&amp;mbox=INBOX&amp;uid=13902&amp;number=4&amp;type=image&amp;subtype=png&amp;process=html%2Cjs%2Clink%2Ctarget%2Cbinhex\" alt=\"cid:image001.png@01CFC926.F3740180\" width=\"136\" height=\"87\" \/><\/p>\n<p class=\"MsoNormal\">\u00a0<\/p>\n<p class=\"MsoNormal\">\u00a0<\/p>\n<p class=\"MsoNormal\">\u00a0<\/p>\n<p class=\"MsoNormal\">\u00a0<\/p>\n<p class=\"MsoNormal\">\u00a0<\/p>\n<p class=\"MsoNormal\"><img loading=\"lazy\" decoding=\"async\" id=\"Image_x0020_2\" class=\"\" src=\"https:\/\/esterel.ac-nice.fr\/iwc\/svc\/wmap\/attach\/image002.png?token=nsIHAXbUnR&amp;mbox=INBOX&amp;uid=13902&amp;number=5&amp;type=image&amp;subtype=png&amp;process=html%2Cjs%2Clink%2Ctarget%2Cbinhex\" alt=\"cid:image010.png@01D585A5.8D174C30\" width=\"138\" height=\"69\" \/><\/p>\n<\/td>\n<td width=\"79%\">\n<p class=\"MsoNormal\">Karl Boudjema<\/p>\n<p> Finances, Ressources Humaines et Administration \/ Finanzen, Personal und Verwaltung<\/p>\n<p class=\"MsoNormal\">Chef de Bureau \/ Referatsleiter<\/p>\n<p class=\"MsoNormal\">+33 1 40 78 18 19<\/p>\n<p class=\"MsoNormal\"> 51 rue de l&rsquo;Amiral-Mouchez<\/p>\n<p class=\"MsoNormal\">75013 Paris<\/p>\n<\/td>\n<\/tr>\n<\/tbody>\n<\/table>\n","protected":false},"excerpt":{"rendered":"<p>Cliquer sur le lien ci-dessous pour acc\u00e9der \u00e0 la FAQ: https:\/\/www.ofaj.org\/media\/coronavirus-faq-fr.pdf<\/p><p><a class=\"more-link btn\" href=\"https:\/\/www.pedagogie.ac-nice.fr\/allemand\/information-de-l-ofaj-concernant-l-annulation-ou-le-report-des-voyages\/\">Lire la suite<\/a><\/p>\n","protected":false},"author":1,"featured_media":309,"comment_status":"closed","ping_status":"closed","sticky":false,"template":"","format":"standard","meta":{"ngg_post_thumbnail":0,"footnotes":""},"categories":[41],"tags":[],"class_list":["post-602","post","type-post","status-publish","format-standard","has-post-thumbnail","hentry","category-actualites","item-wrap"],"rttpg_featured_image_url":{"full":["https:\/\/www.pedagogie.ac-nice.fr\/allemand\/wp-content\/uploads\/sites\/42\/2014\/09\/OFAJ_DFJW_Logo_1000px_Web.jpg",992,641,false],"landscape":["https:\/\/www.pedagogie.ac-nice.fr\/allemand\/wp-content\/uploads\/sites\/42\/2014\/09\/OFAJ_DFJW_Logo_1000px_Web.jpg",992,641,false],"portraits":["https:\/\/www.pedagogie.ac-nice.fr\/allemand\/wp-content\/uploads\/sites\/42\/2014\/09\/OFAJ_DFJW_Logo_1000px_Web.jpg",992,641,false],"thumbnail":["https:\/\/www.pedagogie.ac-nice.fr\/allemand\/wp-content\/uploads\/sites\/42\/2014\/09\/OFAJ_DFJW_Logo_1000px_Web-150x150.jpg",150,150,true],"medium":["https:\/\/www.pedagogie.ac-nice.fr\/allemand\/wp-content\/uploads\/sites\/42\/2014\/09\/OFAJ_DFJW_Logo_1000px_Web-300x194.jpg",300,194,true],"large":["https:\/\/www.pedagogie.ac-nice.fr\/allemand\/wp-content\/uploads\/sites\/42\/2014\/09\/OFAJ_DFJW_Logo_1000px_Web.jpg",555,359,false],"1536x1536":["https:\/\/www.pedagogie.ac-nice.fr\/allemand\/wp-content\/uploads\/sites\/42\/2014\/09\/OFAJ_DFJW_Logo_1000px_Web.jpg",992,641,false],"2048x2048":["https:\/\/www.pedagogie.ac-nice.fr\/allemand\/wp-content\/uploads\/sites\/42\/2014\/09\/OFAJ_DFJW_Logo_1000px_Web.jpg",992,641,false],"graphene_slider":["https:\/\/www.pedagogie.ac-nice.fr\/allemand\/wp-content\/uploads\/sites\/42\/2014\/09\/OFAJ_DFJW_Logo_1000px_Web.jpg",555,359,false],"graphene_featured_image":["https:\/\/www.pedagogie.ac-nice.fr\/allemand\/wp-content\/uploads\/sites\/42\/2014\/09\/OFAJ_DFJW_Logo_1000px_Web.jpg",555,359,false],"post-thumbnail":["https:\/\/www.pedagogie.ac-nice.fr\/allemand\/wp-content\/uploads\/sites\/42\/2014\/09\/OFAJ_DFJW_Logo_1000px_Web.jpg",395,255,false],"advps-thumb-one":["https:\/\/www.pedagogie.ac-nice.fr\/allemand\/wp-content\/uploads\/sites\/42\/2014\/09\/OFAJ_DFJW_Logo_1000px_Web.jpg",340,220,false]},"rttpg_author":{"display_name":"norco","author_link":"https:\/\/www.pedagogie.ac-nice.fr\/allemand\/author\/norco\/"},"rttpg_comment":0,"rttpg_category":"<a href=\"https:\/\/www.pedagogie.ac-nice.fr\/allemand\/category\/actualites\/\" rel=\"category tag\">Actualit\u00e9s<\/a>","rttpg_excerpt":"Cliquer sur le lien ci-dessous pour acc\u00e9der \u00e0 la FAQ: https:\/\/www.ofaj.org\/media\/coronavirus-faq-fr.pdf","post_mailing_queue_ids":[],"_links":{"self":[{"href":"https:\/\/www.pedagogie.ac-nice.fr\/allemand\/wp-json\/wp\/v2\/posts\/602","targetHints":{"allow":["GET"]}}],"collection":[{"href":"https:\/\/www.pedagogie.ac-nice.fr\/allemand\/wp-json\/wp\/v2\/posts"}],"about":[{"href":"https:\/\/www.pedagogie.ac-nice.fr\/allemand\/wp-json\/wp\/v2\/types\/post"}],"author":[{"embeddable":true,"href":"https:\/\/www.pedagogie.ac-nice.fr\/allemand\/wp-json\/wp\/v2\/users\/1"}],"replies":[{"embeddable":true,"href":"https:\/\/www.pedagogie.ac-nice.fr\/allemand\/wp-json\/wp\/v2\/comments?post=602"}],"version-history":[{"count":0,"href":"https:\/\/www.pedagogie.ac-nice.fr\/allemand\/wp-json\/wp\/v2\/posts\/602\/revisions"}],"wp:featuredmedia":[{"embeddable":true,"href":"https:\/\/www.pedagogie.ac-nice.fr\/allemand\/wp-json\/wp\/v2\/media\/309"}],"wp:attachment":[{"href":"https:\/\/www.pedagogie.ac-nice.fr\/allemand\/wp-json\/wp\/v2\/media?parent=602"}],"wp:term":[{"taxonomy":"category","embeddable":true,"href":"https:\/\/www.pedagogie.ac-nice.fr\/allemand\/wp-json\/wp\/v2\/categories?post=602"},{"taxonomy":"post_tag","embeddable":true,"href":"https:\/\/www.pedagogie.ac-nice.fr\/allemand\/wp-json\/wp\/v2\/tags?post=602"}],"curies":[{"name":"wp","href":"https:\/\/api.w.org\/{rel}","templated":true}]}}