{"id":974,"date":"2021-04-17T09:14:50","date_gmt":"2021-04-17T07:14:50","guid":{"rendered":"https:\/\/www.pedagogie.ac-nice.fr\/allemand\/?p=974"},"modified":"2021-04-17T09:19:13","modified_gmt":"2021-04-17T07:19:13","slug":"candidatures-abibac","status":"publish","type":"post","link":"https:\/\/www.pedagogie.ac-nice.fr\/allemand\/candidatures-abibac\/","title":{"rendered":"Candidatures AbiBAC 2021"},"content":{"rendered":"<p><img loading=\"lazy\" decoding=\"async\" class=\" wp-image-975 aligncenter\" src=\"https:\/\/www.pedagogie.ac-nice.fr\/allemand\/wp-content\/uploads\/sites\/42\/2021\/04\/telechargement-3-300x134.jpg\" alt=\"\" width=\"387\" height=\"181\"><\/p>\n<p><!--more--><\/p>\n<p>Pour rappel, la date limite de d\u00e9p\u00f4t de dossier est fix\u00e9e au <strong>11 mai 2021.<\/strong><\/p>\n<p>Retrouvez ci-dessous la plaquette de pr\u00e9sentation ainsi que le dossier de candidature:<\/p>\n<a href=\"https:\/\/www.pedagogie.ac-nice.fr\/allemand\/wp-content\/uploads\/sites\/42\/2021\/04\/PRESENTATION-SECTION-ABIBAC-LYCEE-CALMETTE-NICE-2021.pdf\" class=\"pdfemb-viewer\" style=\"\" data-width=\"max\" data-height=\"max\" data-toolbar=\"bottom\" data-toolbar-fixed=\"off\">PRESENTATION SECTION ABIBAC LYCEE CALMETTE NICE 2021<\/a>\n<a href=\"https:\/\/www.pedagogie.ac-nice.fr\/allemand\/wp-content\/uploads\/sites\/42\/2021\/04\/FICHE-candidature-ABIBAC-2021.pdf\" class=\"pdfemb-viewer\" style=\"\" data-width=\"max\" data-height=\"max\" data-toolbar=\"bottom\" data-toolbar-fixed=\"off\">FICHE candidature ABIBAC 2021<\/a>\n<p>&nbsp;<\/p>\n<p>Pour t\u00e9l\u00e9charger les documents:<\/p>\n<ul>\n<li><a href=\"https:\/\/www.pedagogie.ac-nice.fr\/allemand\/wp-content\/uploads\/sites\/42\/2021\/04\/PRESENTATION-SECTION-ABIBAC-LYCEE-CALMETTE-NICE-2021.pdf\" target=\"_blank\" rel=\"noopener\">Plaquette de pr\u00e9sentation<\/a><\/li>\n<li><a href=\"https:\/\/www.pedagogie.ac-nice.fr\/allemand\/wp-content\/uploads\/sites\/42\/2021\/04\/FICHE-candidature-ABIBAC-2021.pdf\" target=\"_blank\" rel=\"noopener\">Dossier d&rsquo;inscription<\/a><\/li>\n<\/ul>\n","protected":false},"excerpt":{"rendered":"","protected":false},"author":252,"featured_media":0,"comment_status":"closed","ping_status":"closed","sticky":false,"template":"","format":"standard","meta":{"ngg_post_thumbnail":0,"footnotes":""},"categories":[41,14],"tags":[],"class_list":["post-974","post","type-post","status-publish","format-standard","hentry","category-actualites","category-sections-internationales-et-abi-bac","item-wrap"],"rttpg_featured_image_url":null,"rttpg_author":{"display_name":"joelleduponthennig","author_link":"https:\/\/www.pedagogie.ac-nice.fr\/allemand\/author\/joelleduponthennig\/"},"rttpg_comment":0,"rttpg_category":"<a href=\"https:\/\/www.pedagogie.ac-nice.fr\/allemand\/category\/actualites\/\" rel=\"category tag\">Actualit\u00e9s<\/a> <a href=\"https:\/\/www.pedagogie.ac-nice.fr\/allemand\/category\/programmedechanges\/sections-internationales-et-abi-bac\/\" rel=\"category tag\">Sections internationales et Abi-Bac<\/a>","rttpg_excerpt":null,"post_mailing_queue_ids":[],"_links":{"self":[{"href":"https:\/\/www.pedagogie.ac-nice.fr\/allemand\/wp-json\/wp\/v2\/posts\/974","targetHints":{"allow":["GET"]}}],"collection":[{"href":"https:\/\/www.pedagogie.ac-nice.fr\/allemand\/wp-json\/wp\/v2\/posts"}],"about":[{"href":"https:\/\/www.pedagogie.ac-nice.fr\/allemand\/wp-json\/wp\/v2\/types\/post"}],"author":[{"embeddable":true,"href":"https:\/\/www.pedagogie.ac-nice.fr\/allemand\/wp-json\/wp\/v2\/users\/252"}],"replies":[{"embeddable":true,"href":"https:\/\/www.pedagogie.ac-nice.fr\/allemand\/wp-json\/wp\/v2\/comments?post=974"}],"version-history":[{"count":4,"href":"https:\/\/www.pedagogie.ac-nice.fr\/allemand\/wp-json\/wp\/v2\/posts\/974\/revisions"}],"predecessor-version":[{"id":981,"href":"https:\/\/www.pedagogie.ac-nice.fr\/allemand\/wp-json\/wp\/v2\/posts\/974\/revisions\/981"}],"wp:attachment":[{"href":"https:\/\/www.pedagogie.ac-nice.fr\/allemand\/wp-json\/wp\/v2\/media?parent=974"}],"wp:term":[{"taxonomy":"category","embeddable":true,"href":"https:\/\/www.pedagogie.ac-nice.fr\/allemand\/wp-json\/wp\/v2\/categories?post=974"},{"taxonomy":"post_tag","embeddable":true,"href":"https:\/\/www.pedagogie.ac-nice.fr\/allemand\/wp-json\/wp\/v2\/tags?post=974"}],"curies":[{"name":"wp","href":"https:\/\/api.w.org\/{rel}","templated":true}]}}