{"id":984,"date":"2021-04-17T09:44:12","date_gmt":"2021-04-17T07:44:12","guid":{"rendered":"https:\/\/www.pedagogie.ac-nice.fr\/allemand\/?p=984"},"modified":"2021-06-06T08:51:56","modified_gmt":"2021-06-06T06:51:56","slug":"projets-et-actions-dans-lacademie-de-nice","status":"publish","type":"post","link":"https:\/\/www.pedagogie.ac-nice.fr\/allemand\/projets-et-actions-dans-lacademie-de-nice\/","title":{"rendered":"Projets et actions dans l&rsquo;Acad\u00e9mie de Nice"},"content":{"rendered":"<p><img loading=\"lazy\" decoding=\"async\" class=\" wp-image-985 aligncenter\" src=\"https:\/\/www.pedagogie.ac-nice.fr\/allemand\/wp-content\/uploads\/sites\/42\/2021\/04\/retro20202021-300x156.jpg\" alt=\"\" width=\"371\" height=\"199\"><\/p>\n<p><!--more--><\/p>\n<p style=\"text-align: left;\">&nbsp; &nbsp; &nbsp; &nbsp; &nbsp; &nbsp; &nbsp; &nbsp; &nbsp; &nbsp; &nbsp; &nbsp; &nbsp; &nbsp; &nbsp; &nbsp; &nbsp; &nbsp; &nbsp; Participation au Concours BD de l&rsquo;ONAVCG<strong>&nbsp; &nbsp; &nbsp; &nbsp; &nbsp; &nbsp; &nbsp; &nbsp; &nbsp; &nbsp; &nbsp; &nbsp; &nbsp; &nbsp; &nbsp; &nbsp; &nbsp;\u00ab\u00a0Bulles de M\u00e9moire, les grands conflits du 20\u00e8me si\u00e8cle racont\u00e9s en bandes dessin\u00e9es\u00a0\u00bb<\/strong>&nbsp; &nbsp; &nbsp; &nbsp; &nbsp; &nbsp; &nbsp; &nbsp; &nbsp; &nbsp; &nbsp; &nbsp; &nbsp; &nbsp; &nbsp; &nbsp; &nbsp; &nbsp; &nbsp; &nbsp; &nbsp; &nbsp; &nbsp; &nbsp; &nbsp; &nbsp; &nbsp; &nbsp; &nbsp; &nbsp; &nbsp; &nbsp; &nbsp; &nbsp; &nbsp; &nbsp; &nbsp; &nbsp; &nbsp; &nbsp; &nbsp; &nbsp; &nbsp; &nbsp; &nbsp; &nbsp; &nbsp; &nbsp; &nbsp; &nbsp; &nbsp; &nbsp; &nbsp; &nbsp; &nbsp; &nbsp; &nbsp; &nbsp;Edition 2020-2021:<strong>&nbsp;\u00ab\u00a0Femmes d&rsquo;engagement, engagements de femmes\u00a0\u00bb<\/strong>:&nbsp; &nbsp; &nbsp; &nbsp; &nbsp; &nbsp; &nbsp; &nbsp; &nbsp; &nbsp;<span style=\"font-size: 10px;\">2\u00e8me prix remport\u00e9 par les \u00e9l\u00e8ves germanistes <strong>de 1\u00e8re du Lyc\u00e9e Beaussier de la Seyne-sur-Mer (Guyl\u00e8ne Noaille) avec \u00ab\u00a0Sophie Scholl, le destin tragique d&rsquo;une jeune allemande\u00a0\u00bb<\/strong> et 3\u00e8me remport\u00e9 par les <strong>\u00e9l\u00e8ves germanistes de 2nde du Lyc\u00e9e du Coudon de La Garde (Pauline Simon-Fiard) avec \u00ab\u00a0Marlene Dietrich\u00a0\u00bb<\/strong><\/span><\/p>\n<a href=\"https:\/\/www.pedagogie.ac-nice.fr\/allemand\/wp-content\/uploads\/sites\/42\/2021\/04\/Laureats-Concours-BD-Bulles-de-Memoire.pdf\" class=\"pdfemb-viewer\" style=\"\" data-width=\"max\" data-height=\"max\" data-toolbar=\"bottom\" data-toolbar-fixed=\"off\">Laureats Concours BD Bulles de Memoire<\/a>\n<p>T\u00e9l\u00e9chargez ici le pdf: <a href=\"https:\/\/www.pedagogie.ac-nice.fr\/allemand\/wp-content\/uploads\/sites\/42\/2021\/04\/Laureats-Concours-BD-Bulles-de-Memoire.pdf\" target=\"_blank\" rel=\"noopener\">LaureatsConcoursBD<\/a><\/p>\n<p>&nbsp;<\/p>\n<p><a href=\"https:\/\/www.pressreader.com\/france\/var-matin-frejus-saint-raphael\/20210312\/281767041974835\" target=\"_blank\" rel=\"noopener\"><img loading=\"lazy\" decoding=\"async\" class=\"wp-image-990 aligncenter\" src=\"https:\/\/www.pedagogie.ac-nice.fr\/allemand\/wp-content\/uploads\/sites\/42\/2021\/04\/210311-dra-p11-lycee-allemand-300x197.jpg\" alt=\"\" width=\"332\" height=\"221\"><\/a><\/p>\n<p><a href=\"https:\/\/view.genial.ly\/600fd3ba26279b0cfe3162cd\/presentation-projetmaforetetmoi\" target=\"_blank\" rel=\"noopener\"><img loading=\"lazy\" decoding=\"async\" class=\" wp-image-943 aligncenter\" src=\"https:\/\/www.pedagogie.ac-nice.fr\/allemand\/wp-content\/uploads\/sites\/42\/2021\/03\/triberg21-300x166.jpg\" alt=\"\" width=\"330\" height=\"186\"><\/a><\/p>\n","protected":false},"excerpt":{"rendered":"","protected":false},"author":252,"featured_media":0,"comment_status":"closed","ping_status":"closed","sticky":false,"template":"","format":"standard","meta":{"ngg_post_thumbnail":0,"footnotes":""},"categories":[41],"tags":[],"class_list":["post-984","post","type-post","status-publish","format-standard","hentry","category-actualites","item-wrap"],"rttpg_featured_image_url":null,"rttpg_author":{"display_name":"joelleduponthennig","author_link":"https:\/\/www.pedagogie.ac-nice.fr\/allemand\/author\/joelleduponthennig\/"},"rttpg_comment":0,"rttpg_category":"<a href=\"https:\/\/www.pedagogie.ac-nice.fr\/allemand\/category\/actualites\/\" rel=\"category tag\">Actualit\u00e9s<\/a>","rttpg_excerpt":null,"post_mailing_queue_ids":[],"_links":{"self":[{"href":"https:\/\/www.pedagogie.ac-nice.fr\/allemand\/wp-json\/wp\/v2\/posts\/984","targetHints":{"allow":["GET"]}}],"collection":[{"href":"https:\/\/www.pedagogie.ac-nice.fr\/allemand\/wp-json\/wp\/v2\/posts"}],"about":[{"href":"https:\/\/www.pedagogie.ac-nice.fr\/allemand\/wp-json\/wp\/v2\/types\/post"}],"author":[{"embeddable":true,"href":"https:\/\/www.pedagogie.ac-nice.fr\/allemand\/wp-json\/wp\/v2\/users\/252"}],"replies":[{"embeddable":true,"href":"https:\/\/www.pedagogie.ac-nice.fr\/allemand\/wp-json\/wp\/v2\/comments?post=984"}],"version-history":[{"count":10,"href":"https:\/\/www.pedagogie.ac-nice.fr\/allemand\/wp-json\/wp\/v2\/posts\/984\/revisions"}],"predecessor-version":[{"id":1009,"href":"https:\/\/www.pedagogie.ac-nice.fr\/allemand\/wp-json\/wp\/v2\/posts\/984\/revisions\/1009"}],"wp:attachment":[{"href":"https:\/\/www.pedagogie.ac-nice.fr\/allemand\/wp-json\/wp\/v2\/media?parent=984"}],"wp:term":[{"taxonomy":"category","embeddable":true,"href":"https:\/\/www.pedagogie.ac-nice.fr\/allemand\/wp-json\/wp\/v2\/categories?post=984"},{"taxonomy":"post_tag","embeddable":true,"href":"https:\/\/www.pedagogie.ac-nice.fr\/allemand\/wp-json\/wp\/v2\/tags?post=984"}],"curies":[{"name":"wp","href":"https:\/\/api.w.org\/{rel}","templated":true}]}}