{"id":904,"date":"2020-06-29T07:34:02","date_gmt":"2020-06-29T05:34:02","guid":{"rendered":"https:\/\/www.pedagogie.ac-nice.fr\/anglais\/2020\/06\/29\/semaine-des-langues-au-college-jules-ferry-et-a-l-ecole-jules-michelet-de-hyeres-2\/"},"modified":"2020-10-04T21:54:42","modified_gmt":"2020-10-04T19:54:42","slug":"semaine-des-langues-au-college-jules-ferry-et-a-l-ecole-jules-michelet-de-hyeres-2","status":"publish","type":"post","link":"https:\/\/www.pedagogie.ac-nice.fr\/anglais\/semaine-des-langues-au-college-jules-ferry-et-a-l-ecole-jules-michelet-de-hyeres-2\/","title":{"rendered":"Semaine des langues au coll\u00e8ge Jules  Ferry et \u00e0 l&rsquo;\u00e9cole Jules Michelet de Hy\u00e8res"},"content":{"rendered":"<p><img loading=\"lazy\" decoding=\"async\" class=\" size-full wp-image-901\" src=\"https:\/\/www.pedagogie.ac-nice.fr\/anglais\/wp-content\/uploads\/sites\/41\/2020\/06\/logo_semaine_langue.png\" alt=\"logo semaine langue.png\" width=\"163\" height=\"85\" \/><\/p>\n<p><strong><span style=\"color: #ff0000;\">Pour \u00a0la cinqui\u00e8me \u00e9dition de la Semaine des Langues, dans un contexte de confinement, \u00a0le Coll\u00e8ge Jules Ferry et une classe de CM1\/CM2 de l\u2019\u00e9cole Jules de Hy\u00e8res ont f\u00eat\u00e9 cette ann\u00e9e cet \u00e9v\u00e9nement virtuellement.<\/span><\/strong><\/p>\n<p>Dans le cadre de\u00a0<strong>l&rsquo;Education au D\u00e9veloppement Durable, le coll\u00e8ge Jules Ferry, engag\u00e9 dans une d\u00e9marche\u00a0<\/strong>\u00a0\u00ab\u00a0E3D\u00a0\u00bb\u00a0 et\u00a0 deux classes de cycle 3 des \u00a0\u00e9coles Jules Michelet et Anatole France de Hy\u00e8res ont men\u00e9 un projet pluridisciplinaire\u00a0 sur le th\u00e8me de l\u2019 environnement.<\/p>\n<p>Notre projet devait trouver deux moments\u00a0 forts de rencontre et de partage,\u00a0 l\u2019une en mars pour la plantation de 70 plants d&rsquo;arbres de diverses esp\u00e8ces\u00a0 offerts dans le cadre du programme l&rsquo;Arbre \u00e0 l&rsquo;Ecole et l&rsquo;Office National des For\u00eats\u00a0 et une autre le 5 mai au coll\u00e8ge.<\/p>\n<p>Lors de cette demi-journ\u00e9e de rencontre, les \u00e9l\u00e8ves devaient \u00a0dans un 1<sup>er<\/sup>\u00a0temps jouer quelques\u00a0 sayn\u00e8tes \u00a0pour\u00a0 sensibiliser \u00e0 la protection de la plan\u00e8te, r\u00e9citer des po\u00e8mes en diff\u00e9rentes langues appris et d\u00e9j\u00e0 r\u00e9cit\u00e9s en interne pour la Journ\u00e9e mondiale de la Po\u00e9sie\u00a0 du 21 mars.<\/p>\n<p>Nous devions conclure ces retrouvailles en chantant\u00a0 \u00ab\u00a0Sing for the climate\u00a0\u00bb dont le lien se trouve\u00a0<a href=\"https:\/\/www.youtube.com\/watch?v=dxVcUsUa5Ns\" target=\"_blank\" rel=\"noopener noreferrer\">ici<\/a>.<\/p>\n<p>Le confinement soudain et brutal a modifi\u00e9, sans toutefois interrompre, notre projet. Nous avons poursuivi la mise en commun de t\u00e2ches inh\u00e9rentes \u00e0 celui-ci\u00a0, la cr\u00e9ation de nichoirs, la lecture de po\u00e8mes et nous avons d\u00e9cid\u00e9 d\u2019y ajouter une action de soutien et d\u2019espoir contre la lutte du Covid-19, action men\u00e9e par beaucoup d\u2019enfants du monde entier, ces messages en anglais, allemand, espagnol , italien et grec furent illustr\u00e9s par des arc-en ciel.<\/p>\n<p>Notre rencontre virtuelle se concr\u00e9tise par une jolie exposition et les productions ont \u00e9t\u00e9 mutualis\u00e9es par le biais du projet eTwinning \u00a0<span style=\"color: #00ccff;\">#EVERYTHINGWILLBEFINE<\/span>\u00a0qui regroupe 16 pays\u00a0 l\u2019Albanie , la G\u00e9orgie, l\u2019Allemagne, la Gr\u00e8ce, l\u2019Italie, la Jordanie, la Lituanie, la Norv\u00e8ge, la Pologne, le Portugal, la Roumanie, la Slovaquie, l\u2019Espagne, la Turquie, le Royaume-Uni et la France. La page Twinspace du projet est consultable\u00a0<a href=\"https:\/\/twinspace.etwinning.net\/112689\/home\" target=\"_blank\" rel=\"noopener noreferrer\">ici<\/a>.\u00a0<a href=\"https:\/\/twinspace.etwinning.net\/112689\/home\"><br \/>\n<\/a><\/p>\n<p><img loading=\"lazy\" decoding=\"async\" class=\" size-full wp-image-902\" style=\"display: block; margin-left: auto; margin-right: auto;\" src=\"https:\/\/www.pedagogie.ac-nice.fr\/anglais\/wp-content\/uploads\/sites\/41\/2020\/06\/Capture_decran_2020-06-29_a_09.16.43.png\" alt=\"Capture d\u2019e\u0301cran 2020-06-29 a\u0300 09.16.43.png\" width=\"442\" height=\"290\" srcset=\"https:\/\/www.pedagogie.ac-nice.fr\/anglais\/wp-content\/uploads\/sites\/41\/2020\/06\/Capture_decran_2020-06-29_a_09.16.43.png 965w, https:\/\/www.pedagogie.ac-nice.fr\/anglais\/wp-content\/uploads\/sites\/41\/2020\/06\/Capture_decran_2020-06-29_a_09.16.43-300x197.png 300w, https:\/\/www.pedagogie.ac-nice.fr\/anglais\/wp-content\/uploads\/sites\/41\/2020\/06\/Capture_decran_2020-06-29_a_09.16.43-768x504.png 768w\" sizes=\"auto, (max-width: 442px) 100vw, 442px\" \/><\/p>\n<p>L\u2019exposition virtuelle r\u00e9alis\u00e9e est visible sur le site\u00a0\u00a0<a href=\"https:\/\/www.artsteps.com\">https:\/\/www.artsteps.com<\/a>\u00a0 sous le titre\u00a0<strong>\u00ab\u00a0Affiches de solidarit\u00e9 pendant le confinement\u00a0\u00bb<\/strong>\u00a0 ou en suivant ce lien\u00a0<a href=\"https:\/\/www.artsteps.com\/view\/5eca6eb1a897c61f8394c162\">https:\/\/www.artsteps.com\/view\/5eca6eb1a897c61f8394c162<\/a>\u00a0, en cliquant sur les images vous entendrez des \u00e9l\u00e8ves r\u00e9cit\u00e9s un po\u00e8me.<\/p>\n<p>Mme Gabrielle DESHAYES &#8211; Professeure d&rsquo;anglais au coll\u00e8ge Jules Ferry de Hy\u00e8res<\/p>\n","protected":false},"excerpt":{"rendered":"<p>Pour \u00a0la cinqui\u00e8me \u00e9dition de la Semaine des Langues, dans un contexte de confinement, \u00a0le Coll\u00e8ge Jules Ferry et une classe de CM1\/CM2 de l\u2019\u00e9cole Jules de Hy\u00e8res ont f\u00eat\u00e9 cette ann\u00e9e cet \u00e9v\u00e9nement virtuellement. Dans le cadre de\u00a0l&rsquo;Education au D\u00e9veloppement Durable, le coll\u00e8ge Jules Ferry, engag\u00e9 dans une d\u00e9marche\u00a0\u00a0\u00ab\u00a0E3D\u00a0\u00bb\u00a0 et\u00a0 deux classes de cycle &hellip; <\/p>\n<p><a class=\"more-link btn\" href=\"https:\/\/www.pedagogie.ac-nice.fr\/anglais\/semaine-des-langues-au-college-jules-ferry-et-a-l-ecole-jules-michelet-de-hyeres-2\/\">Lire la suite<\/a><\/p>\n","protected":false},"author":1,"featured_media":901,"comment_status":"closed","ping_status":"closed","sticky":false,"template":"","format":"standard","meta":{"ngg_post_thumbnail":0,"footnotes":""},"categories":[129],"tags":[],"class_list":["post-904","post","type-post","status-publish","format-standard","has-post-thumbnail","hentry","category-college","item-wrap"],"rttpg_featured_image_url":{"full":["https:\/\/www.pedagogie.ac-nice.fr\/anglais\/wp-content\/uploads\/sites\/41\/2020\/06\/logo_semaine_langue.png",163,85,false],"landscape":["https:\/\/www.pedagogie.ac-nice.fr\/anglais\/wp-content\/uploads\/sites\/41\/2020\/06\/logo_semaine_langue.png",163,85,false],"portraits":["https:\/\/www.pedagogie.ac-nice.fr\/anglais\/wp-content\/uploads\/sites\/41\/2020\/06\/logo_semaine_langue.png",163,85,false],"thumbnail":["https:\/\/www.pedagogie.ac-nice.fr\/anglais\/wp-content\/uploads\/sites\/41\/2020\/06\/logo_semaine_langue-150x85.png",150,85,true],"medium":["https:\/\/www.pedagogie.ac-nice.fr\/anglais\/wp-content\/uploads\/sites\/41\/2020\/06\/logo_semaine_langue.png",163,85,false],"large":["https:\/\/www.pedagogie.ac-nice.fr\/anglais\/wp-content\/uploads\/sites\/41\/2020\/06\/logo_semaine_langue.png",163,85,false],"1536x1536":["https:\/\/www.pedagogie.ac-nice.fr\/anglais\/wp-content\/uploads\/sites\/41\/2020\/06\/logo_semaine_langue.png",163,85,false],"2048x2048":["https:\/\/www.pedagogie.ac-nice.fr\/anglais\/wp-content\/uploads\/sites\/41\/2020\/06\/logo_semaine_langue.png",163,85,false],"graphene_slider":["https:\/\/www.pedagogie.ac-nice.fr\/anglais\/wp-content\/uploads\/sites\/41\/2020\/06\/logo_semaine_langue.png",163,85,false],"graphene_featured_image":["https:\/\/www.pedagogie.ac-nice.fr\/anglais\/wp-content\/uploads\/sites\/41\/2020\/06\/logo_semaine_langue.png",163,85,false],"post-thumbnail":["https:\/\/www.pedagogie.ac-nice.fr\/anglais\/wp-content\/uploads\/sites\/41\/2020\/06\/logo_semaine_langue.png",163,85,false],"advps-thumb-one":["https:\/\/www.pedagogie.ac-nice.fr\/anglais\/wp-content\/uploads\/sites\/41\/2020\/06\/logo_semaine_langue.png",163,85,false]},"rttpg_author":{"display_name":"norco","author_link":"https:\/\/www.pedagogie.ac-nice.fr\/anglais\/author\/norco\/"},"rttpg_comment":0,"rttpg_category":"<a href=\"https:\/\/www.pedagogie.ac-nice.fr\/anglais\/category\/college\/\" rel=\"category tag\">Coll\u00e8ge<\/a>","rttpg_excerpt":"Pour \u00a0la cinqui\u00e8me \u00e9dition de la Semaine des Langues, dans un contexte de confinement, \u00a0le Coll\u00e8ge Jules Ferry et une classe de CM1\/CM2 de l\u2019\u00e9cole Jules de Hy\u00e8res ont f\u00eat\u00e9 cette ann\u00e9e cet \u00e9v\u00e9nement virtuellement. Dans le cadre de\u00a0l&rsquo;Education au D\u00e9veloppement Durable, le coll\u00e8ge Jules Ferry, engag\u00e9 dans une d\u00e9marche\u00a0\u00a0\u00ab\u00a0E3D\u00a0\u00bb\u00a0 et\u00a0 deux classes de cycle\u2026","post_mailing_queue_ids":[],"_links":{"self":[{"href":"https:\/\/www.pedagogie.ac-nice.fr\/anglais\/wp-json\/wp\/v2\/posts\/904","targetHints":{"allow":["GET"]}}],"collection":[{"href":"https:\/\/www.pedagogie.ac-nice.fr\/anglais\/wp-json\/wp\/v2\/posts"}],"about":[{"href":"https:\/\/www.pedagogie.ac-nice.fr\/anglais\/wp-json\/wp\/v2\/types\/post"}],"author":[{"embeddable":true,"href":"https:\/\/www.pedagogie.ac-nice.fr\/anglais\/wp-json\/wp\/v2\/users\/1"}],"replies":[{"embeddable":true,"href":"https:\/\/www.pedagogie.ac-nice.fr\/anglais\/wp-json\/wp\/v2\/comments?post=904"}],"version-history":[{"count":1,"href":"https:\/\/www.pedagogie.ac-nice.fr\/anglais\/wp-json\/wp\/v2\/posts\/904\/revisions"}],"predecessor-version":[{"id":1322,"href":"https:\/\/www.pedagogie.ac-nice.fr\/anglais\/wp-json\/wp\/v2\/posts\/904\/revisions\/1322"}],"wp:featuredmedia":[{"embeddable":true,"href":"https:\/\/www.pedagogie.ac-nice.fr\/anglais\/wp-json\/wp\/v2\/media\/901"}],"wp:attachment":[{"href":"https:\/\/www.pedagogie.ac-nice.fr\/anglais\/wp-json\/wp\/v2\/media?parent=904"}],"wp:term":[{"taxonomy":"category","embeddable":true,"href":"https:\/\/www.pedagogie.ac-nice.fr\/anglais\/wp-json\/wp\/v2\/categories?post=904"},{"taxonomy":"post_tag","embeddable":true,"href":"https:\/\/www.pedagogie.ac-nice.fr\/anglais\/wp-json\/wp\/v2\/tags?post=904"}],"curies":[{"name":"wp","href":"https:\/\/api.w.org\/{rel}","templated":true}]}}