{"id":72,"date":"2020-01-20T12:20:38","date_gmt":"2020-01-20T11:20:38","guid":{"rendered":"https:\/\/www.pedagogie.ac-nice.fr\/arts\/?p=72"},"modified":"2020-01-20T12:20:38","modified_gmt":"2020-01-20T11:20:38","slug":"rapport-de-jury-du-capes-externe-darts-plastiques-session-2019","status":"publish","type":"post","link":"https:\/\/www.pedagogie.ac-nice.fr\/arts\/rapport-de-jury-du-capes-externe-darts-plastiques-session-2019\/","title":{"rendered":"Rapport de jury du CAPES externe d&rsquo;arts plastiques &#8211; session 2019"},"content":{"rendered":"<p class=\"image_news\"><img loading=\"lazy\" decoding=\"async\" src=\"https:\/\/eduscol.education.fr\/uploads\/pics\/2017_MEN_logo_vertic_-_tres_petit_35.jpg\" alt=\"\" width=\"118\" height=\"154\" \/><\/p>\n<p>Le minist\u00e8re met \u00e0 disposition les sujets des \u00e9preuves \u00e9crites et les rapports des jurys de la session 2019.\u2028\u2028 Les sujets des \u00e9preuves d&rsquo;admissibilit\u00e9 des concours externe et interne du CAPES sont mis en ligne quelques jours apr\u00e8s les \u00e9preuves.<\/p>\n<p>Les rapports des jurys, \u00e9tablis sous la responsabilit\u00e9 des pr\u00e9sidents de jury, commentent les sujets de la session et guident les futurs candidats sur les attentes des jurys. Leur publication s&rsquo;\u00e9chelonne de septembre \u00e0 d\u00e9cembre. Certains jurys n&rsquo;\u00e9tablissent pas de rapport.<\/p>\n<p><a class=\"external-link-new-window\" title=\"rapport de jury du caps externe d'arts plastiques session 2019 - Nouvelle fen\u00eatre\" href=\"http:\/\/media.devenirenseignant.gouv.fr\/file\/externe\/97\/1\/RJ-2019-CAPES-EXTERNE-ARTS-PLASTIQUES_1198971.pdf\" target=\"_blank\" rel=\"noopener noreferrer\">Consulter le rapport de jury du CAPES externe de la session 2019<\/a> (.pdf, environ 1,8 Mo)<\/p>\n","protected":false},"excerpt":{"rendered":"<p>Le minist\u00e8re met \u00e0 disposition les sujets des \u00e9preuves \u00e9crites et les rapports des jurys de la session 2019.\u2028\u2028 Les sujets des \u00e9preuves d&rsquo;admissibilit\u00e9 des concours externe et interne du CAPES sont mis en ligne quelques jours apr\u00e8s les \u00e9preuves. Les rapports des jurys, \u00e9tablis sous la responsabilit\u00e9 des pr\u00e9sidents de jury, commentent les sujets [&hellip;]<\/p>\n","protected":false},"author":214,"featured_media":0,"comment_status":"closed","ping_status":"closed","sticky":false,"template":"","format":"standard","meta":{"_et_pb_use_builder":"","_et_pb_old_content":"","_et_gb_content_width":"","ngg_post_thumbnail":0,"footnotes":""},"categories":[1],"tags":[],"class_list":["post-72","post","type-post","status-publish","format-standard","hentry","category-non-classe","et-doesnt-have-format-content","et_post_format-et-post-format-standard"],"rttpg_featured_image_url":null,"rttpg_author":{"display_name":"adminarts","author_link":"https:\/\/www.pedagogie.ac-nice.fr\/arts\/author\/adminarts\/"},"rttpg_comment":0,"rttpg_category":"<a href=\"https:\/\/www.pedagogie.ac-nice.fr\/arts\/category\/non-classe\/\" rel=\"category tag\">Non class\u00e9<\/a>","rttpg_excerpt":"Le minist\u00e8re met \u00e0 disposition les sujets des \u00e9preuves \u00e9crites et les rapports des jurys de la session 2019.\u2028\u2028 Les sujets des \u00e9preuves d&rsquo;admissibilit\u00e9 des concours externe et interne du CAPES sont mis en ligne quelques jours apr\u00e8s les \u00e9preuves. Les rapports des jurys, \u00e9tablis sous la responsabilit\u00e9 des pr\u00e9sidents de jury, commentent les sujets\u2026","post_mailing_queue_ids":[],"_links":{"self":[{"href":"https:\/\/www.pedagogie.ac-nice.fr\/arts\/wp-json\/wp\/v2\/posts\/72","targetHints":{"allow":["GET"]}}],"collection":[{"href":"https:\/\/www.pedagogie.ac-nice.fr\/arts\/wp-json\/wp\/v2\/posts"}],"about":[{"href":"https:\/\/www.pedagogie.ac-nice.fr\/arts\/wp-json\/wp\/v2\/types\/post"}],"author":[{"embeddable":true,"href":"https:\/\/www.pedagogie.ac-nice.fr\/arts\/wp-json\/wp\/v2\/users\/214"}],"replies":[{"embeddable":true,"href":"https:\/\/www.pedagogie.ac-nice.fr\/arts\/wp-json\/wp\/v2\/comments?post=72"}],"version-history":[{"count":1,"href":"https:\/\/www.pedagogie.ac-nice.fr\/arts\/wp-json\/wp\/v2\/posts\/72\/revisions"}],"predecessor-version":[{"id":73,"href":"https:\/\/www.pedagogie.ac-nice.fr\/arts\/wp-json\/wp\/v2\/posts\/72\/revisions\/73"}],"wp:attachment":[{"href":"https:\/\/www.pedagogie.ac-nice.fr\/arts\/wp-json\/wp\/v2\/media?parent=72"}],"wp:term":[{"taxonomy":"category","embeddable":true,"href":"https:\/\/www.pedagogie.ac-nice.fr\/arts\/wp-json\/wp\/v2\/categories?post=72"},{"taxonomy":"post_tag","embeddable":true,"href":"https:\/\/www.pedagogie.ac-nice.fr\/arts\/wp-json\/wp\/v2\/tags?post=72"}],"curies":[{"name":"wp","href":"https:\/\/api.w.org\/{rel}","templated":true}]}}