{"id":1484,"date":"2024-11-21T16:59:17","date_gmt":"2024-11-21T15:59:17","guid":{"rendered":"https:\/\/www.pedagogie.ac-nice.fr\/casnav\/?p=1484"},"modified":"2025-04-23T22:19:40","modified_gmt":"2025-04-23T20:19:40","slug":"ateliers-deveil-aux-langues-et-ecritures-creatives","status":"publish","type":"post","link":"https:\/\/www.pedagogie.ac-nice.fr\/casnav\/ateliers-deveil-aux-langues-et-ecritures-creatives\/","title":{"rendered":"Ateliers d\u2019\u00e9veil aux langues et \u00e9critures cr\u00e9atives"},"content":{"rendered":"<p>[et_pb_section fb_built=\u00a0\u00bb1&Prime; _builder_version=\u00a0\u00bb4.27.2&Prime; _module_preset=\u00a0\u00bbdefault\u00a0\u00bb custom_padding=\u00a0\u00bb0px|||||\u00a0\u00bb global_colors_info=\u00a0\u00bb{}\u00a0\u00bb][et_pb_row _builder_version=\u00a0\u00bb4.27.2&Prime; _module_preset=\u00a0\u00bbdefault\u00a0\u00bb custom_padding=\u00a0\u00bb12px|||||\u00a0\u00bb global_colors_info=\u00a0\u00bb{}\u00a0\u00bb][et_pb_column type=\u00a0\u00bb4_4&Prime; _builder_version=\u00a0\u00bb4.27.2&Prime; _module_preset=\u00a0\u00bbdefault\u00a0\u00bb global_colors_info=\u00a0\u00bb{}\u00a0\u00bb][et_pb_text _builder_version=\u00a0\u00bb4.27.2&Prime; _module_preset=\u00a0\u00bbdefault\u00a0\u00bb global_colors_info=\u00a0\u00bb{}\u00a0\u00bb]<\/p>\n<p><span>Les \u00e9l\u00e8ves allophones du coll\u00e8ge Genevoix de Toulon se sont investis dans des ateliers d\u2019\u00e9veil aux langues et \u00e0 l\u2019\u00e9criture cr\u00e9ative aupr\u00e8s de leur professeure d\u2019UPE2A, Sandrine Cousin.<\/span><\/p>\n<p><span>En parlant d\u2019eux, de leur pays d\u2019origine, de leurs sentiments, les \u00e9l\u00e8ves mettent ainsi en lumi\u00e8re leurs richesses linguistiques et culturelles. <\/span><\/p>\n<p>Ce projet ambitieux a pu \u00eatre amorc\u00e9 \u00e0 l\u2019occasion de la formation aux approches cr\u00e9atives organis\u00e9e par le CASNAV de Nice et men\u00e9e par Karima Gouaich, ma\u00eetresses de conf\u00e9rence \u00e0 l\u2019Universit\u00e9 d\u2019Aix-Marseille.<\/p>\n<p>Nous remercions Sandrine Cousin pour le partage de son padlet d\u00e9di\u00e9 aux ateliers d\u2019\u00e9veil aux langues et \u00e0 l\u2019\u00e9criture cr\u00e9ative.<\/p>\n<p>[\/et_pb_text][\/et_pb_column][\/et_pb_row][et_pb_row _builder_version=\u00a0\u00bb4.27.2&Prime; _module_preset=\u00a0\u00bbdefault\u00a0\u00bb global_colors_info=\u00a0\u00bb{}\u00a0\u00bb][et_pb_column type=\u00a0\u00bb4_4&Prime; _builder_version=\u00a0\u00bb4.27.2&Prime; _module_preset=\u00a0\u00bbdefault\u00a0\u00bb global_colors_info=\u00a0\u00bb{}\u00a0\u00bb][et_pb_code _builder_version=\u00a0\u00bb4.27.2&Prime; _module_preset=\u00a0\u00bbdefault\u00a0\u00bb global_colors_info=\u00a0\u00bb{}\u00a0\u00bb]<\/p>\n<div class=\"padlet-embed\" style=\"border:1px solid rgba(0,0,0,0.1);border-radius:2px;box-sizing:border-box;overflow:hidden;position:relative;width:100%;background:#F4F4F4\"><pee style=\"padding:0;margin:0\"><iframe src=\"https:\/\/padlet.com\/embed\/epn6jiwccfmahd3t\" frameborder=\"0\" allow=\"camera;microphone;geolocation\" style=\"width:100%;height:608px;display:block;padding:0;margin:0\"><\/iframe><\/pee>\n<div style=\"display:flex;align-items:center;justify-content:end;margin:0;height:28px\"><a href=\"https:\/\/padlet.com?ref=embed\" style=\"display:block;flex-grow:0;margin:0;border:none;padding:0;text-decoration:none\" target=\"_blank\" rel=\"noopener\"><\/p>\n<div style=\"display:flex;align-items:center;\"><img loading=\"lazy\" decoding=\"async\" src=\"https:\/\/padlet.net\/embeds\/made_with_padlet_2022.png\" width=\"114\" height=\"28\" style=\"padding:0;margin:0;background:0 0;border:none;box-shadow:none\" alt=\"Fait avec Padlet\"><\/div>\n<p><\/a><\/div>\n<\/div>\n<p>[\/et_pb_code][\/et_pb_column][\/et_pb_row][\/et_pb_section]<\/p>\n","protected":false},"excerpt":{"rendered":"<p>au coll\u00e8ge Genevoix de Toulon <\/p>\n","protected":false},"author":483,"featured_media":2102,"comment_status":"closed","ping_status":"closed","sticky":false,"template":"","format":"standard","meta":{"_et_pb_use_builder":"on","_et_pb_old_content":"<p>Les \u00e9l\u00e8ves allophones du coll\u00e8ge Genevoix de Toulon se sont investis dans des ateliers d\u2019\u00e9veil aux langues et \u00e0 l\u2019\u00e9criture cr\u00e9ative aupr\u00e8s de leur professeure d\u2019UPE2A, Sandrine Cousin.<br \/>En parlant d\u2019eux, de leur pays d\u2019origine, de leurs sentiments, les \u00e9l\u00e8ves mettent ainsi en lumi\u00e8re leurs richesses linguistiques et culturelles. <br \/>Ce projet ambitieux a pu \u00eatre amorc\u00e9 \u00e0 l\u2019occasion de la formation aux approches cr\u00e9atives organis\u00e9e par le CASNAV de Nice et men\u00e9e par Karima Gouaich, ma\u00eetresses de conf\u00e9rence \u00e0 l\u2019Universit\u00e9 d\u2019Aix-Marseille.<br \/>Nous remercions Sandrine Cousin pour le partage de son padlet d\u00e9di\u00e9 aux ateliers d\u2019\u00e9veil aux langues et \u00e0 l\u2019\u00e9criture cr\u00e9ative <\/p>","_et_gb_content_width":"","footnotes":""},"categories":[41],"tags":[],"class_list":["post-1484","post","type-post","status-publish","format-standard","has-post-thumbnail","hentry","category-projets","et-has-post-format-content","et_post_format-et-post-format-standard"],"rttpg_featured_image_url":{"full":["https:\/\/www.pedagogie.ac-nice.fr\/casnav\/wp-content\/uploads\/sites\/67\/2024\/11\/Capture-decran-2025-04-23-a-22.17.07.png",730,688,false],"landscape":["https:\/\/www.pedagogie.ac-nice.fr\/casnav\/wp-content\/uploads\/sites\/67\/2024\/11\/Capture-decran-2025-04-23-a-22.17.07.png",730,688,false],"portraits":["https:\/\/www.pedagogie.ac-nice.fr\/casnav\/wp-content\/uploads\/sites\/67\/2024\/11\/Capture-decran-2025-04-23-a-22.17.07.png",730,688,false],"thumbnail":["https:\/\/www.pedagogie.ac-nice.fr\/casnav\/wp-content\/uploads\/sites\/67\/2024\/11\/Capture-decran-2025-04-23-a-22.17.07-150x150.png",150,150,true],"medium":["https:\/\/www.pedagogie.ac-nice.fr\/casnav\/wp-content\/uploads\/sites\/67\/2024\/11\/Capture-decran-2025-04-23-a-22.17.07-300x283.png",300,283,true],"large":["https:\/\/www.pedagogie.ac-nice.fr\/casnav\/wp-content\/uploads\/sites\/67\/2024\/11\/Capture-decran-2025-04-23-a-22.17.07.png",730,688,false],"1536x1536":["https:\/\/www.pedagogie.ac-nice.fr\/casnav\/wp-content\/uploads\/sites\/67\/2024\/11\/Capture-decran-2025-04-23-a-22.17.07.png",730,688,false],"2048x2048":["https:\/\/www.pedagogie.ac-nice.fr\/casnav\/wp-content\/uploads\/sites\/67\/2024\/11\/Capture-decran-2025-04-23-a-22.17.07.png",730,688,false],"et-builder-post-main-image":["https:\/\/www.pedagogie.ac-nice.fr\/casnav\/wp-content\/uploads\/sites\/67\/2024\/11\/Capture-decran-2025-04-23-a-22.17.07-400x250.png",400,250,true],"et-builder-post-main-image-fullwidth":["https:\/\/www.pedagogie.ac-nice.fr\/casnav\/wp-content\/uploads\/sites\/67\/2024\/11\/Capture-decran-2025-04-23-a-22.17.07-730x675.png",730,675,true],"et-builder-portfolio-image":["https:\/\/www.pedagogie.ac-nice.fr\/casnav\/wp-content\/uploads\/sites\/67\/2024\/11\/Capture-decran-2025-04-23-a-22.17.07-400x284.png",400,284,true],"et-builder-portfolio-image-single":["https:\/\/www.pedagogie.ac-nice.fr\/casnav\/wp-content\/uploads\/sites\/67\/2024\/11\/Capture-decran-2025-04-23-a-22.17.07.png",730,688,false],"et-builder-gallery-image-portrait":["https:\/\/www.pedagogie.ac-nice.fr\/casnav\/wp-content\/uploads\/sites\/67\/2024\/11\/Capture-decran-2025-04-23-a-22.17.07-400x516.png",400,516,true],"extra-image-huge":["https:\/\/www.pedagogie.ac-nice.fr\/casnav\/wp-content\/uploads\/sites\/67\/2024\/11\/Capture-decran-2025-04-23-a-22.17.07.png",730,688,false],"extra-image-single-post":["https:\/\/www.pedagogie.ac-nice.fr\/casnav\/wp-content\/uploads\/sites\/67\/2024\/11\/Capture-decran-2025-04-23-a-22.17.07-730x640.png",730,640,true],"extra-image-medium":["https:\/\/www.pedagogie.ac-nice.fr\/casnav\/wp-content\/uploads\/sites\/67\/2024\/11\/Capture-decran-2025-04-23-a-22.17.07-627x376.png",627,376,true],"extra-image-small":["https:\/\/www.pedagogie.ac-nice.fr\/casnav\/wp-content\/uploads\/sites\/67\/2024\/11\/Capture-decran-2025-04-23-a-22.17.07-440x264.png",440,264,true],"extra-image-square-medium":["https:\/\/www.pedagogie.ac-nice.fr\/casnav\/wp-content\/uploads\/sites\/67\/2024\/11\/Capture-decran-2025-04-23-a-22.17.07-440x440.png",440,440,true],"extra-image-square-small":["https:\/\/www.pedagogie.ac-nice.fr\/casnav\/wp-content\/uploads\/sites\/67\/2024\/11\/Capture-decran-2025-04-23-a-22.17.07-150x150.png",150,150,true],"advps-thumb-one":["https:\/\/www.pedagogie.ac-nice.fr\/casnav\/wp-content\/uploads\/sites\/67\/2024\/11\/Capture-decran-2025-04-23-a-22.17.07-600x220.png",600,220,true]},"rttpg_author":{"display_name":"Admin_CASNAV","author_link":"https:\/\/www.pedagogie.ac-nice.fr\/casnav\/author\/oceane\/"},"rttpg_comment":0,"rttpg_category":"<a href=\"https:\/\/www.pedagogie.ac-nice.fr\/casnav\/category\/projets\/\" rel=\"category tag\">projets<\/a>","rttpg_excerpt":"au coll\u00e8ge Genevoix de Toulon","post_mailing_queue_ids":[],"_links":{"self":[{"href":"https:\/\/www.pedagogie.ac-nice.fr\/casnav\/wp-json\/wp\/v2\/posts\/1484","targetHints":{"allow":["GET"]}}],"collection":[{"href":"https:\/\/www.pedagogie.ac-nice.fr\/casnav\/wp-json\/wp\/v2\/posts"}],"about":[{"href":"https:\/\/www.pedagogie.ac-nice.fr\/casnav\/wp-json\/wp\/v2\/types\/post"}],"author":[{"embeddable":true,"href":"https:\/\/www.pedagogie.ac-nice.fr\/casnav\/wp-json\/wp\/v2\/users\/483"}],"replies":[{"embeddable":true,"href":"https:\/\/www.pedagogie.ac-nice.fr\/casnav\/wp-json\/wp\/v2\/comments?post=1484"}],"version-history":[{"count":15,"href":"https:\/\/www.pedagogie.ac-nice.fr\/casnav\/wp-json\/wp\/v2\/posts\/1484\/revisions"}],"predecessor-version":[{"id":2103,"href":"https:\/\/www.pedagogie.ac-nice.fr\/casnav\/wp-json\/wp\/v2\/posts\/1484\/revisions\/2103"}],"wp:featuredmedia":[{"embeddable":true,"href":"https:\/\/www.pedagogie.ac-nice.fr\/casnav\/wp-json\/wp\/v2\/media\/2102"}],"wp:attachment":[{"href":"https:\/\/www.pedagogie.ac-nice.fr\/casnav\/wp-json\/wp\/v2\/media?parent=1484"}],"wp:term":[{"taxonomy":"category","embeddable":true,"href":"https:\/\/www.pedagogie.ac-nice.fr\/casnav\/wp-json\/wp\/v2\/categories?post=1484"},{"taxonomy":"post_tag","embeddable":true,"href":"https:\/\/www.pedagogie.ac-nice.fr\/casnav\/wp-json\/wp\/v2\/tags?post=1484"}],"curies":[{"name":"wp","href":"https:\/\/api.w.org\/{rel}","templated":true}]}}