{"id":1654,"date":"2025-03-27T17:59:04","date_gmt":"2025-03-27T16:59:04","guid":{"rendered":"https:\/\/www.pedagogie.ac-nice.fr\/casnav\/?p=1654"},"modified":"2025-06-18T17:22:30","modified_gmt":"2025-06-18T15:22:30","slug":"semaine-des-langues","status":"publish","type":"post","link":"https:\/\/www.pedagogie.ac-nice.fr\/casnav\/semaine-des-langues\/","title":{"rendered":"Semaine des langues 2025"},"content":{"rendered":"<p>[et_pb_section fb_built=\u00a0\u00bb1&Prime; admin_label=\u00a0\u00bbsection\u00a0\u00bb _builder_version=\u00a0\u00bb4.16&Prime; global_colors_info=\u00a0\u00bb{}\u00a0\u00bb][et_pb_row admin_label=\u00a0\u00bbrow\u00a0\u00bb _builder_version=\u00a0\u00bb4.16&Prime; background_size=\u00a0\u00bbinitial\u00a0\u00bb background_position=\u00a0\u00bbtop_left\u00a0\u00bb background_repeat=\u00a0\u00bbrepeat\u00a0\u00bb global_colors_info=\u00a0\u00bb{}\u00a0\u00bb custom_padding=\u00a0\u00bb0px|||||\u00a0\u00bb custom_margin=\u00a0\u00bb-88px|auto||auto||\u00a0\u00bb][et_pb_column type=\u00a0\u00bb4_4&Prime; _builder_version=\u00a0\u00bb4.16&Prime; custom_padding=\u00a0\u00bb|||\u00a0\u00bb global_colors_info=\u00a0\u00bb{}\u00a0\u00bb custom_padding__hover=\u00a0\u00bb|||\u00a0\u00bb][et_pb_text admin_label=\u00a0\u00bbText\u00a0\u00bb _builder_version=\u00a0\u00bb4.16&Prime; background_size=\u00a0\u00bbinitial\u00a0\u00bb background_position=\u00a0\u00bbtop_left\u00a0\u00bb background_repeat=\u00a0\u00bbrepeat\u00a0\u00bb global_colors_info=\u00a0\u00bb{}\u00a0\u00bb]<\/p>\n<div id=\"meta-origin\" data-coolorigin=\"https%3A%2F%2Fedition.apps.education.fr%2Fcool%2Fclipboard%3FWOPISrc%3Dhttps%253A%252F%252Fnuage05.apps.education.fr%252Findex.php%252Fapps%252Frichdocuments%252Fwopi%252Ffiles%252F112316653_ocl7j6nshfxc%26ServerId%3D48c54471%26ViewId%3D4%26Tag%3D33d49a2d45f25842\">\n<p style=\"text-align: justify;\">Le 21 mars 2025, le Coll\u00e8ge Villeneuve de Fr\u00e9jus a accueilli une c\u00e9r\u00e9monie \u00e9mouvante dans le cadre de la 10<sup>\u00e8me<\/sup> \u00e9dition de la Semaine des Langues\u00a0: la remise des prix du concours inter-langues de l\u2019acad\u00e9mie.<\/p>\n<p style=\"text-align: justify;\">Cet \u00e9v\u00e9nement, qui c\u00e9l\u00e8bre la diversit\u00e9 linguistique au sein des \u00e9tablissements scolaires, avait pour th\u00e8me cette ann\u00e9e\u00a0: des langues pour cr\u00e9er, innover, s\u2019engager. Cette th\u00e9matique invite \u00e0 c\u00e9l\u00e9brer les langues de mani\u00e8re ludique, et \u00e0 mobiliser les \u00e9quipes p\u00e9dagogiques et les \u00e9l\u00e8ves \u00e0 travers des projets d\u2019envergure. La dimension linguistique (lire, \u00e9crire, parler) de cet \u00e9v\u00e8nement est renforc\u00e9e pour soutenir la progression de tous les \u00e9l\u00e8ves dans la ma\u00eetrise des langues.<\/p>\n<p style=\"text-align: justify;\">C\u2019est aussi l\u2019occasion pour les \u00e9l\u00e8ves allophones de mettre en valeur leur plurilinguisme et de collaborer avec leurs camarades.<\/p>\n<p style=\"text-align: justify;\">Nous f\u00e9licitions tout particuli\u00e8rement les nombreux \u00e9l\u00e8ves b\u00e9n\u00e9ficiaires du dispositif UPE2A qui ont activement particip\u00e9 \u00e0 la semaine des langues, ainsi que leurs enseignants et l\u2019ensemble des \u00e9quipes p\u00e9dagogiques.<\/p>\n<p>Leur cr\u00e9ativit\u00e9 et leur passion ont \u00e9t\u00e9 salu\u00e9es par le jury, compos\u00e9 d\u2019enseignants et de sp\u00e9cialistes de la langue.<\/p>\n<div id=\"attachment_1655\" style=\"width: 277px\" class=\"wp-caption alignleft\"><img loading=\"lazy\" decoding=\"async\" aria-describedby=\"caption-attachment-1655\" class=\"wp-image-1655\" src=\"http:\/\/www.pedagogie.ac-nice.fr\/casnav\/wp-content\/uploads\/sites\/67\/2025\/03\/clg-dufy-semaine-des-langues-scaled-e1743095175593-1024x925.jpg\" alt=\"\" width=\"267\" height=\"241\" srcset=\"https:\/\/www.pedagogie.ac-nice.fr\/casnav\/wp-content\/uploads\/sites\/67\/2025\/03\/clg-dufy-semaine-des-langues-scaled-e1743095175593-1024x925.jpg 1024w, https:\/\/www.pedagogie.ac-nice.fr\/casnav\/wp-content\/uploads\/sites\/67\/2025\/03\/clg-dufy-semaine-des-langues-scaled-e1743095175593-300x271.jpg 300w, https:\/\/www.pedagogie.ac-nice.fr\/casnav\/wp-content\/uploads\/sites\/67\/2025\/03\/clg-dufy-semaine-des-langues-scaled-e1743095175593-768x694.jpg 768w, https:\/\/www.pedagogie.ac-nice.fr\/casnav\/wp-content\/uploads\/sites\/67\/2025\/03\/clg-dufy-semaine-des-langues-scaled-e1743095175593-1536x1387.jpg 1536w, https:\/\/www.pedagogie.ac-nice.fr\/casnav\/wp-content\/uploads\/sites\/67\/2025\/03\/clg-dufy-semaine-des-langues-scaled-e1743095175593-1080x975.jpg 1080w, https:\/\/www.pedagogie.ac-nice.fr\/casnav\/wp-content\/uploads\/sites\/67\/2025\/03\/clg-dufy-semaine-des-langues-scaled-e1743095175593.jpg 1847w\" sizes=\"(max-width: 267px) 100vw, 267px\" \/><p id=\"caption-attachment-1655\" class=\"wp-caption-text\">Photo (professeure d\u2019UPE2A Mme Dantez, Professeure d\u2019Espagnol Mme Hebrard)<\/p><\/div>\n<p><strong>Cat\u00e9gorie \u00ab inter-cycles \u00bb<\/strong> : Les \u00e9l\u00e8ves (et les enseignants) des UPE2A du Parc Imp\u00e9rial (06), en collaboration avec l\u2019\u00e9cole Saint Barth\u00e9l\u00e9my (3<sup>\u00e8me<\/sup> prix), <strong>Cat\u00e9gorie \u00ab coll\u00e8ge \u00bb :<\/strong><\/p>\n<ul>\n<li>Coll\u00e8ge La Marquisanne (83) (2\u00e8me prix et prix de l\u2019innovation)<\/li>\n<li>Coll\u00e8ge Risso (06) (1<sup>er<\/sup> prix et prix coup de coeur).<\/li>\n<li>Coll\u00e8ge Raoul Dufy (06) 1<sup>er<\/sup> prix avec un magnifique livre de recettes virtuel multilingue et multiculturel.<\/li>\n<\/ul>\n<\/div>\n<p>Lien vers la page acad\u00e9mique de l&rsquo;\u00e9v\u00e9nement: <a href=\"https:\/\/www.ac-nice.fr\/la-semaine-des-langues-vivantes\">https:\/\/www.ac-nice.fr\/la-semaine-des-langues-vivantes<\/a><\/p>\n<div id=\"meta-origin\" data-coolorigin=\"https%3A%2F%2Fedition.apps.education.fr%2Fcool%2Fclipboard%3FWOPISrc%3Dhttps%253A%252F%252Fnuage05.apps.education.fr%252Findex.php%252Fapps%252Frichdocuments%252Fwopi%252Ffiles%252F112316653_ocl7j6nshfxc%26ServerId%3D48c54471%26ViewId%3D4%26Tag%3D33d49a2d45f25842\">Cliquer sur l&rsquo;image ci-dessous pour visualiser le DIGIPAD de la semaine des langues<\/div>\n<div data-coolorigin=\"https%3A%2F%2Fedition.apps.education.fr%2Fcool%2Fclipboard%3FWOPISrc%3Dhttps%253A%252F%252Fnuage05.apps.education.fr%252Findex.php%252Fapps%252Frichdocuments%252Fwopi%252Ffiles%252F112316653_ocl7j6nshfxc%26ServerId%3D48c54471%26ViewId%3D4%26Tag%3D33d49a2d45f25842\"><\/div>\n<div data-coolorigin=\"https%3A%2F%2Fedition.apps.education.fr%2Fcool%2Fclipboard%3FWOPISrc%3Dhttps%253A%252F%252Fnuage05.apps.education.fr%252Findex.php%252Fapps%252Frichdocuments%252Fwopi%252Ffiles%252F112316653_ocl7j6nshfxc%26ServerId%3D48c54471%26ViewId%3D4%26Tag%3D33d49a2d45f25842\"><a href=\"https:\/\/digipad.app\/p\/1120548\/7f6cd71f8ffb5\"><img loading=\"lazy\" decoding=\"async\" class=\"alignnone size-large wp-image-2167\" src=\"http:\/\/www.pedagogie.ac-nice.fr\/casnav\/wp-content\/uploads\/sites\/67\/2025\/03\/digipad-dufy-1024x539.png\" alt=\"\" width=\"1024\" height=\"539\" srcset=\"https:\/\/www.pedagogie.ac-nice.fr\/casnav\/wp-content\/uploads\/sites\/67\/2025\/03\/digipad-dufy-1024x539.png 1024w, https:\/\/www.pedagogie.ac-nice.fr\/casnav\/wp-content\/uploads\/sites\/67\/2025\/03\/digipad-dufy-300x158.png 300w, https:\/\/www.pedagogie.ac-nice.fr\/casnav\/wp-content\/uploads\/sites\/67\/2025\/03\/digipad-dufy-768x404.png 768w, https:\/\/www.pedagogie.ac-nice.fr\/casnav\/wp-content\/uploads\/sites\/67\/2025\/03\/digipad-dufy.png 1060w\" sizes=\"(max-width: 1024px) 100vw, 1024px\" \/><\/a><\/div>\n<p>[\/et_pb_text][\/et_pb_column][\/et_pb_row][\/et_pb_section]<\/p>\n","protected":false},"excerpt":{"rendered":"<p>Une occasion de briller pour les \u00e9l\u00e8ves allophones !<\/p>\n","protected":false},"author":457,"featured_media":1655,"comment_status":"closed","ping_status":"closed","sticky":false,"template":"","format":"standard","meta":{"_et_pb_use_builder":"on","_et_pb_old_content":"<div id=\"meta-origin\" data-coolorigin=\"https%3A%2F%2Fedition.apps.education.fr%2Fcool%2Fclipboard%3FWOPISrc%3Dhttps%253A%252F%252Fnuage05.apps.education.fr%252Findex.php%252Fapps%252Frichdocuments%252Fwopi%252Ffiles%252F112316653_ocl7j6nshfxc%26ServerId%3D48c54471%26ViewId%3D4%26Tag%3D33d49a2d45f25842\">\r\n<p style=\"text-align: justify;\">Le 21 mars 2025, le Coll\u00e8ge Villeneuve de Fr\u00e9jus a accueilli une c\u00e9r\u00e9monie \u00e9mouvante dans le cadre de la 10<sup>\u00e8me<\/sup> \u00e9dition de la Semaine des Langues\u00a0: la remise des prix du concours inter-langues de l\u2019acad\u00e9mie.<\/p>\r\n<p style=\"text-align: justify;\">Cet \u00e9v\u00e9nement, qui c\u00e9l\u00e8bre la diversit\u00e9 linguistique au sein des \u00e9tablissements scolaires, avait pour th\u00e8me cette ann\u00e9e\u00a0: des langues pour cr\u00e9er, innover, s\u2019engager. Cette th\u00e9matique invite \u00e0 c\u00e9l\u00e9brer les langues de mani\u00e8re ludique, et \u00e0 mobiliser les \u00e9quipes p\u00e9dagogiques et les \u00e9l\u00e8ves \u00e0 travers des projets d\u2019envergure. La dimension linguistique (lire, \u00e9crire, parler) de cet \u00e9v\u00e8nement est renforc\u00e9e pour soutenir la progression de tous les \u00e9l\u00e8ves dans la ma\u00eetrise des langues.<\/p>\r\n<p style=\"text-align: justify;\">C\u2019est aussi l\u2019occasion pour les \u00e9l\u00e8ves allophones de mettre en valeur leur plurilinguisme et de collaborer avec leurs camarades.<\/p>\r\n<p style=\"text-align: justify;\">Nous f\u00e9licitions tout particuli\u00e8rement les nombreux \u00e9l\u00e8ves b\u00e9n\u00e9ficiaires du dispositif UPE2A qui ont activement particip\u00e9 \u00e0 la semaine des langues, ainsi que leurs enseignants et l\u2019ensemble des \u00e9quipes p\u00e9dagogiques.<\/p>\r\nLeur cr\u00e9ativit\u00e9 et leur passion ont \u00e9t\u00e9 salu\u00e9es par le jury, compos\u00e9 d\u2019enseignants et de sp\u00e9cialistes de la langue.\r\n\r\n[caption id=\"attachment_1655\" align=\"alignleft\" width=\"267\"]<img class=\"wp-image-1655\" src=\"http:\/\/www.pedagogie.ac-nice.fr\/casnav\/wp-content\/uploads\/sites\/67\/2025\/03\/clg-dufy-semaine-des-langues-scaled-e1743095175593-1024x925.jpg\" alt=\"\" width=\"267\" height=\"241\" \/> Photo (professeure d\u2019UPE2A Mme Dantez, Professeure d\u2019Espagnol Mme Hebrard)[\/caption]\r\n\r\n<strong>Cat\u00e9gorie \u00ab inter-cycles \u00bb<\/strong> : Les \u00e9l\u00e8ves (et les enseignants) des UPE2A du Parc Imp\u00e9rial (06), en collaboration avec l\u2019\u00e9cole Saint Barth\u00e9l\u00e9my (3<sup>\u00e8me<\/sup> prix), <strong>Cat\u00e9gorie \u00ab coll\u00e8ge \u00bb :<\/strong>\r\n<ul>\r\n \t<li>Coll\u00e8ge La Marquisanne (83) (2\u00e8me prix et prix de l\u2019innovation)<\/li>\r\n \t<li>Coll\u00e8ge Risso (06) (1<sup>er<\/sup> prix et prix coup de coeur).<\/li>\r\n \t<li>Coll\u00e8ge Raoul Dufy (06) 1<sup>er<\/sup> prix avec un magnifique livre de recettes virtuel multilingue et multiculturel.<\/li>\r\n<\/ul>\r\n<\/div>\r\nLien vers la page acad\u00e9mique de l'\u00e9v\u00e9nement: <a href=\"https:\/\/www.ac-nice.fr\/la-semaine-des-langues-vivantes\">https:\/\/www.ac-nice.fr\/la-semaine-des-langues-vivantes<\/a>\r\n<div id=\"meta-origin\" data-coolorigin=\"https%3A%2F%2Fedition.apps.education.fr%2Fcool%2Fclipboard%3FWOPISrc%3Dhttps%253A%252F%252Fnuage05.apps.education.fr%252Findex.php%252Fapps%252Frichdocuments%252Fwopi%252Ffiles%252F112316653_ocl7j6nshfxc%26ServerId%3D48c54471%26ViewId%3D4%26Tag%3D33d49a2d45f25842\">Cliquer sur l'image ci-dessous pour visualiser le DIGIPAD de la semaine des langues<\/div>\r\n<div data-coolorigin=\"https%3A%2F%2Fedition.apps.education.fr%2Fcool%2Fclipboard%3FWOPISrc%3Dhttps%253A%252F%252Fnuage05.apps.education.fr%252Findex.php%252Fapps%252Frichdocuments%252Fwopi%252Ffiles%252F112316653_ocl7j6nshfxc%26ServerId%3D48c54471%26ViewId%3D4%26Tag%3D33d49a2d45f25842\"><\/div>\r\n<div data-coolorigin=\"https%3A%2F%2Fedition.apps.education.fr%2Fcool%2Fclipboard%3FWOPISrc%3Dhttps%253A%252F%252Fnuage05.apps.education.fr%252Findex.php%252Fapps%252Frichdocuments%252Fwopi%252Ffiles%252F112316653_ocl7j6nshfxc%26ServerId%3D48c54471%26ViewId%3D4%26Tag%3D33d49a2d45f25842\"><a href=\"https:\/\/digipad.app\/p\/1120548\/7f6cd71f8ffb5\"><img class=\"alignnone size-large wp-image-2167\" src=\"http:\/\/www.pedagogie.ac-nice.fr\/casnav\/wp-content\/uploads\/sites\/67\/2025\/03\/digipad-dufy-1024x539.png\" alt=\"\" width=\"1024\" height=\"539\" \/><\/a><\/div>","_et_gb_content_width":"","footnotes":""},"categories":[41],"tags":[53],"class_list":["post-1654","post","type-post","status-publish","format-standard","has-post-thumbnail","hentry","category-projets","tag-semaine-des-langues","et-has-post-format-content","et_post_format-et-post-format-standard"],"rttpg_featured_image_url":{"full":["https:\/\/www.pedagogie.ac-nice.fr\/casnav\/wp-content\/uploads\/sites\/67\/2025\/03\/clg-dufy-semaine-des-langues-scaled-e1743095175593.jpg",1847,1668,false],"landscape":["https:\/\/www.pedagogie.ac-nice.fr\/casnav\/wp-content\/uploads\/sites\/67\/2025\/03\/clg-dufy-semaine-des-langues-scaled-e1743095175593.jpg",1847,1668,false],"portraits":["https:\/\/www.pedagogie.ac-nice.fr\/casnav\/wp-content\/uploads\/sites\/67\/2025\/03\/clg-dufy-semaine-des-langues-scaled-e1743095175593.jpg",1847,1668,false],"thumbnail":["https:\/\/www.pedagogie.ac-nice.fr\/casnav\/wp-content\/uploads\/sites\/67\/2025\/03\/clg-dufy-semaine-des-langues-scaled-e1743095175593-150x150.jpg",150,150,true],"medium":["https:\/\/www.pedagogie.ac-nice.fr\/casnav\/wp-content\/uploads\/sites\/67\/2025\/03\/clg-dufy-semaine-des-langues-scaled-e1743095175593-300x271.jpg",300,271,true],"large":["https:\/\/www.pedagogie.ac-nice.fr\/casnav\/wp-content\/uploads\/sites\/67\/2025\/03\/clg-dufy-semaine-des-langues-scaled-e1743095175593-1024x925.jpg",1024,925,true],"1536x1536":["https:\/\/www.pedagogie.ac-nice.fr\/casnav\/wp-content\/uploads\/sites\/67\/2025\/03\/clg-dufy-semaine-des-langues-scaled-e1743095175593-1536x1387.jpg",1536,1387,true],"2048x2048":["https:\/\/www.pedagogie.ac-nice.fr\/casnav\/wp-content\/uploads\/sites\/67\/2025\/03\/clg-dufy-semaine-des-langues-2048x1536.jpg",2048,1536,true],"et-builder-post-main-image":["https:\/\/www.pedagogie.ac-nice.fr\/casnav\/wp-content\/uploads\/sites\/67\/2025\/03\/clg-dufy-semaine-des-langues-scaled-e1743095175593-400x250.jpg",400,250,true],"et-builder-post-main-image-fullwidth":["https:\/\/www.pedagogie.ac-nice.fr\/casnav\/wp-content\/uploads\/sites\/67\/2025\/03\/clg-dufy-semaine-des-langues-scaled-e1743095175593-1080x675.jpg",1080,675,true],"et-builder-portfolio-image":["https:\/\/www.pedagogie.ac-nice.fr\/casnav\/wp-content\/uploads\/sites\/67\/2025\/03\/clg-dufy-semaine-des-langues-scaled-e1743095175593-400x284.jpg",400,284,true],"et-builder-portfolio-image-single":["https:\/\/www.pedagogie.ac-nice.fr\/casnav\/wp-content\/uploads\/sites\/67\/2025\/03\/clg-dufy-semaine-des-langues-scaled-e1743095175593-1080x975.jpg",1080,975,true],"et-builder-gallery-image-portrait":["https:\/\/www.pedagogie.ac-nice.fr\/casnav\/wp-content\/uploads\/sites\/67\/2025\/03\/clg-dufy-semaine-des-langues-scaled-e1743095175593-400x516.jpg",400,516,true],"extra-image-huge":["https:\/\/www.pedagogie.ac-nice.fr\/casnav\/wp-content\/uploads\/sites\/67\/2025\/03\/clg-dufy-semaine-des-langues-scaled-e1743095175593-1280x768.jpg",1280,768,true],"extra-image-single-post":["https:\/\/www.pedagogie.ac-nice.fr\/casnav\/wp-content\/uploads\/sites\/67\/2025\/03\/clg-dufy-semaine-des-langues-scaled-e1743095175593-1280x640.jpg",1280,640,true],"extra-image-medium":["https:\/\/www.pedagogie.ac-nice.fr\/casnav\/wp-content\/uploads\/sites\/67\/2025\/03\/clg-dufy-semaine-des-langues-scaled-e1743095175593-627x376.jpg",627,376,true],"extra-image-small":["https:\/\/www.pedagogie.ac-nice.fr\/casnav\/wp-content\/uploads\/sites\/67\/2025\/03\/clg-dufy-semaine-des-langues-scaled-e1743095175593-440x264.jpg",440,264,true],"extra-image-square-medium":["https:\/\/www.pedagogie.ac-nice.fr\/casnav\/wp-content\/uploads\/sites\/67\/2025\/03\/clg-dufy-semaine-des-langues-scaled-e1743095175593-440x440.jpg",440,440,true],"extra-image-square-small":["https:\/\/www.pedagogie.ac-nice.fr\/casnav\/wp-content\/uploads\/sites\/67\/2025\/03\/clg-dufy-semaine-des-langues-scaled-e1743095175593-150x150.jpg",150,150,true],"advps-thumb-one":["https:\/\/www.pedagogie.ac-nice.fr\/casnav\/wp-content\/uploads\/sites\/67\/2025\/03\/clg-dufy-semaine-des-langues-scaled-e1743095175593-600x220.jpg",600,220,true]},"rttpg_author":{"display_name":"casnav","author_link":"https:\/\/www.pedagogie.ac-nice.fr\/casnav\/author\/casnav\/"},"rttpg_comment":0,"rttpg_category":"<a href=\"https:\/\/www.pedagogie.ac-nice.fr\/casnav\/category\/projets\/\" rel=\"category tag\">projets<\/a>","rttpg_excerpt":"Une occasion de briller pour les \u00e9l\u00e8ves allophones !","post_mailing_queue_ids":[],"_links":{"self":[{"href":"https:\/\/www.pedagogie.ac-nice.fr\/casnav\/wp-json\/wp\/v2\/posts\/1654","targetHints":{"allow":["GET"]}}],"collection":[{"href":"https:\/\/www.pedagogie.ac-nice.fr\/casnav\/wp-json\/wp\/v2\/posts"}],"about":[{"href":"https:\/\/www.pedagogie.ac-nice.fr\/casnav\/wp-json\/wp\/v2\/types\/post"}],"author":[{"embeddable":true,"href":"https:\/\/www.pedagogie.ac-nice.fr\/casnav\/wp-json\/wp\/v2\/users\/457"}],"replies":[{"embeddable":true,"href":"https:\/\/www.pedagogie.ac-nice.fr\/casnav\/wp-json\/wp\/v2\/comments?post=1654"}],"version-history":[{"count":14,"href":"https:\/\/www.pedagogie.ac-nice.fr\/casnav\/wp-json\/wp\/v2\/posts\/1654\/revisions"}],"predecessor-version":[{"id":2203,"href":"https:\/\/www.pedagogie.ac-nice.fr\/casnav\/wp-json\/wp\/v2\/posts\/1654\/revisions\/2203"}],"wp:featuredmedia":[{"embeddable":true,"href":"https:\/\/www.pedagogie.ac-nice.fr\/casnav\/wp-json\/wp\/v2\/media\/1655"}],"wp:attachment":[{"href":"https:\/\/www.pedagogie.ac-nice.fr\/casnav\/wp-json\/wp\/v2\/media?parent=1654"}],"wp:term":[{"taxonomy":"category","embeddable":true,"href":"https:\/\/www.pedagogie.ac-nice.fr\/casnav\/wp-json\/wp\/v2\/categories?post=1654"},{"taxonomy":"post_tag","embeddable":true,"href":"https:\/\/www.pedagogie.ac-nice.fr\/casnav\/wp-json\/wp\/v2\/tags?post=1654"}],"curies":[{"name":"wp","href":"https:\/\/api.w.org\/{rel}","templated":true}]}}