{"id":1696,"date":"2025-03-28T09:58:27","date_gmt":"2025-03-28T08:58:27","guid":{"rendered":"https:\/\/www.pedagogie.ac-nice.fr\/casnav\/?p=1696"},"modified":"2025-04-24T15:27:35","modified_gmt":"2025-04-24T13:27:35","slug":"les-eleves-allophones-du-lycee-carnot-sessaient-a-la-critique-litteraire-2-0","status":"publish","type":"post","link":"https:\/\/www.pedagogie.ac-nice.fr\/casnav\/les-eleves-allophones-du-lycee-carnot-sessaient-a-la-critique-litteraire-2-0\/","title":{"rendered":"Les \u00e9l\u00e8ves allophones du lyc\u00e9e Carnot s\u2019essaient \u00e0 la critique litt\u00e9raire 2.0"},"content":{"rendered":"<p>[et_pb_section fb_built=\u00a0\u00bb1&Prime; _builder_version=\u00a0\u00bb4.27.4&Prime; _module_preset=\u00a0\u00bbdefault\u00a0\u00bb custom_padding=\u00a0\u00bb0px|||||\u00a0\u00bb global_colors_info=\u00a0\u00bb{}\u00a0\u00bb][et_pb_row _builder_version=\u00a0\u00bb4.27.4&Prime; _module_preset=\u00a0\u00bbdefault\u00a0\u00bb custom_padding=\u00a0\u00bb0px|||||\u00a0\u00bb global_colors_info=\u00a0\u00bb{}\u00a0\u00bb][et_pb_column type=\u00a0\u00bb4_4&Prime; _builder_version=\u00a0\u00bb4.27.4&Prime; _module_preset=\u00a0\u00bbdefault\u00a0\u00bb global_colors_info=\u00a0\u00bb{}\u00a0\u00bb][et_pb_text _builder_version=\u00a0\u00bb4.27.4&Prime; _module_preset=\u00a0\u00bbdefault\u00a0\u00bb text_font_size=\u00a0\u00bb16px\u00a0\u00bb global_colors_info=\u00a0\u00bb{}\u00a0\u00bb]<\/p>\n<p>Comment motiver les \u00e9l\u00e8ves pour acc\u00e9der \u00e0 la litt\u00e9rature fran\u00e7aise tout en s\u2019appuyant sur leur app\u00e9tence pour le num\u00e9rique\u00a0?<\/p>\n<p>Leila Roubi, professeure en UPE2A au Lyc\u00e9e Carnot de Cannes, a propos\u00e9 \u00e0 ses \u00e9l\u00e8ves la cr\u00e9ation de \u00ab\u00a0Booktubes\u00a0\u00bb.<\/p>\n<p>Ici la vid\u00e9o d\u2019Isabella sur les Trois Mousquetaires\u00a0:<\/p>\n<p>[\/et_pb_text][\/et_pb_column][\/et_pb_row][et_pb_row _builder_version=\u00a0\u00bb4.27.4&Prime; _module_preset=\u00a0\u00bbdefault\u00a0\u00bb][et_pb_column _builder_version=\u00a0\u00bb4.27.4&Prime; _module_preset=\u00a0\u00bbdefault\u00a0\u00bb type=\u00a0\u00bb4_4&Prime;][et_pb_code _builder_version=\u00a0\u00bb4.27.4&Prime; _module_preset=\u00a0\u00bbdefault\u00a0\u00bb hover_enabled=\u00a0\u00bb0&Prime; sticky_enabled=\u00a0\u00bb0&Prime;]<iframe loading=\"lazy\" src=\"https:\/\/podeduc.apps.education.fr\/video\/89994-booktube-3-mousquetaires-upe2a-leila-rouibimp4\/?is_iframe=true\" width=\"640\" height=\"360\" style=\"padding: 0; margin: 0; border:0\" allowfullscreen title=\"BOOKTUBE 3 MOUSQUETAIRES UPE2A LEILA ROUIBI.mp4\" ><\/iframe>[\/et_pb_code][\/et_pb_column][\/et_pb_row][\/et_pb_section]<\/p>\n","protected":false},"excerpt":{"rendered":"<p>Comment motiver les \u00e9l\u00e8ves pour acc\u00e9der \u00e0 la litt\u00e9rature fran\u00e7aise tout en s\u2019appuyant sur leur app\u00e9tence pour le num\u00e9rique\u00a0?<\/p>\n","protected":false},"author":457,"featured_media":2072,"comment_status":"closed","ping_status":"closed","sticky":false,"template":"","format":"standard","meta":{"_et_pb_use_builder":"on","_et_pb_old_content":"<div id=\"meta-origin\" data-coolorigin=\"https%3A%2F%2Fedition.apps.education.fr%2Fcool%2Fclipboard%3FWOPISrc%3Dhttps%253A%252F%252Fnuage05.apps.education.fr%252Findex.php%252Fapps%252Frichdocuments%252Fwopi%252Ffiles%252F112396300_ocl7j6nshfxc%26ServerId%3D97218f1b%26ViewId%3D4%26Tag%3Dc3586c9420f375a0\"><p><span style=\"font-family: georgia, palatino, serif; font-size: 12pt;\"><b>Les \u00e9l\u00e8ves allophones du lyc\u00e9e Carnot s\u2019essaient \u00e0 la critique litt\u00e9raire 2.0<\/b><\/span><\/p><p><span style=\"font-family: georgia, palatino, serif; font-size: 12pt;\">Comment motiver les \u00e9l\u00e8ves pour acc\u00e9der \u00e0 la litt\u00e9rature fran\u00e7aise tout en s\u2019appuyant sur leur app\u00e9tence pour le num\u00e9rique\u00a0?<\/span><\/p><p><span style=\"font-family: georgia, palatino, serif; font-size: 12pt;\">Leila Roubi, professeure en UPE2A au Lyc\u00e9e Carnot de Cannes, a propos\u00e9 \u00e0 ses \u00e9l\u00e8ves la cr\u00e9ation de \u00ab\u00a0Booktubes\u00a0\u00bb.<\/span><\/p><p><span style=\"font-family: georgia, palatino, serif; font-size: 12pt;\">Ici la vid\u00e9o d\u2019Isabella sur les Trois Mousquetaires\u00a0:<\/span><\/p><p><span style=\"font-family: georgia, palatino, serif; font-size: 12pt;\">Ins\u00e9rer vid\u00e9o<\/span><\/p><p>\u00a0<\/p><p><span style=\"font-family: georgia, palatino, serif; font-size: 12pt;\">Pour en savoir plus sur cette pratique\u00a0: lien vers l\u2019article d\u00e9di\u00e9 dans la cat\u00e9gorie enseigner.<\/span><\/p><p>\u00a0<\/p><\/div>","_et_gb_content_width":"","footnotes":""},"categories":[41],"tags":[],"class_list":["post-1696","post","type-post","status-publish","format-standard","has-post-thumbnail","hentry","category-projets","et-has-post-format-content","et_post_format-et-post-format-standard"],"rttpg_featured_image_url":{"full":["https:\/\/www.pedagogie.ac-nice.fr\/casnav\/wp-content\/uploads\/sites\/67\/2025\/03\/img-book.png",524,340,false],"landscape":["https:\/\/www.pedagogie.ac-nice.fr\/casnav\/wp-content\/uploads\/sites\/67\/2025\/03\/img-book.png",524,340,false],"portraits":["https:\/\/www.pedagogie.ac-nice.fr\/casnav\/wp-content\/uploads\/sites\/67\/2025\/03\/img-book.png",524,340,false],"thumbnail":["https:\/\/www.pedagogie.ac-nice.fr\/casnav\/wp-content\/uploads\/sites\/67\/2025\/03\/img-book-150x150.png",150,150,true],"medium":["https:\/\/www.pedagogie.ac-nice.fr\/casnav\/wp-content\/uploads\/sites\/67\/2025\/03\/img-book-300x195.png",300,195,true],"large":["https:\/\/www.pedagogie.ac-nice.fr\/casnav\/wp-content\/uploads\/sites\/67\/2025\/03\/img-book.png",524,340,false],"1536x1536":["https:\/\/www.pedagogie.ac-nice.fr\/casnav\/wp-content\/uploads\/sites\/67\/2025\/03\/img-book.png",524,340,false],"2048x2048":["https:\/\/www.pedagogie.ac-nice.fr\/casnav\/wp-content\/uploads\/sites\/67\/2025\/03\/img-book.png",524,340,false],"et-builder-post-main-image":["https:\/\/www.pedagogie.ac-nice.fr\/casnav\/wp-content\/uploads\/sites\/67\/2025\/03\/img-book-400x250.png",400,250,true],"et-builder-post-main-image-fullwidth":["https:\/\/www.pedagogie.ac-nice.fr\/casnav\/wp-content\/uploads\/sites\/67\/2025\/03\/img-book.png",524,340,false],"et-builder-portfolio-image":["https:\/\/www.pedagogie.ac-nice.fr\/casnav\/wp-content\/uploads\/sites\/67\/2025\/03\/img-book-400x284.png",400,284,true],"et-builder-portfolio-image-single":["https:\/\/www.pedagogie.ac-nice.fr\/casnav\/wp-content\/uploads\/sites\/67\/2025\/03\/img-book.png",524,340,false],"et-builder-gallery-image-portrait":["https:\/\/www.pedagogie.ac-nice.fr\/casnav\/wp-content\/uploads\/sites\/67\/2025\/03\/img-book-400x340.png",400,340,true],"extra-image-huge":["https:\/\/www.pedagogie.ac-nice.fr\/casnav\/wp-content\/uploads\/sites\/67\/2025\/03\/img-book.png",524,340,false],"extra-image-single-post":["https:\/\/www.pedagogie.ac-nice.fr\/casnav\/wp-content\/uploads\/sites\/67\/2025\/03\/img-book.png",524,340,false],"extra-image-medium":["https:\/\/www.pedagogie.ac-nice.fr\/casnav\/wp-content\/uploads\/sites\/67\/2025\/03\/img-book.png",524,340,false],"extra-image-small":["https:\/\/www.pedagogie.ac-nice.fr\/casnav\/wp-content\/uploads\/sites\/67\/2025\/03\/img-book-440x264.png",440,264,true],"extra-image-square-medium":["https:\/\/www.pedagogie.ac-nice.fr\/casnav\/wp-content\/uploads\/sites\/67\/2025\/03\/img-book-440x340.png",440,340,true],"extra-image-square-small":["https:\/\/www.pedagogie.ac-nice.fr\/casnav\/wp-content\/uploads\/sites\/67\/2025\/03\/img-book-150x150.png",150,150,true],"advps-thumb-one":["https:\/\/www.pedagogie.ac-nice.fr\/casnav\/wp-content\/uploads\/sites\/67\/2025\/03\/img-book-524x220.png",524,220,true]},"rttpg_author":{"display_name":"casnav","author_link":"https:\/\/www.pedagogie.ac-nice.fr\/casnav\/author\/casnav\/"},"rttpg_comment":0,"rttpg_category":"<a href=\"https:\/\/www.pedagogie.ac-nice.fr\/casnav\/category\/projets\/\" rel=\"category tag\">projets<\/a>","rttpg_excerpt":"Comment motiver les \u00e9l\u00e8ves pour acc\u00e9der \u00e0 la litt\u00e9rature fran\u00e7aise tout en s\u2019appuyant sur leur app\u00e9tence pour le num\u00e9rique\u00a0?","post_mailing_queue_ids":[],"_links":{"self":[{"href":"https:\/\/www.pedagogie.ac-nice.fr\/casnav\/wp-json\/wp\/v2\/posts\/1696","targetHints":{"allow":["GET"]}}],"collection":[{"href":"https:\/\/www.pedagogie.ac-nice.fr\/casnav\/wp-json\/wp\/v2\/posts"}],"about":[{"href":"https:\/\/www.pedagogie.ac-nice.fr\/casnav\/wp-json\/wp\/v2\/types\/post"}],"author":[{"embeddable":true,"href":"https:\/\/www.pedagogie.ac-nice.fr\/casnav\/wp-json\/wp\/v2\/users\/457"}],"replies":[{"embeddable":true,"href":"https:\/\/www.pedagogie.ac-nice.fr\/casnav\/wp-json\/wp\/v2\/comments?post=1696"}],"version-history":[{"count":7,"href":"https:\/\/www.pedagogie.ac-nice.fr\/casnav\/wp-json\/wp\/v2\/posts\/1696\/revisions"}],"predecessor-version":[{"id":2113,"href":"https:\/\/www.pedagogie.ac-nice.fr\/casnav\/wp-json\/wp\/v2\/posts\/1696\/revisions\/2113"}],"wp:featuredmedia":[{"embeddable":true,"href":"https:\/\/www.pedagogie.ac-nice.fr\/casnav\/wp-json\/wp\/v2\/media\/2072"}],"wp:attachment":[{"href":"https:\/\/www.pedagogie.ac-nice.fr\/casnav\/wp-json\/wp\/v2\/media?parent=1696"}],"wp:term":[{"taxonomy":"category","embeddable":true,"href":"https:\/\/www.pedagogie.ac-nice.fr\/casnav\/wp-json\/wp\/v2\/categories?post=1696"},{"taxonomy":"post_tag","embeddable":true,"href":"https:\/\/www.pedagogie.ac-nice.fr\/casnav\/wp-json\/wp\/v2\/tags?post=1696"}],"curies":[{"name":"wp","href":"https:\/\/api.w.org\/{rel}","templated":true}]}}