{"id":1701,"date":"2025-03-28T10:11:02","date_gmt":"2025-03-28T09:11:02","guid":{"rendered":"https:\/\/www.pedagogie.ac-nice.fr\/casnav\/?p=1701"},"modified":"2025-06-18T16:23:54","modified_gmt":"2025-06-18T14:23:54","slug":"document-daide-a-levaluation-des-eana","status":"publish","type":"post","link":"https:\/\/www.pedagogie.ac-nice.fr\/casnav\/document-daide-a-levaluation-des-eana\/","title":{"rendered":"Document d&rsquo;aide \u00e0 l&rsquo;\u00e9valuation des EANA"},"content":{"rendered":"<p>[et_pb_section fb_built=\u00a0\u00bb1&Prime; _builder_version=\u00a0\u00bb4.16&Prime; global_colors_info=\u00a0\u00bb{}\u00a0\u00bb][et_pb_row _builder_version=\u00a0\u00bb4.16&Prime; background_size=\u00a0\u00bbinitial\u00a0\u00bb background_position=\u00a0\u00bbtop_left\u00a0\u00bb background_repeat=\u00a0\u00bbrepeat\u00a0\u00bb global_colors_info=\u00a0\u00bb{}\u00a0\u00bb][et_pb_column type=\u00a0\u00bb4_4&Prime; _builder_version=\u00a0\u00bb4.16&Prime; custom_padding=\u00a0\u00bb|||\u00a0\u00bb global_colors_info=\u00a0\u00bb{}\u00a0\u00bb custom_padding__hover=\u00a0\u00bb|||\u00a0\u00bb][et_pb_text _builder_version=\u00a0\u00bb4.27.4&Prime; background_size=\u00a0\u00bbinitial\u00a0\u00bb background_position=\u00a0\u00bbtop_left\u00a0\u00bb background_repeat=\u00a0\u00bbrepeat\u00a0\u00bb global_colors_info=\u00a0\u00bb{}\u00a0\u00bb]<\/p>\n<div id=\"meta-origin\" data-coolorigin=\"https%3A%2F%2Fedition.apps.education.fr%2Fcool%2Fclipboard%3FWOPISrc%3Dhttps%253A%252F%252Fnuage05.apps.education.fr%252Findex.php%252Fapps%252Frichdocuments%252Fwopi%252Ffiles%252F112492785_ocl7j6nshfxc%26ServerId%3D9949991b%26ViewId%3D4%26Tag%3Dccb51cbf7c64a5f9\">\n<p><span style=\"color: #000000; font-family: georgia, palatino, serif; font-size: 12pt;\">Issu d\u2019Eduscol et du groupe de travail national \u00ab Fran\u00e7ais Langue de Scolarisation \u00bb, ce document d\u2019aide est un outil pr\u00e9cieux.<\/span><\/p>\n<p><span style=\"font-family: georgia, palatino, serif; font-size: 12pt;\"><span style=\"color: #000000;\">Constitu\u00e9 de deux parties distinctes <\/span><span style=\"color: #000000;\"><b>(outil \u00ab professeur \u00bb \/ outil \u00ab \u00e9l\u00e8ve \u00bb), i<\/b><\/span><span style=\"color: #000000;\">l est destin\u00e9 \u00e0 permettre l\u2019\u00e9valuation des \u00e9l\u00e8ves allophones au cours de leur formation, en faisant appara\u00eetre la progression des acquis. Il n\u2019a pas vocation \u00e0 remplacer le livret <\/span><\/span><span style=\"color: #000000; font-family: georgia, palatino, serif; font-size: 12pt;\">personnel de comp\u00e9tences. C\u2019est un document interm\u00e9diaire qui s\u2019appuie sur trois r\u00e9f\u00e9rentiels\u00a0: le socle commun, le cadre europ\u00e9en commun de r\u00e9f\u00e9rence pour les langues et les grilles de r\u00e9f\u00e9rences pour l\u2019\u00e9valuation et la validation des comp\u00e9tences du socle commun.<\/span><\/p>\n<h1><span style=\"color: #000000; font-family: georgia, palatino, serif; font-size: 14pt;\"><b>L\u2019outil \u00ab professeur \u00bb<\/b><\/span><\/h1>\n<p><span style=\"color: #000000; font-family: georgia, palatino, serif; font-size: 12pt;\">Les fiches sont destin\u00e9es \u00e0 aider les professeurs \u00e0 accueillir les \u00e9l\u00e8ves dans de bonnes conditions en leur fournissant des pistes p\u00e9dagogiques et des aides \u00e0 l\u2019\u00e9valuation<\/span><\/p>\n<h1><span style=\"color: #000000; font-family: georgia, palatino, serif; font-size: 14pt;\"><b>L\u2019outil \u00ab \u00e9l\u00e8ve \u00bb<\/b><\/span><\/h1>\n<p><span style=\"color: #000000; font-family: georgia, palatino, serif; font-size: 12pt;\">Ces fiches sont destin\u00e9es \u00e0 \u00e9valuer la progression de l\u2019\u00e9l\u00e8ve.<\/span><\/p>\n<a href=\"https:\/\/www.pedagogie.ac-nice.fr\/casnav\/wp-content\/uploads\/sites\/67\/2025\/03\/Document_evaluation_121009_c_228902_356123.pdf\" class=\"pdfemb-viewer\" style=\"\" data-width=\"max\" data-height=\"max\" data-toolbar=\"bottom\" data-toolbar-fixed=\"off\">Document_evaluation_121009_c_228902_356123<\/a>\n<\/div>\n<p>[\/et_pb_text][\/et_pb_column][\/et_pb_row][\/et_pb_section]<\/p>\n","protected":false},"excerpt":{"rendered":"<p>Des exemples d&rsquo;activit\u00e9s d&rsquo;\u00e9valuation et une grille finale associant les comp\u00e9tences du CECRL et du Socle commun<\/p>\n","protected":false},"author":457,"featured_media":1702,"comment_status":"closed","ping_status":"closed","sticky":false,"template":"","format":"standard","meta":{"_et_pb_use_builder":"on","_et_pb_old_content":"<div id=\"meta-origin\" data-coolorigin=\"https%3A%2F%2Fedition.apps.education.fr%2Fcool%2Fclipboard%3FWOPISrc%3Dhttps%253A%252F%252Fnuage05.apps.education.fr%252Findex.php%252Fapps%252Frichdocuments%252Fwopi%252Ffiles%252F112492785_ocl7j6nshfxc%26ServerId%3D9949991b%26ViewId%3D4%26Tag%3Dccb51cbf7c64a5f9\"><p><span style=\"color: #000000; font-family: georgia, palatino, serif; font-size: 12pt;\">Issu d\u2019Eduscol et du groupe de travail national \u00ab Fran\u00e7ais Langue de Scolarisation \u00bb, ce document d\u2019aide est un outil pr\u00e9cieux.<\/span><\/p><p><span style=\"font-family: georgia, palatino, serif; font-size: 12pt;\"><span style=\"color: #000000;\">Constitu\u00e9 de deux parties distinctes <\/span><span style=\"color: #000000;\"><b>(outil \u00ab professeur \u00bb \/ outil \u00ab \u00e9l\u00e8ve \u00bb), i<\/b><\/span><span style=\"color: #000000;\">l est destin\u00e9 \u00e0 permettre l\u2019\u00e9valuation des \u00e9l\u00e8ves allophones au cours de leur formation, en faisant appara\u00eetre la progression des acquis. Il n\u2019a pas vocation \u00e0 remplacer le livret <\/span><\/span><span style=\"color: #000000; font-family: georgia, palatino, serif; font-size: 12pt;\">personnel de comp\u00e9tences. C\u2019est un document interm\u00e9diaire qui s\u2019appuie sur trois r\u00e9f\u00e9rentiels\u00a0: le socle commun, le cadre europ\u00e9en commun de r\u00e9f\u00e9rence pour les langues et les grilles de r\u00e9f\u00e9rences pour l\u2019\u00e9valuation et la validation des comp\u00e9tences du socle commun.<\/span><\/p><h1><span style=\"color: #000000; font-family: georgia, palatino, serif; font-size: 14pt;\"><b>L\u2019outil \u00ab professeur \u00bb<\/b><\/span><\/h1><p><span style=\"color: #000000; font-family: georgia, palatino, serif; font-size: 12pt;\">Les fiches sont destin\u00e9es \u00e0 aider les professeurs \u00e0 accueillir les \u00e9l\u00e8ves dans de bonnes conditions en leur fournissant des pistes p\u00e9dagogiques et des aides \u00e0 l\u2019\u00e9valuation<\/span><\/p><h1><span style=\"color: #000000; font-family: georgia, palatino, serif; font-size: 14pt;\"><b>L\u2019outil \u00ab \u00e9l\u00e8ve \u00bb<\/b><\/span><\/h1><p><span style=\"color: #000000; font-family: georgia, palatino, serif; font-size: 12pt;\">Ces fiches sont destin\u00e9es \u00e0 \u00e9valuer la progression de l\u2019\u00e9l\u00e8ve.<\/span><\/p><p>[pdf-embedder url=\"http:\/\/www.pedagogie.ac-nice.fr\/casnav\/wp-content\/uploads\/sites\/67\/2025\/03\/Document_evaluation_121009_c_228902_356123.pdf\"]<\/p><\/div>","_et_gb_content_width":"","footnotes":""},"categories":[38,36,37],"tags":[],"class_list":["post-1701","post","type-post","status-publish","format-standard","has-post-thumbnail","hentry","category-college","category-inclure1d","category-inclure2d-enseigner","et-has-post-format-content","et_post_format-et-post-format-standard"],"rttpg_featured_image_url":{"full":["https:\/\/www.pedagogie.ac-nice.fr\/casnav\/wp-content\/uploads\/sites\/67\/2025\/03\/Capture-decran-2025-03-28-100733.png",705,493,false],"landscape":["https:\/\/www.pedagogie.ac-nice.fr\/casnav\/wp-content\/uploads\/sites\/67\/2025\/03\/Capture-decran-2025-03-28-100733.png",705,493,false],"portraits":["https:\/\/www.pedagogie.ac-nice.fr\/casnav\/wp-content\/uploads\/sites\/67\/2025\/03\/Capture-decran-2025-03-28-100733.png",705,493,false],"thumbnail":["https:\/\/www.pedagogie.ac-nice.fr\/casnav\/wp-content\/uploads\/sites\/67\/2025\/03\/Capture-decran-2025-03-28-100733-150x150.png",150,150,true],"medium":["https:\/\/www.pedagogie.ac-nice.fr\/casnav\/wp-content\/uploads\/sites\/67\/2025\/03\/Capture-decran-2025-03-28-100733-300x210.png",300,210,true],"large":["https:\/\/www.pedagogie.ac-nice.fr\/casnav\/wp-content\/uploads\/sites\/67\/2025\/03\/Capture-decran-2025-03-28-100733.png",705,493,false],"1536x1536":["https:\/\/www.pedagogie.ac-nice.fr\/casnav\/wp-content\/uploads\/sites\/67\/2025\/03\/Capture-decran-2025-03-28-100733.png",705,493,false],"2048x2048":["https:\/\/www.pedagogie.ac-nice.fr\/casnav\/wp-content\/uploads\/sites\/67\/2025\/03\/Capture-decran-2025-03-28-100733.png",705,493,false],"et-builder-post-main-image":["https:\/\/www.pedagogie.ac-nice.fr\/casnav\/wp-content\/uploads\/sites\/67\/2025\/03\/Capture-decran-2025-03-28-100733-400x250.png",400,250,true],"et-builder-post-main-image-fullwidth":["https:\/\/www.pedagogie.ac-nice.fr\/casnav\/wp-content\/uploads\/sites\/67\/2025\/03\/Capture-decran-2025-03-28-100733.png",705,493,false],"et-builder-portfolio-image":["https:\/\/www.pedagogie.ac-nice.fr\/casnav\/wp-content\/uploads\/sites\/67\/2025\/03\/Capture-decran-2025-03-28-100733-400x284.png",400,284,true],"et-builder-portfolio-image-single":["https:\/\/www.pedagogie.ac-nice.fr\/casnav\/wp-content\/uploads\/sites\/67\/2025\/03\/Capture-decran-2025-03-28-100733.png",705,493,false],"et-builder-gallery-image-portrait":["https:\/\/www.pedagogie.ac-nice.fr\/casnav\/wp-content\/uploads\/sites\/67\/2025\/03\/Capture-decran-2025-03-28-100733-400x493.png",400,493,true],"extra-image-huge":["https:\/\/www.pedagogie.ac-nice.fr\/casnav\/wp-content\/uploads\/sites\/67\/2025\/03\/Capture-decran-2025-03-28-100733.png",705,493,false],"extra-image-single-post":["https:\/\/www.pedagogie.ac-nice.fr\/casnav\/wp-content\/uploads\/sites\/67\/2025\/03\/Capture-decran-2025-03-28-100733.png",705,493,false],"extra-image-medium":["https:\/\/www.pedagogie.ac-nice.fr\/casnav\/wp-content\/uploads\/sites\/67\/2025\/03\/Capture-decran-2025-03-28-100733-627x376.png",627,376,true],"extra-image-small":["https:\/\/www.pedagogie.ac-nice.fr\/casnav\/wp-content\/uploads\/sites\/67\/2025\/03\/Capture-decran-2025-03-28-100733-440x264.png",440,264,true],"extra-image-square-medium":["https:\/\/www.pedagogie.ac-nice.fr\/casnav\/wp-content\/uploads\/sites\/67\/2025\/03\/Capture-decran-2025-03-28-100733-440x440.png",440,440,true],"extra-image-square-small":["https:\/\/www.pedagogie.ac-nice.fr\/casnav\/wp-content\/uploads\/sites\/67\/2025\/03\/Capture-decran-2025-03-28-100733-150x150.png",150,150,true],"advps-thumb-one":["https:\/\/www.pedagogie.ac-nice.fr\/casnav\/wp-content\/uploads\/sites\/67\/2025\/03\/Capture-decran-2025-03-28-100733-600x220.png",600,220,true]},"rttpg_author":{"display_name":"casnav","author_link":"https:\/\/www.pedagogie.ac-nice.fr\/casnav\/author\/casnav\/"},"rttpg_comment":0,"rttpg_category":"<a href=\"https:\/\/www.pedagogie.ac-nice.fr\/casnav\/category\/college\/\" rel=\"category tag\">Coll\u00e8ge<\/a> <a href=\"https:\/\/www.pedagogie.ac-nice.fr\/casnav\/category\/enseigner\/enseigner-1d\/inclure1d\/\" rel=\"category tag\">Inclure dans le 1er degr\u00e9<\/a> <a href=\"https:\/\/www.pedagogie.ac-nice.fr\/casnav\/category\/enseigner\/inclure2d-enseigner\/\" rel=\"category tag\">Inclure dans le 2nd degr\u00e9<\/a>","rttpg_excerpt":"Des exemples d'activit\u00e9s d'\u00e9valuation et une grille finale associant les comp\u00e9tences du CECRL et du Socle commun","post_mailing_queue_ids":[],"_links":{"self":[{"href":"https:\/\/www.pedagogie.ac-nice.fr\/casnav\/wp-json\/wp\/v2\/posts\/1701","targetHints":{"allow":["GET"]}}],"collection":[{"href":"https:\/\/www.pedagogie.ac-nice.fr\/casnav\/wp-json\/wp\/v2\/posts"}],"about":[{"href":"https:\/\/www.pedagogie.ac-nice.fr\/casnav\/wp-json\/wp\/v2\/types\/post"}],"author":[{"embeddable":true,"href":"https:\/\/www.pedagogie.ac-nice.fr\/casnav\/wp-json\/wp\/v2\/users\/457"}],"replies":[{"embeddable":true,"href":"https:\/\/www.pedagogie.ac-nice.fr\/casnav\/wp-json\/wp\/v2\/comments?post=1701"}],"version-history":[{"count":9,"href":"https:\/\/www.pedagogie.ac-nice.fr\/casnav\/wp-json\/wp\/v2\/posts\/1701\/revisions"}],"predecessor-version":[{"id":1916,"href":"https:\/\/www.pedagogie.ac-nice.fr\/casnav\/wp-json\/wp\/v2\/posts\/1701\/revisions\/1916"}],"wp:featuredmedia":[{"embeddable":true,"href":"https:\/\/www.pedagogie.ac-nice.fr\/casnav\/wp-json\/wp\/v2\/media\/1702"}],"wp:attachment":[{"href":"https:\/\/www.pedagogie.ac-nice.fr\/casnav\/wp-json\/wp\/v2\/media?parent=1701"}],"wp:term":[{"taxonomy":"category","embeddable":true,"href":"https:\/\/www.pedagogie.ac-nice.fr\/casnav\/wp-json\/wp\/v2\/categories?post=1701"},{"taxonomy":"post_tag","embeddable":true,"href":"https:\/\/www.pedagogie.ac-nice.fr\/casnav\/wp-json\/wp\/v2\/tags?post=1701"}],"curies":[{"name":"wp","href":"https:\/\/api.w.org\/{rel}","templated":true}]}}